{"id":46392,"date":"2013-07-19T06:33:42","date_gmt":"2013-07-19T10:33:42","guid":{"rendered":"https:\/\/bobvarela.com\/?p=46392"},"modified":"2013-07-19T06:33:42","modified_gmt":"2013-07-19T10:33:42","slug":"bboli-coleccin-primaveraverano-2014-en-el-080-barcelona-fashion","status":"publish","type":"post","link":"https:\/\/bobvarela.com\/?p=46392","title":{"rendered":"B&oacute;boli Colecci&oacute;n Primavera\/Verano 2014 en el 080 Barcelona Fashion"},"content":{"rendered":"<p align=\"justify\"><font size=\"3\">En el verano 2014 de B\u00f3boli todo es una aut\u00e9ntica explosi\u00f3n de color. Para las ni\u00f1as, las prendas se presentan con gris oscuro como fondo, combinado con rojos, verdes, amarillos, colores agua y rosas en forma de rayas y topos para conseguir un aire roquero. Las prendas de abrigo primaverales son tambi\u00e9n muy ricas en decoraci\u00f3n y muy combinadas.<\/font><\/p>\n<p align=\"justify\"><font size=\"3\"><a href=\"https:\/\/bobvarela.com\/wp-content\/uploads\/2013\/07\/Boboli_034.jpg\"><img loading=\"lazy\" decoding=\"async\" style=\"background-image: none; border-bottom: 0px; border-left: 0px; margin: 0px; padding-left: 0px; padding-right: 0px; display: inline; border-top: 0px; border-right: 0px; padding-top: 0px\" title=\"Boboli_034\" border=\"0\" alt=\"Boboli_034\" src=\"https:\/\/bobvarela.com\/wp-content\/uploads\/2013\/07\/Boboli_034_thumb.jpg\" width=\"124\" height=\"184\" \/><\/a><a href=\"https:\/\/bobvarela.com\/wp-content\/uploads\/2013\/07\/Boboli_026.jpg\"><img loading=\"lazy\" decoding=\"async\" style=\"background-image: none; border-bottom: 0px; border-left: 0px; margin: 0px; padding-left: 0px; padding-right: 0px; display: inline; border-top: 0px; border-right: 0px; padding-top: 0px\" title=\"Boboli_026\" border=\"0\" alt=\"Boboli_026\" src=\"https:\/\/bobvarela.com\/wp-content\/uploads\/2013\/07\/Boboli_026_thumb.jpg\" width=\"124\" height=\"184\" \/><\/a><a href=\"https:\/\/bobvarela.com\/wp-content\/uploads\/2013\/07\/Boboli_011.jpg\"><img loading=\"lazy\" decoding=\"async\" style=\"background-image: none; border-bottom: 0px; border-left: 0px; margin: 0px; padding-left: 0px; padding-right: 0px; display: inline; border-top: 0px; border-right: 0px; padding-top: 0px\" title=\"Boboli_011\" border=\"0\" alt=\"Boboli_011\" src=\"https:\/\/bobvarela.com\/wp-content\/uploads\/2013\/07\/Boboli_011_thumb.jpg\" width=\"124\" height=\"184\" \/><\/a><a href=\"https:\/\/bobvarela.com\/wp-content\/uploads\/2013\/07\/Boboli_006.jpg\"><img loading=\"lazy\" decoding=\"async\" style=\"background-image: none; border-bottom: 0px; border-left: 0px; margin: 0px; padding-left: 0px; padding-right: 0px; display: inline; border-top: 0px; border-right: 0px; padding-top: 0px\" title=\"Boboli_006\" border=\"0\" alt=\"Boboli_006\" src=\"https:\/\/bobvarela.com\/wp-content\/uploads\/2013\/07\/Boboli_006_thumb.jpg\" width=\"124\" height=\"184\" \/><\/a><a href=\"https:\/\/bobvarela.com\/wp-content\/uploads\/2013\/07\/Boboli_002.jpg\"><img loading=\"lazy\" decoding=\"async\" style=\"background-image: none; border-bottom: 0px; border-left: 0px; padding-left: 0px; padding-right: 0px; display: inline; border-top: 0px; border-right: 0px; padding-top: 0px\" title=\"Boboli_002\" border=\"0\" alt=\"Boboli_002\" src=\"https:\/\/bobvarela.com\/wp-content\/uploads\/2013\/07\/Boboli_002_thumb.jpg\" width=\"124\" height=\"184\" \/><\/a><\/font><\/p>\n<p align=\"justify\"><font size=\"3\">Para los ni\u00f1os, los colores son tambi\u00e9n alegres y muy sofisticados con toques de jade y amarillo para hacerlos m\u00e1s actuales.<\/font><\/p>\n\n<p>Fotos cortesia de 080 Barcelona fashion<\/p>\n","protected":false},"excerpt":{"rendered":"<p>En el verano 2014 de B\u00f3boli todo es una aut\u00e9ntica explosi\u00f3n de color. Para las ni\u00f1as, las prendas se presentan con gris oscuro como fondo, combinado con rojos, verdes, amarillos, colores agua y rosas en forma de rayas y topos&hellip;<\/p>\n<p class=\"more-link-p\"><a class=\"more-link\" href=\"https:\/\/bobvarela.com\/?p=46392\">Read more &rarr;<\/a><\/p>\n","protected":false},"author":1,"featured_media":0,"comment_status":"open","ping_status":"open","sticky":false,"template":"","format":"standard","meta":{"ngg_post_thumbnail":0,"footnotes":""},"categories":[478,4],"tags":[],"class_list":["post-46392","post","type-post","status-publish","format-standard","hentry","category-080-barcelona","category-moda"],"_links":{"self":[{"href":"https:\/\/bobvarela.com\/index.php?rest_route=\/wp\/v2\/posts\/46392","targetHints":{"allow":["GET"]}}],"collection":[{"href":"https:\/\/bobvarela.com\/index.php?rest_route=\/wp\/v2\/posts"}],"about":[{"href":"https:\/\/bobvarela.com\/index.php?rest_route=\/wp\/v2\/types\/post"}],"author":[{"embeddable":true,"href":"https:\/\/bobvarela.com\/index.php?rest_route=\/wp\/v2\/users\/1"}],"replies":[{"embeddable":true,"href":"https:\/\/bobvarela.com\/index.php?rest_route=%2Fwp%2Fv2%2Fcomments&post=46392"}],"version-history":[{"count":0,"href":"https:\/\/bobvarela.com\/index.php?rest_route=\/wp\/v2\/posts\/46392\/revisions"}],"wp:attachment":[{"href":"https:\/\/bobvarela.com\/index.php?rest_route=%2Fwp%2Fv2%2Fmedia&parent=46392"}],"wp:term":[{"taxonomy":"category","embeddable":true,"href":"https:\/\/bobvarela.com\/index.php?rest_route=%2Fwp%2Fv2%2Fcategories&post=46392"},{"taxonomy":"post_tag","embeddable":true,"href":"https:\/\/bobvarela.com\/index.php?rest_route=%2Fwp%2Fv2%2Ftags&post=46392"}],"curies":[{"name":"wp","href":"https:\/\/api.w.org\/{rel}","templated":true}]}}