{"id":46403,"date":"2013-07-19T18:34:19","date_gmt":"2013-07-19T22:34:19","guid":{"rendered":"https:\/\/bobvarela.com\/?p=46403"},"modified":"2013-07-19T18:34:19","modified_gmt":"2013-07-19T22:34:19","slug":"cndor-coleccin-primaveraverano-2014-en-el-080-barcelona-fashion","status":"publish","type":"post","link":"https:\/\/bobvarela.com\/?p=46403","title":{"rendered":"C&oacute;ndor Colecci&oacute;n Primavera\/Verano 2014 en el 080 Barcelona Fashion"},"content":{"rendered":"<p align=\"justify\"><font size=\"3\">La colecci\u00f3n de C\u00f3ndor para la Primavera\/Verano 2014 est\u00e1 inspirada en la costa mediterr\u00e1nea y en todo lo que la envuelve: la brisa marina, las pinedas, las dunas, las nubes, las calitas de la playa, los estampados marineros y liberty, que recuerdan las flores silvestres que crecen libremente, como el romero, el tomillo, la lavanda, la madreselva y a su olor caracter\u00edstico.<\/font><\/p>\n<p align=\"justify\"><a href=\"https:\/\/bobvarela.com\/wp-content\/uploads\/2013\/07\/Condor_027.jpg\"><img loading=\"lazy\" decoding=\"async\" style=\"background-image: none; border-right-width: 0px; padding-left: 0px; padding-right: 0px; display: inline; border-top-width: 0px; border-bottom-width: 0px; border-left-width: 0px; padding-top: 0px\" title=\"Condor_027\" border=\"0\" alt=\"Condor_027\" src=\"https:\/\/bobvarela.com\/wp-content\/uploads\/2013\/07\/Condor_027_thumb.jpg\" width=\"124\" height=\"184\" \/><\/a><a href=\"https:\/\/bobvarela.com\/wp-content\/uploads\/2013\/07\/Condor_038.jpg\"><img loading=\"lazy\" decoding=\"async\" style=\"background-image: none; border-bottom: 0px; border-left: 0px; margin: 0px; padding-left: 0px; padding-right: 0px; display: inline; border-top: 0px; border-right: 0px; padding-top: 0px\" title=\"Condor_038\" border=\"0\" alt=\"Condor_038\" src=\"https:\/\/bobvarela.com\/wp-content\/uploads\/2013\/07\/Condor_038_thumb.jpg\" width=\"124\" height=\"184\" \/><\/a><a href=\"https:\/\/bobvarela.com\/wp-content\/uploads\/2013\/07\/Condor_031.jpg\"><img loading=\"lazy\" decoding=\"async\" style=\"background-image: none; border-bottom: 0px; border-left: 0px; margin: 0px; padding-left: 0px; padding-right: 0px; display: inline; border-top: 0px; border-right: 0px; padding-top: 0px\" title=\"Condor_031\" border=\"0\" alt=\"Condor_031\" src=\"https:\/\/bobvarela.com\/wp-content\/uploads\/2013\/07\/Condor_031_thumb.jpg\" width=\"124\" height=\"184\" \/><\/a><a href=\"https:\/\/bobvarela.com\/wp-content\/uploads\/2013\/07\/Condor_013.jpg\"><img loading=\"lazy\" decoding=\"async\" style=\"background-image: none; border-bottom: 0px; border-left: 0px; padding-left: 0px; padding-right: 0px; display: inline; border-top: 0px; border-right: 0px; padding-top: 0px\" title=\"Condor_013\" border=\"0\" alt=\"Condor_013\" src=\"https:\/\/bobvarela.com\/wp-content\/uploads\/2013\/07\/Condor_013_thumb.jpg\" width=\"124\" height=\"184\" \/><\/a><a href=\"https:\/\/bobvarela.com\/wp-content\/uploads\/2013\/07\/Condor_018.jpg\"><img loading=\"lazy\" decoding=\"async\" style=\"background-image: none; border-right-width: 0px; padding-left: 0px; padding-right: 0px; display: inline; border-top-width: 0px; border-bottom-width: 0px; border-left-width: 0px; padding-top: 0px\" title=\"Condor_018\" border=\"0\" alt=\"Condor_018\" src=\"https:\/\/bobvarela.com\/wp-content\/uploads\/2013\/07\/Condor_018_thumb.jpg\" width=\"124\" height=\"184\" \/><\/a><\/p>\n<p align=\"justify\"><font size=\"3\">Predominio de colores frescos: blancos puros, rosas, fucsias, colores crema, anaranjados, rojos intensos y azules marineros. En definitiva, colores claros y luminosos, pero dulces a la vez.<\/font><\/p>\n<p align=\"justify\"><font size=\"3\">Tejidos y voiles de algod\u00f3n, viscosas, popelines, tambi\u00e9n lino y lycras, que permiten formas simples, austeras, elegantes y frescas, con un toque rom\u00e1ntico.<\/font><\/p>\n<p align=\"justify\"><font size=\"3\">En esta colecci\u00f3n, contamos con la colaboraci\u00f3n especial de \u201cLittleLia by Beth\u201d con complementos realizados a mano.<\/font><\/p>\n<p align=\"justify\"><font size=\"3\">Colecci\u00f3n con notas mediterr\u00e1neas, toques rom\u00e1nticos y una brisa de aire fresco, que llega a trav\u00e9s de una paleta de colores vibrantes y llenos de luz.<\/font><\/p>\n<p align=\"justify\"><font size=\"3\">Colecci\u00f3n dise\u00f1ada y fabricada en Barcelona<\/font><\/p>\n<p align=\"justify\"><\/p>\n","protected":false},"excerpt":{"rendered":"<p>La colecci\u00f3n de C\u00f3ndor para la Primavera\/Verano 2014 est\u00e1 inspirada en la costa mediterr\u00e1nea y en todo lo que la envuelve: la brisa marina, las pinedas, las dunas, las nubes, las calitas de la playa, los estampados marineros y liberty,&hellip;<\/p>\n<p class=\"more-link-p\"><a class=\"more-link\" href=\"https:\/\/bobvarela.com\/?p=46403\">Read more &rarr;<\/a><\/p>\n","protected":false},"author":1,"featured_media":0,"comment_status":"open","ping_status":"open","sticky":false,"template":"","format":"standard","meta":{"ngg_post_thumbnail":0,"footnotes":""},"categories":[478,4],"tags":[],"class_list":["post-46403","post","type-post","status-publish","format-standard","hentry","category-080-barcelona","category-moda"],"_links":{"self":[{"href":"https:\/\/bobvarela.com\/index.php?rest_route=\/wp\/v2\/posts\/46403","targetHints":{"allow":["GET"]}}],"collection":[{"href":"https:\/\/bobvarela.com\/index.php?rest_route=\/wp\/v2\/posts"}],"about":[{"href":"https:\/\/bobvarela.com\/index.php?rest_route=\/wp\/v2\/types\/post"}],"author":[{"embeddable":true,"href":"https:\/\/bobvarela.com\/index.php?rest_route=\/wp\/v2\/users\/1"}],"replies":[{"embeddable":true,"href":"https:\/\/bobvarela.com\/index.php?rest_route=%2Fwp%2Fv2%2Fcomments&post=46403"}],"version-history":[{"count":0,"href":"https:\/\/bobvarela.com\/index.php?rest_route=\/wp\/v2\/posts\/46403\/revisions"}],"wp:attachment":[{"href":"https:\/\/bobvarela.com\/index.php?rest_route=%2Fwp%2Fv2%2Fmedia&parent=46403"}],"wp:term":[{"taxonomy":"category","embeddable":true,"href":"https:\/\/bobvarela.com\/index.php?rest_route=%2Fwp%2Fv2%2Fcategories&post=46403"},{"taxonomy":"post_tag","embeddable":true,"href":"https:\/\/bobvarela.com\/index.php?rest_route=%2Fwp%2Fv2%2Ftags&post=46403"}],"curies":[{"name":"wp","href":"https:\/\/api.w.org\/{rel}","templated":true}]}}