{"id":46436,"date":"2013-07-19T19:43:42","date_gmt":"2013-07-19T23:43:42","guid":{"rendered":"https:\/\/bobvarela.com\/?p=46436"},"modified":"2013-07-19T19:43:42","modified_gmt":"2013-07-19T23:43:42","slug":"torras-coleccin-primaveraverano-2014-en-el-080-barcelona-fashion","status":"publish","type":"post","link":"https:\/\/bobvarela.com\/?p=46436","title":{"rendered":"TORRAS Colecci&oacute;n Primavera\/Verano 2014 en el 080 Barcelona Fashion"},"content":{"rendered":"<p align=\"justify\"><font size=\"3\">La colecci\u00f3n se centra en las l\u00edneas entalladas pero siempre respetando el movimiento natural del cuerpo. Se imponen los azules y colores tierra como el crudo, el beige, el marr\u00f3n o el camel realzando el aire calmado y relajado de la colecci\u00f3n, pero a la vez conviven con otros colores m\u00e1s vivos como el ocre, el verde militar o el naranja.<\/font><\/p>\n<p align=\"justify\"><a href=\"https:\/\/bobvarela.com\/wp-content\/uploads\/2013\/07\/Torras_050.jpg\"><img loading=\"lazy\" decoding=\"async\" style=\"background-image: none; border-bottom: 0px; border-left: 0px; margin: 0px; padding-left: 0px; padding-right: 0px; display: inline; border-top: 0px; border-right: 0px; padding-top: 0px\" title=\"Torras_050\" border=\"0\" alt=\"Torras_050\" src=\"https:\/\/bobvarela.com\/wp-content\/uploads\/2013\/07\/Torras_050_thumb.jpg\" width=\"124\" height=\"184\" \/><\/a><a href=\"https:\/\/bobvarela.com\/wp-content\/uploads\/2013\/07\/Torras_032.jpg\"><img loading=\"lazy\" decoding=\"async\" style=\"background-image: none; border-bottom: 0px; border-left: 0px; margin: 0px; padding-left: 0px; padding-right: 0px; display: inline; border-top: 0px; border-right: 0px; padding-top: 0px\" title=\"Torras_032\" border=\"0\" alt=\"Torras_032\" src=\"https:\/\/bobvarela.com\/wp-content\/uploads\/2013\/07\/Torras_032_thumb.jpg\" width=\"124\" height=\"184\" \/><\/a><a href=\"https:\/\/bobvarela.com\/wp-content\/uploads\/2013\/07\/Torras_027.jpg\"><img loading=\"lazy\" decoding=\"async\" style=\"background-image: none; border-bottom: 0px; border-left: 0px; margin: 0px; padding-left: 0px; padding-right: 0px; display: inline; border-top: 0px; border-right: 0px; padding-top: 0px\" title=\"Torras_027\" border=\"0\" alt=\"Torras_027\" src=\"https:\/\/bobvarela.com\/wp-content\/uploads\/2013\/07\/Torras_027_thumb.jpg\" width=\"124\" height=\"184\" \/><\/a><a href=\"https:\/\/bobvarela.com\/wp-content\/uploads\/2013\/07\/Torras_020.jpg\"><img loading=\"lazy\" decoding=\"async\" style=\"background-image: none; border-bottom: 0px; border-left: 0px; margin: 0px; padding-left: 0px; padding-right: 0px; display: inline; border-top: 0px; border-right: 0px; padding-top: 0px\" title=\"Torras_020\" border=\"0\" alt=\"Torras_020\" src=\"https:\/\/bobvarela.com\/wp-content\/uploads\/2013\/07\/Torras_020_thumb.jpg\" width=\"124\" height=\"184\" \/><\/a><a href=\"https:\/\/bobvarela.com\/wp-content\/uploads\/2013\/07\/Torras_011.jpg\"><img loading=\"lazy\" decoding=\"async\" style=\"background-image: none; border-bottom: 0px; border-left: 0px; margin: 0px; padding-left: 0px; padding-right: 0px; display: inline; border-top: 0px; border-right: 0px; padding-top: 0px\" title=\"Torras_011\" border=\"0\" alt=\"Torras_011\" src=\"https:\/\/bobvarela.com\/wp-content\/uploads\/2013\/07\/Torras_011_thumb.jpg\" width=\"124\" height=\"184\" \/><\/a><\/p>\n<p align=\"justify\"><font size=\"3\">La protagonista es la prenda corta, hecha con materias de aire soft. Pieles suaves, finas y ligeras, materias primas naturales y nobles, como el lino y el algod\u00f3n, predominan por encima de las materias sint\u00e9ticas y lisas. Cogen importancia los perforados y grabados con l\u00e1ser, realizados sobre ante y napa, as\u00ed como los calados en punto de galga fina, que act\u00faan como una segunda piel, procurando a las prendas un aire m\u00e1s fresco.<\/font> <\/p>\n\n<p>Fotos cortesia de 080 Barcelona fashion<\/p>\n","protected":false},"excerpt":{"rendered":"<p>La colecci\u00f3n se centra en las l\u00edneas entalladas pero siempre respetando el movimiento natural del cuerpo. Se imponen los azules y colores tierra como el crudo, el beige, el marr\u00f3n o el camel realzando el aire calmado y relajado de&hellip;<\/p>\n<p class=\"more-link-p\"><a class=\"more-link\" href=\"https:\/\/bobvarela.com\/?p=46436\">Read more &rarr;<\/a><\/p>\n","protected":false},"author":1,"featured_media":0,"comment_status":"open","ping_status":"open","sticky":false,"template":"","format":"standard","meta":{"ngg_post_thumbnail":0,"footnotes":""},"categories":[478,4],"tags":[],"class_list":["post-46436","post","type-post","status-publish","format-standard","hentry","category-080-barcelona","category-moda"],"_links":{"self":[{"href":"https:\/\/bobvarela.com\/index.php?rest_route=\/wp\/v2\/posts\/46436","targetHints":{"allow":["GET"]}}],"collection":[{"href":"https:\/\/bobvarela.com\/index.php?rest_route=\/wp\/v2\/posts"}],"about":[{"href":"https:\/\/bobvarela.com\/index.php?rest_route=\/wp\/v2\/types\/post"}],"author":[{"embeddable":true,"href":"https:\/\/bobvarela.com\/index.php?rest_route=\/wp\/v2\/users\/1"}],"replies":[{"embeddable":true,"href":"https:\/\/bobvarela.com\/index.php?rest_route=%2Fwp%2Fv2%2Fcomments&post=46436"}],"version-history":[{"count":0,"href":"https:\/\/bobvarela.com\/index.php?rest_route=\/wp\/v2\/posts\/46436\/revisions"}],"wp:attachment":[{"href":"https:\/\/bobvarela.com\/index.php?rest_route=%2Fwp%2Fv2%2Fmedia&parent=46436"}],"wp:term":[{"taxonomy":"category","embeddable":true,"href":"https:\/\/bobvarela.com\/index.php?rest_route=%2Fwp%2Fv2%2Fcategories&post=46436"},{"taxonomy":"post_tag","embeddable":true,"href":"https:\/\/bobvarela.com\/index.php?rest_route=%2Fwp%2Fv2%2Ftags&post=46436"}],"curies":[{"name":"wp","href":"https:\/\/api.w.org\/{rel}","templated":true}]}}