{"id":47270,"date":"2013-08-20T19:45:09","date_gmt":"2013-08-20T23:45:09","guid":{"rendered":"https:\/\/bobvarela.com\/?p=47270"},"modified":"2013-08-20T19:45:09","modified_gmt":"2013-08-20T23:45:09","slug":"preparada-raisa-vlez-para-el-miss-teen-earth-international-2013","status":"publish","type":"post","link":"https:\/\/bobvarela.com\/?p=47270","title":{"rendered":"Preparada Raisa V&eacute;lez para el MISS TEEN EARTH INTERNATIONAL 2013"},"content":{"rendered":"<p align=\"center\"><font size=\"3\"><a href=\"https:\/\/bobvarela.com\/wp-content\/uploads\/2013\/08\/1157578_10153175962835721_784048304_n.jpg\"><img loading=\"lazy\" decoding=\"async\" style=\"background-image: none; border-bottom: 0px; border-left: 0px; padding-left: 0px; padding-right: 0px; display: inline; border-top: 0px; border-right: 0px; padding-top: 0px\" title=\"1157578_10153175962835721_784048304_n\" border=\"0\" alt=\"1157578_10153175962835721_784048304_n\" src=\"https:\/\/bobvarela.com\/wp-content\/uploads\/2013\/08\/1157578_10153175962835721_784048304_n_thumb.jpg\" width=\"318\" height=\"188\"\/><\/a><\/font><\/p>\n<p align=\"justify\"><font size=\"3\">Mayag\u00fcez &#8211; 21 de agosto de 2013&nbsp; Miss Teen Earth Puerto Rico, Raisa V\u00e9lez, est\u00e1 lista para partir hacia Ecuador este pr\u00f3ximo lunes, 26 de agosto, donde competir\u00e1 junto a otras 35 candidatas de pa\u00edses como Alemania, Brasil, Canada, China, Filipinas, Mexico, Rusia, Venezuela y Sur Africa por la corona del Miss Teen Earth International, considerado el certamen m\u00e1s grande para adolescentes a nivel internacional.<\/font><\/p>\n<p align=\"justify\"><font size=\"3\">Raisa, una modelo de 5\u201911\u201d, voleibolista y estudiante de alto honor de escuela superior, ha completado una intensa preparaci\u00f3n con el fin de representar a Puerto Rico muy prestigiosamente. \u201cMe siento sumamente enfocada y confiada en que mi desempe\u00f1o en Ecuador har\u00e1 brillar a mi Puerto Rico ante el mundo, y con el favor de Dios obtendremos otro triunfo en elegancia, inteligencia y labor social para la Isla del Encanto.\u201d<\/font><\/p>\n<p align=\"justify\"><font size=\"3\">El certamen Miss Teen Earth International se celebrar\u00e1 del 26 de agosto al 2 de septiembre en las ciudades de Guayaquil y Ambato, Ecuador. Adem\u00e1s de reconocer la belleza de estas j\u00f3venes de 14 a 19 a\u00f1os, provee una plataforma para reconocer la labor social con la comunidad y el medio ambiente.<\/font><\/p>\n","protected":false},"excerpt":{"rendered":"<p>Mayag\u00fcez &#8211; 21 de agosto de 2013&nbsp; Miss Teen Earth Puerto Rico, Raisa V\u00e9lez, est\u00e1 lista para partir hacia Ecuador este pr\u00f3ximo lunes, 26 de agosto, donde competir\u00e1 junto a otras 35 candidatas de pa\u00edses como Alemania, Brasil, Canada, China,&hellip;<\/p>\n<p class=\"more-link-p\"><a class=\"more-link\" href=\"https:\/\/bobvarela.com\/?p=47270\">Read more &rarr;<\/a><\/p>\n","protected":false},"author":1,"featured_media":0,"comment_status":"open","ping_status":"open","sticky":false,"template":"","format":"standard","meta":{"ngg_post_thumbnail":0,"footnotes":""},"categories":[5],"tags":[],"class_list":["post-47270","post","type-post","status-publish","format-standard","hentry","category-concursos"],"_links":{"self":[{"href":"https:\/\/bobvarela.com\/index.php?rest_route=\/wp\/v2\/posts\/47270","targetHints":{"allow":["GET"]}}],"collection":[{"href":"https:\/\/bobvarela.com\/index.php?rest_route=\/wp\/v2\/posts"}],"about":[{"href":"https:\/\/bobvarela.com\/index.php?rest_route=\/wp\/v2\/types\/post"}],"author":[{"embeddable":true,"href":"https:\/\/bobvarela.com\/index.php?rest_route=\/wp\/v2\/users\/1"}],"replies":[{"embeddable":true,"href":"https:\/\/bobvarela.com\/index.php?rest_route=%2Fwp%2Fv2%2Fcomments&post=47270"}],"version-history":[{"count":1,"href":"https:\/\/bobvarela.com\/index.php?rest_route=\/wp\/v2\/posts\/47270\/revisions"}],"predecessor-version":[{"id":47271,"href":"https:\/\/bobvarela.com\/index.php?rest_route=\/wp\/v2\/posts\/47270\/revisions\/47271"}],"wp:attachment":[{"href":"https:\/\/bobvarela.com\/index.php?rest_route=%2Fwp%2Fv2%2Fmedia&parent=47270"}],"wp:term":[{"taxonomy":"category","embeddable":true,"href":"https:\/\/bobvarela.com\/index.php?rest_route=%2Fwp%2Fv2%2Fcategories&post=47270"},{"taxonomy":"post_tag","embeddable":true,"href":"https:\/\/bobvarela.com\/index.php?rest_route=%2Fwp%2Fv2%2Ftags&post=47270"}],"curies":[{"name":"wp","href":"https:\/\/api.w.org\/{rel}","templated":true}]}}