{"id":47337,"date":"2013-08-27T20:11:08","date_gmt":"2013-08-28T00:11:08","guid":{"rendered":"https:\/\/bobvarela.com\/?p=47337"},"modified":"2013-08-27T20:11:09","modified_gmt":"2013-08-28T00:11:09","slug":"regresa-el-west-fashion-week-ss-14","status":"publish","type":"post","link":"https:\/\/bobvarela.com\/?p=47337","title":{"rendered":"Regresa el WEST Fashion Week  SS 14"},"content":{"rendered":"<p align=\"justify\"><font size=\"3\"><a href=\"https:\/\/bobvarela.com\/wp-content\/uploads\/2013\/08\/WEST_AD.jpg\"><img loading=\"lazy\" decoding=\"async\" style=\"background-image: none; border-bottom: 0px; border-left: 0px; padding-left: 0px; padding-right: 0px; display: block; float: none; margin-left: auto; border-top: 0px; margin-right: auto; border-right: 0px; padding-top: 0px\" title=\"WEST_AD\" border=\"0\" alt=\"WEST_AD\" src=\"https:\/\/bobvarela.com\/wp-content\/uploads\/2013\/08\/WEST_AD_thumb.jpg\" width=\"238\" height=\"288\"\/><\/a><\/font> <\/p>\n<p align=\"justify\"><font size=\"3\"><a href=\"https:\/\/bobvarela.com\/wp-content\/uploads\/2013\/08\/Normariliz_Soto_01.jpg\"><img loading=\"lazy\" decoding=\"async\" style=\"background-image: none; border-bottom: 0px; border-left: 0px; padding-left: 0px; padding-right: 0px; display: inline; float: left; border-top: 0px; border-right: 0px; padding-top: 0px\" title=\"Normariliz_Soto_01\" border=\"0\" alt=\"Normariliz_Soto_01\" align=\"left\" src=\"https:\/\/bobvarela.com\/wp-content\/uploads\/2013\/08\/Normariliz_Soto_01_thumb.jpg\" width=\"124\" height=\"184\"\/><\/a>De fiesta para la celebraci\u00f3n de la 6ta edici\u00f3n del WEST Fashion Week, (Primavera Verano 2014) a celebrarse del <\/font><a><font size=\"3\">10 al 12 de octubre<\/font><\/a><font size=\"3\"> en el Hotel Courtyard Marriott de Aguadilla.<\/font> <\/p>\n<p align=\"justify\"><font size=\"3\">Esta edici\u00f3n se inaugura con un evento benefico a favor del Hogar de Ni\u00f1os, Regazo de Paz de Aguadilla con desfile de G.Her de Glenny Hern\u00e1ndez de la Rep\u00fablica Dominicana y la colecci\u00f3n para ni\u00f1as; Tommita de la dise\u00f1adora Tommie Hern\u00e1ndez.<\/font> <\/p>\n<p align=\"justify\"><font size=\"3\"><a href=\"https:\/\/bobvarela.com\/wp-content\/uploads\/2013\/08\/Lisa_Thon_02NC.jpg\"><img loading=\"lazy\" decoding=\"async\" style=\"background-image: none; border-bottom: 0px; border-left: 0px; padding-left: 0px; padding-right: 0px; display: inline; float: right; border-top: 0px; border-right: 0px; padding-top: 0px\" title=\"Lisa_Thon_02NC\" border=\"0\" alt=\"Lisa_Thon_02NC\" align=\"right\" src=\"https:\/\/bobvarela.com\/wp-content\/uploads\/2013\/08\/Lisa_Thon_02NC_thumb.jpg\" width=\"124\" height=\"184\"\/><\/a>Revalida la moda de los dise\u00f1adoras; Sonia Rivera, Lisa Thon, Nathalia L\u00f3pez, Maritza Camareno y Normariliz Soto.&nbsp;&nbsp; Adem\u00e1s se estrenan en la pasarela del West las colecciones de Lemaris Lorenzo, Juan Carlos Collazo, Elsa Dunn, Nancy Oyola, Ra\u00fal Jos\u00e9 y Juan D\u00edaz by El Figueroa.<\/font> <\/p>\n<p align=\"justify\"><font size=\"3\">Las dise\u00f1adoras Tommie Hern\u00e1ndez y Bliyi estar\u00e1n encargadas de la puesta de trajes de ba\u00f1o para la Primavera Verano 2014.<\/font> <\/p>\n<p align=\"justify\"><font size=\"3\"><a href=\"https:\/\/bobvarela.com\/wp-content\/uploads\/2013\/08\/Sonia_Rivera_04.jpg\"><img loading=\"lazy\" decoding=\"async\" style=\"background-image: none; border-bottom: 0px; border-left: 0px; padding-left: 0px; padding-right: 0px; display: inline; float: left; border-top: 0px; border-right: 0px; padding-top: 0px\" title=\"Sonia_Rivera_04\" border=\"0\" alt=\"Sonia_Rivera_04\" align=\"left\" src=\"https:\/\/bobvarela.com\/wp-content\/uploads\/2013\/08\/Sonia_Rivera_04_thumb.jpg\" width=\"124\" height=\"184\"\/><\/a>El calzado Ian Behrman de Miami complementar\u00e1 las colecciones mientras la l\u00ednea LaRox presentar\u00e1 sus tendencias de accesorios y bisuter\u00eda.<\/font> <\/p>\n<p align=\"justify\"><font size=\"3\">Se integran &#8220;showcases&#8221; de moda masculina de: Oscar de la Renta, Nono Maldonado, Regatta y Curly.<\/font> <\/p>\n<p align=\"justify\"><font size=\"3\">La m\u00fasica de los djs Chris Spicer y Hugh-Harry from the Z-Boyzdeleitaran las noches de Moda durante la velada.<\/font><\/p>\n","protected":false},"excerpt":{"rendered":"<p>De fiesta para la celebraci\u00f3n de la 6ta edici\u00f3n del WEST Fashion Week, (Primavera Verano 2014) a celebrarse del 10 al 12 de octubre en el Hotel Courtyard Marriott de Aguadilla. Esta edici\u00f3n se inaugura con un evento benefico a&hellip;<\/p>\n<p class=\"more-link-p\"><a class=\"more-link\" href=\"https:\/\/bobvarela.com\/?p=47337\">Read more &rarr;<\/a><\/p>\n","protected":false},"author":1,"featured_media":0,"comment_status":"open","ping_status":"open","sticky":false,"template":"","format":"standard","meta":{"ngg_post_thumbnail":0,"footnotes":""},"categories":[4,295],"tags":[],"class_list":["post-47337","post","type-post","status-publish","format-standard","hentry","category-moda","category-puerto-rico"],"_links":{"self":[{"href":"https:\/\/bobvarela.com\/index.php?rest_route=\/wp\/v2\/posts\/47337","targetHints":{"allow":["GET"]}}],"collection":[{"href":"https:\/\/bobvarela.com\/index.php?rest_route=\/wp\/v2\/posts"}],"about":[{"href":"https:\/\/bobvarela.com\/index.php?rest_route=\/wp\/v2\/types\/post"}],"author":[{"embeddable":true,"href":"https:\/\/bobvarela.com\/index.php?rest_route=\/wp\/v2\/users\/1"}],"replies":[{"embeddable":true,"href":"https:\/\/bobvarela.com\/index.php?rest_route=%2Fwp%2Fv2%2Fcomments&post=47337"}],"version-history":[{"count":1,"href":"https:\/\/bobvarela.com\/index.php?rest_route=\/wp\/v2\/posts\/47337\/revisions"}],"predecessor-version":[{"id":47338,"href":"https:\/\/bobvarela.com\/index.php?rest_route=\/wp\/v2\/posts\/47337\/revisions\/47338"}],"wp:attachment":[{"href":"https:\/\/bobvarela.com\/index.php?rest_route=%2Fwp%2Fv2%2Fmedia&parent=47337"}],"wp:term":[{"taxonomy":"category","embeddable":true,"href":"https:\/\/bobvarela.com\/index.php?rest_route=%2Fwp%2Fv2%2Fcategories&post=47337"},{"taxonomy":"post_tag","embeddable":true,"href":"https:\/\/bobvarela.com\/index.php?rest_route=%2Fwp%2Fv2%2Ftags&post=47337"}],"curies":[{"name":"wp","href":"https:\/\/api.w.org\/{rel}","templated":true}]}}