{"id":47351,"date":"2013-08-28T20:50:13","date_gmt":"2013-08-29T00:50:13","guid":{"rendered":"https:\/\/bobvarela.com\/?p=47351"},"modified":"2013-08-28T20:52:11","modified_gmt":"2013-08-29T00:52:11","slug":"gran-junte-de-agencias-de-modelos-en-san-juan-moda","status":"publish","type":"post","link":"https:\/\/bobvarela.com\/?p=47351","title":{"rendered":"Gran Junte de Agencias de Modelos en San Juan Moda"},"content":{"rendered":"<table cellspacing=\"0\" cellpadding=\"2\" width=\"645\" border=\"5\">\n<tbody>\n<tr>\n<td valign=\"top\" width=\"635\"><a href=\"https:\/\/bobvarela.com\/wp-content\/uploads\/2013\/08\/IMG_7190.jpg\"><img loading=\"lazy\" decoding=\"async\" title=\"IMG_7190\" style=\"border-left-width: 0px; border-right-width: 0px; background-image: none; border-bottom-width: 0px; float: none; padding-top: 0px; padding-left: 0px; margin-left: auto; display: block; padding-right: 0px; border-top-width: 0px; margin-right: auto\" border=\"0\" alt=\"IMG_7190\" src=\"https:\/\/bobvarela.com\/wp-content\/uploads\/2013\/08\/IMG_7190_thumb.jpg\" width=\"299\" height=\"197\" \/><\/a><\/td>\n<\/tr>\n<tr>\n<td valign=\"top\" width=\"635\">Ann La Place de Element, Desiree Lowry de Desiree Lowry Model Management, Roberto Pag\u00e1n de Annjannette, Jos\u00e9 Texeira de Cromo, Desiree Abrams y Gretchen Capo de Epic Models y Jos\u00e9 Vald\u00e9s de Likuid<\/td>\n<\/tr>\n<\/tbody>\n<\/table>\n<p align=\"justify\"><font size=\"3\"><\/font><font face=\"Verdana\"><i><u><\/u><\/i><\/font><\/p>\n<p align=\"justify\"><font size=\"3\" face=\"Verdana\">San Juan, Puerto Rico (28 de agosto de 2013) \u2013 Hoy se anunci\u00f3 que la primera edici\u00f3n de <b>San Juan Moda<\/b> ser\u00e1 patrocinada por las seis agencias de modelos m\u00e1s reconocidas del pa\u00eds. Con este gran junte, se asegura que el evento, que se llevar\u00e1 a cabo del 6 al 12 de octubre de 2013 en el Hotel San Juan, contar\u00e1 con los mejores modelos del pa\u00eds.<\/font><\/p>\n<p align=\"justify\"><font size=\"3\" face=\"Verdana\">\u201cQuer\u00edamos que los dise\u00f1adores tuvieran los mejores modelos que existen en la Isla y que conocieran los rostros nuevos que a diario descubren los cazatalentos de todas estas agencias, luego de varias reuniones y darle forma a muchas grandes ideas, logramos este junte primera vez en la historia\u201d, explicaron los organizadores del evento junto a Roberto Pag\u00e1n de Annjannete Centro y Agencia de Modelos, Jos\u00e9 Texeira de Cromo Models and Talents, Desiree Lowry de Desiree Lowry Model Management, Ann La Place de Element Model &amp; Talent Management, Gretchen Capo y Desiree Abrams de Epic Models y Jos\u00e9 Vald\u00e9s de Likuid Talent and Model Management.<\/font><\/p>\n<p align=\"center\"><font size=\"3\" face=\"Verdana\"><a href=\"https:\/\/bobvarela.com\/wp-content\/uploads\/2013\/08\/SAN-JUAN-MODA-002.jpg\"><img loading=\"lazy\" decoding=\"async\" title=\"SAN JUAN MODA 002\" style=\"border-left-width: 0px; border-right-width: 0px; background-image: none; border-bottom-width: 0px; padding-top: 0px; padding-left: 0px; display: inline; padding-right: 0px; border-top-width: 0px\" border=\"0\" alt=\"SAN JUAN MODA 002\" src=\"https:\/\/bobvarela.com\/wp-content\/uploads\/2013\/08\/SAN-JUAN-MODA-002_thumb.jpg\" width=\"302\" height=\"218\" \/><\/a><\/font><\/p>\n<p align=\"justify\"><font size=\"3\" face=\"Verdana\">Con esta alianza, Annjannete, Cromo, Desiree Lowry, Element, Epic y Likuid se convierten en las agencias oficiales de <b>San Juan Moda<\/b> y sus modelos servir\u00e1n de gancho a las hermosas creaciones que presentar\u00e1n los reconocidos dise\u00f1adores que desfilar\u00e1n por una semana en las pasarelas en el Hotel San Juan.<\/font><\/p>\n<p align=\"justify\"><font size=\"3\" face=\"Verdana\">De paso, se anunci\u00f3 que una de las innovaciones de <b>San Juan Moda<\/b> es que la audici\u00f3n para modelos que regularmente se hace para este tipo de eventos, se har\u00e1 con el motivo de que las agencias descubran nuevos talentos. De esta forma, son los directivos de cada agencia quienes escoger\u00e1n a quien ellos desean integrar en su cartera de talentos. <\/font><\/p>\n<p align=\"center\"><font size=\"3\" face=\"Verdana\"><a href=\"https:\/\/bobvarela.com\/wp-content\/uploads\/2013\/08\/SAN-JUAN-MODA.jpg\"><img loading=\"lazy\" decoding=\"async\" title=\"SAN JUAN MODA\" style=\"border-left-width: 0px; border-right-width: 0px; background-image: none; border-bottom-width: 0px; padding-top: 0px; padding-left: 0px; display: inline; padding-right: 0px; border-top-width: 0px\" border=\"0\" alt=\"SAN JUAN MODA\" src=\"https:\/\/bobvarela.com\/wp-content\/uploads\/2013\/08\/SAN-JUAN-MODA_thumb.jpg\" width=\"314\" height=\"202\" \/><\/a><\/font><\/p>\n<p align=\"justify\"><font size=\"3\" face=\"Verdana\">La audici\u00f3n est\u00e1 pautada para el pr\u00f3ximo jueves 5 de septiembre de 6 a 8 de la tarde en el Hotel San Juan. La convocatoria est\u00e1 abierta para damas y caballeros de todas las edades, de cualquier parte de la Isla que aspiren a ser modelos y no tengan contrato con ninguna agencia. Se pidi\u00f3 que los que asistan a esta audici\u00f3n lleguen vestidos en mah\u00f3n y camisilla (<i>tank top<\/i>) blanco. Adem\u00e1s, se requiere que lleven un cambio de traje de ba\u00f1o.<\/font><\/p>\n<p align=\"justify\"><font size=\"3\" face=\"Verdana\">Para m\u00e1s informaci\u00f3n sobre <b>San Juan Moda<\/b> pueden conectarse a las redes sociales Facebook, Twitter e Instagram siguiendo a @sanjuanmodapr.<\/font><\/p>\n","protected":false},"excerpt":{"rendered":"<p>Ann La Place de Element, Desiree Lowry de Desiree Lowry Model Management, Roberto Pag\u00e1n de Annjannette, Jos\u00e9 Texeira de Cromo, Desiree Abrams y Gretchen Capo de Epic Models y Jos\u00e9 Vald\u00e9s de Likuid San Juan, Puerto Rico (28 de agosto&hellip;<\/p>\n<p class=\"more-link-p\"><a class=\"more-link\" href=\"https:\/\/bobvarela.com\/?p=47351\">Read more &rarr;<\/a><\/p>\n","protected":false},"author":1,"featured_media":0,"comment_status":"open","ping_status":"open","sticky":false,"template":"","format":"standard","meta":{"ngg_post_thumbnail":0,"footnotes":""},"categories":[4,295],"tags":[],"class_list":["post-47351","post","type-post","status-publish","format-standard","hentry","category-moda","category-puerto-rico"],"_links":{"self":[{"href":"https:\/\/bobvarela.com\/index.php?rest_route=\/wp\/v2\/posts\/47351","targetHints":{"allow":["GET"]}}],"collection":[{"href":"https:\/\/bobvarela.com\/index.php?rest_route=\/wp\/v2\/posts"}],"about":[{"href":"https:\/\/bobvarela.com\/index.php?rest_route=\/wp\/v2\/types\/post"}],"author":[{"embeddable":true,"href":"https:\/\/bobvarela.com\/index.php?rest_route=\/wp\/v2\/users\/1"}],"replies":[{"embeddable":true,"href":"https:\/\/bobvarela.com\/index.php?rest_route=%2Fwp%2Fv2%2Fcomments&post=47351"}],"version-history":[{"count":2,"href":"https:\/\/bobvarela.com\/index.php?rest_route=\/wp\/v2\/posts\/47351\/revisions"}],"predecessor-version":[{"id":47353,"href":"https:\/\/bobvarela.com\/index.php?rest_route=\/wp\/v2\/posts\/47351\/revisions\/47353"}],"wp:attachment":[{"href":"https:\/\/bobvarela.com\/index.php?rest_route=%2Fwp%2Fv2%2Fmedia&parent=47351"}],"wp:term":[{"taxonomy":"category","embeddable":true,"href":"https:\/\/bobvarela.com\/index.php?rest_route=%2Fwp%2Fv2%2Fcategories&post=47351"},{"taxonomy":"post_tag","embeddable":true,"href":"https:\/\/bobvarela.com\/index.php?rest_route=%2Fwp%2Fv2%2Ftags&post=47351"}],"curies":[{"name":"wp","href":"https:\/\/api.w.org\/{rel}","templated":true}]}}