{"id":47376,"date":"2013-08-30T07:40:33","date_gmt":"2013-08-30T11:40:33","guid":{"rendered":"https:\/\/bobvarela.com\/?p=47376"},"modified":"2013-08-30T07:40:33","modified_gmt":"2013-08-30T11:40:33","slug":"cicldica-de-david-antonio","status":"publish","type":"post","link":"https:\/\/bobvarela.com\/?p=47376","title":{"rendered":"Cicl&aacute;dica de David Antonio"},"content":{"rendered":"<p align=\"justify\"><font size=\"3\" face=\"Verdana\">El 29 de agosto el dise\u00f1ador David Antonio presento su Colecci\u00f3n Primavera\/ verano 2014 titulado Cicl\u00e1dica en el Sal\u00f3n San Crist\u00f3bal de hotel Caribe Hilton. En su fascinaci\u00f3n por la arquitectura, nuevamente se introduce en un viaje por las islas griegas y nos contara una historia de belleza arquitect\u00f3nica, de sus pasajes, sus colores y formas. Esta colecci\u00f3n habla de su estilo relajado y muy elegante en su m\u00e1xima expresi\u00f3n de lo que es la simpleza. Los textiles de esta colecci\u00f3n son muy nobles: gazares de seda, algodones suizos-livianos, brocados, encajes. Los colores que abundaron fueron el blanco, los colores de mar y algunos acentos de la naturaleza que rodean estas islas<\/font><\/p>\n<p align=\"justify\"><a href=\"https:\/\/bobvarela.com\/wp-content\/uploads\/2013\/08\/IMG_1828.jpg\"><img loading=\"lazy\" decoding=\"async\" title=\"IMG_1828\" style=\"border-top: 0px; border-right: 0px; background-image: none; border-bottom: 0px; padding-top: 0px; padding-left: 0px; border-left: 0px; display: inline; padding-right: 0px\" border=\"0\" alt=\"IMG_1828\" src=\"https:\/\/bobvarela.com\/wp-content\/uploads\/2013\/08\/IMG_1828_thumb.jpg\" width=\"199\" height=\"134\" \/><\/a><a href=\"https:\/\/bobvarela.com\/wp-content\/uploads\/2013\/08\/IMG_1787.jpg\"><img loading=\"lazy\" decoding=\"async\" title=\"IMG_1787\" style=\"border-top: 0px; border-right: 0px; background-image: none; border-bottom: 0px; padding-top: 0px; padding-left: 0px; border-left: 0px; display: inline; padding-right: 0px\" border=\"0\" alt=\"IMG_1787\" src=\"https:\/\/bobvarela.com\/wp-content\/uploads\/2013\/08\/IMG_1787_thumb.jpg\" width=\"199\" height=\"134\" \/><\/a><a href=\"https:\/\/bobvarela.com\/wp-content\/uploads\/2013\/08\/IMG_1803.jpg\"><img loading=\"lazy\" decoding=\"async\" title=\"IMG_1803\" style=\"border-top: 0px; border-right: 0px; background-image: none; border-bottom: 0px; padding-top: 0px; padding-left: 0px; border-left: 0px; display: inline; padding-right: 0px\" border=\"0\" alt=\"IMG_1803\" src=\"https:\/\/bobvarela.com\/wp-content\/uploads\/2013\/08\/IMG_1803_thumb.jpg\" width=\"199\" height=\"134\" \/><\/a><\/p>\n<p align=\"justify\"><font size=\"3\" face=\"Verdana\">Dicha colecci\u00f3n estuvo acompa\u00f1ada de los dise\u00f1os de bisuter\u00eda de Sonia Bonilla y la Lilly. El calzado de Galer\u00eda, maquillaje por Fernando Rodr\u00edguez de Vanity y los Arreglos de cabello por Mike N\u2019Alis. Ambientaci\u00f3n a cargo de Akua<\/font><\/p>\n<p align=\"justify\"><font size=\"3\" face=\"Verdana\">Los Fondos fueron destinados al Hogar Cuna San Crist\u00f3bal que lleva 21 a\u00f1os dando servicios transformados vidas a ni\u00f1os en puerto Rico.<\/font><\/p>\n<p><strong>ngg_shortcode_0_placeholder<\/strong><\/p>\n","protected":false},"excerpt":{"rendered":"<p>El 29 de agosto el dise\u00f1ador David Antonio presento su Colecci\u00f3n Primavera\/ verano 2014 titulado Cicl\u00e1dica en el Sal\u00f3n San Crist\u00f3bal de hotel Caribe Hilton. En su fascinaci\u00f3n por la arquitectura, nuevamente se introduce en un viaje por las islas&hellip;<\/p>\n<p class=\"more-link-p\"><a class=\"more-link\" href=\"https:\/\/bobvarela.com\/?p=47376\">Read more &rarr;<\/a><\/p>\n","protected":false},"author":1,"featured_media":0,"comment_status":"open","ping_status":"open","sticky":false,"template":"","format":"standard","meta":{"ngg_post_thumbnail":0,"footnotes":""},"categories":[4,295],"tags":[],"class_list":["post-47376","post","type-post","status-publish","format-standard","hentry","category-moda","category-puerto-rico"],"_links":{"self":[{"href":"https:\/\/bobvarela.com\/index.php?rest_route=\/wp\/v2\/posts\/47376","targetHints":{"allow":["GET"]}}],"collection":[{"href":"https:\/\/bobvarela.com\/index.php?rest_route=\/wp\/v2\/posts"}],"about":[{"href":"https:\/\/bobvarela.com\/index.php?rest_route=\/wp\/v2\/types\/post"}],"author":[{"embeddable":true,"href":"https:\/\/bobvarela.com\/index.php?rest_route=\/wp\/v2\/users\/1"}],"replies":[{"embeddable":true,"href":"https:\/\/bobvarela.com\/index.php?rest_route=%2Fwp%2Fv2%2Fcomments&post=47376"}],"version-history":[{"count":1,"href":"https:\/\/bobvarela.com\/index.php?rest_route=\/wp\/v2\/posts\/47376\/revisions"}],"predecessor-version":[{"id":47377,"href":"https:\/\/bobvarela.com\/index.php?rest_route=\/wp\/v2\/posts\/47376\/revisions\/47377"}],"wp:attachment":[{"href":"https:\/\/bobvarela.com\/index.php?rest_route=%2Fwp%2Fv2%2Fmedia&parent=47376"}],"wp:term":[{"taxonomy":"category","embeddable":true,"href":"https:\/\/bobvarela.com\/index.php?rest_route=%2Fwp%2Fv2%2Fcategories&post=47376"},{"taxonomy":"post_tag","embeddable":true,"href":"https:\/\/bobvarela.com\/index.php?rest_route=%2Fwp%2Fv2%2Ftags&post=47376"}],"curies":[{"name":"wp","href":"https:\/\/api.w.org\/{rel}","templated":true}]}}