{"id":47384,"date":"2013-09-02T10:08:09","date_gmt":"2013-09-02T14:08:09","guid":{"rendered":"https:\/\/bobvarela.com\/?p=47384"},"modified":"2013-09-02T10:08:12","modified_gmt":"2013-09-02T14:08:12","slug":"coronadas-las-nuevas-reinas-de-la-belleza-puerto-rico-2013-miss-panamerican-international-y-reina-mundial-del-banano","status":"publish","type":"post","link":"https:\/\/bobvarela.com\/?p=47384","title":{"rendered":"Coronadas las Nuevas Reinas de la Belleza Puerto Rico 2013:   Miss Panamerican International y Reina Mundial del Banano"},"content":{"rendered":"<p align=\"justify\"><font size=\"3\" face=\"Verdana\"><a href=\"https:\/\/bobvarela.com\/wp-content\/uploads\/2013\/09\/GINA.MISSPANAM.jpg\"><img loading=\"lazy\" decoding=\"async\" title=\"GINA.MISSPANAM\" style=\"border-top: 0px; border-right: 0px; background-image: none; border-bottom: 0px; float: left; padding-top: 0px; padding-left: 0px; border-left: 0px; display: inline; padding-right: 0px\" border=\"0\" alt=\"GINA.MISSPANAM\" align=\"left\" src=\"https:\/\/bobvarela.com\/wp-content\/uploads\/2013\/09\/GINA.MISSPANAM_thumb.jpg\" width=\"145\" height=\"199\" \/><\/a>La organizaci\u00f3n Reinas de la Belleza-Puerto Rico anuncio la coronaci\u00f3n <\/font><font size=\"3\" face=\"Verdana\">oficial de sus nuevas representantes a los cert\u00e1menes internacionales; <\/font><font size=\"3\" face=\"Verdana\">Miss Panamerican International y Reina Mundial del Banano.<\/font><\/p>\n<p align=\"justify\"><font size=\"3\" face=\"Verdana\">La joven Gina Herrera de 24 a\u00f1os es Miss Puerto Rico Panamerican International<\/font><font size=\"3\" face=\"Verdana\">y nos representar\u00e1 en Los Angeles, California del 9 al 16 de septiembre buscando <\/font><font size=\"3\" face=\"Verdana\">ser coronada en un Back to Back por Nicole Col\u00f3n, actual Miss Panamerican. <\/font><font size=\"3\" face=\"Verdana\">Gina es del pueblo de Carolina y cuenta con un Bachillerato en Comunicaciones.<\/font><\/p>\n<p align=\"justify\"><font size=\"3\" face=\"Verdana\"><a href=\"https:\/\/bobvarela.com\/wp-content\/uploads\/2013\/09\/NATASHA.REINAMUNDIAL.jpg\"><img loading=\"lazy\" decoding=\"async\" title=\"NATASHA.REINAMUNDIAL\" style=\"border-top: 0px; border-right: 0px; background-image: none; border-bottom: 0px; float: right; padding-top: 0px; padding-left: 0px; border-left: 0px; display: inline; padding-right: 0px\" border=\"0\" alt=\"NATASHA.REINAMUNDIAL\" align=\"right\" src=\"https:\/\/bobvarela.com\/wp-content\/uploads\/2013\/09\/NATASHA.REINAMUNDIAL_thumb.jpg\" width=\"142\" height=\"199\" \/><\/a>Natasha Mu\u00f1oz de 22 a\u00f1os es Miss Puerto Rico Reina Mundial <\/font><font size=\"3\" face=\"Verdana\">del Banano a celebrarse en Ecuador del 10 al 23 de septiembre.<\/font><font size=\"3\" face=\"Verdana\">Natasha es natural de Isabela y actualmente es estudiante del Depto de Drama <\/font><font size=\"3\" face=\"Verdana\">de la Universidad de Puerto Rico, Recinto de R\u00edo Piedras<\/font><font size=\"3\" face=\"Verdana\">.<\/font><\/p>\n<p align=\"justify\"><font size=\"3\" face=\"Verdana\">Para m\u00e1s informaci\u00f3n y fotos ver Reinas de la Belleza Puerto Rico en Facebook.<\/font><\/p>\n","protected":false},"excerpt":{"rendered":"<p>La organizaci\u00f3n Reinas de la Belleza-Puerto Rico anuncio la coronaci\u00f3n oficial de sus nuevas representantes a los cert\u00e1menes internacionales; Miss Panamerican International y Reina Mundial del Banano. La joven Gina Herrera de 24 a\u00f1os es Miss Puerto Rico Panamerican Internationaly&hellip;<\/p>\n<p class=\"more-link-p\"><a class=\"more-link\" href=\"https:\/\/bobvarela.com\/?p=47384\">Read more &rarr;<\/a><\/p>\n","protected":false},"author":1,"featured_media":0,"comment_status":"open","ping_status":"open","sticky":false,"template":"","format":"standard","meta":{"ngg_post_thumbnail":0,"footnotes":""},"categories":[5],"tags":[],"class_list":["post-47384","post","type-post","status-publish","format-standard","hentry","category-concursos"],"_links":{"self":[{"href":"https:\/\/bobvarela.com\/index.php?rest_route=\/wp\/v2\/posts\/47384","targetHints":{"allow":["GET"]}}],"collection":[{"href":"https:\/\/bobvarela.com\/index.php?rest_route=\/wp\/v2\/posts"}],"about":[{"href":"https:\/\/bobvarela.com\/index.php?rest_route=\/wp\/v2\/types\/post"}],"author":[{"embeddable":true,"href":"https:\/\/bobvarela.com\/index.php?rest_route=\/wp\/v2\/users\/1"}],"replies":[{"embeddable":true,"href":"https:\/\/bobvarela.com\/index.php?rest_route=%2Fwp%2Fv2%2Fcomments&post=47384"}],"version-history":[{"count":1,"href":"https:\/\/bobvarela.com\/index.php?rest_route=\/wp\/v2\/posts\/47384\/revisions"}],"predecessor-version":[{"id":47385,"href":"https:\/\/bobvarela.com\/index.php?rest_route=\/wp\/v2\/posts\/47384\/revisions\/47385"}],"wp:attachment":[{"href":"https:\/\/bobvarela.com\/index.php?rest_route=%2Fwp%2Fv2%2Fmedia&parent=47384"}],"wp:term":[{"taxonomy":"category","embeddable":true,"href":"https:\/\/bobvarela.com\/index.php?rest_route=%2Fwp%2Fv2%2Fcategories&post=47384"},{"taxonomy":"post_tag","embeddable":true,"href":"https:\/\/bobvarela.com\/index.php?rest_route=%2Fwp%2Fv2%2Ftags&post=47384"}],"curies":[{"name":"wp","href":"https:\/\/api.w.org\/{rel}","templated":true}]}}