{"id":47408,"date":"2013-09-02T14:25:50","date_gmt":"2013-09-02T18:25:50","guid":{"rendered":"https:\/\/bobvarela.com\/?p=47408"},"modified":"2013-09-03T18:48:00","modified_gmt":"2013-09-03T22:48:00","slug":"final-elite-model-look-de-puerto-rico-2013","status":"publish","type":"post","link":"https:\/\/bobvarela.com\/?p=47408","title":{"rendered":"Final Elite Model Look de Puerto Rico 2013"},"content":{"rendered":"<p align=\"justify\"><font size=\"3\">El 31 de agosto en el Anfiteatro de Museo de Arte de Puerto Rico se celebro la final de Elite Model Look de Puerto Rico. lAs concursantes desfilaron como abertura de evento en piezas de las tiendas Walmart . Luego de presentar a cada una de los finalista hubo un desfile con las piezas de Jos\u00e9 Ra\u00fal, Lisa Cappalli, y Jaer Cab\u00e1n. Como cantante invitada estuvo Faviola.<\/font><\/p>\n<p align=\"justify\"><a href=\"https:\/\/bobvarela.com\/wp-content\/uploads\/2013\/09\/Final-Elite-Look-PR-2013-565.jpg\"><img loading=\"lazy\" decoding=\"async\" style=\"background-image: none; border-right-width: 0px; padding-left: 0px; padding-right: 0px; display: inline; border-top-width: 0px; border-bottom-width: 0px; border-left-width: 0px; padding-top: 0px\" title=\"\" border=\"0\" alt=\"\" src=\"https:\/\/bobvarela.com\/wp-content\/uploads\/2013\/09\/Final-Elite-Look-PR-2013-565_thumb.jpg\" width=\"199\" height=\"134\"\/><\/a><a href=\"https:\/\/bobvarela.com\/wp-content\/uploads\/2013\/09\/Final-Elite-Look-PR-2013-235.jpg\"><img loading=\"lazy\" decoding=\"async\" style=\"background-image: none; border-right-width: 0px; padding-left: 0px; padding-right: 0px; display: inline; border-top-width: 0px; border-bottom-width: 0px; border-left-width: 0px; padding-top: 0px\" title=\"\" border=\"0\" alt=\"\" src=\"https:\/\/bobvarela.com\/wp-content\/uploads\/2013\/09\/Final-Elite-Look-PR-2013-235_thumb.jpg\" width=\"199\" height=\"134\"\/><\/a><a href=\"https:\/\/bobvarela.com\/wp-content\/uploads\/2013\/09\/Final-Elite-Look-PR-2013-240.jpg\"><img loading=\"lazy\" decoding=\"async\" style=\"background-image: none; border-right-width: 0px; padding-left: 0px; padding-right: 0px; display: inline; border-top-width: 0px; border-bottom-width: 0px; border-left-width: 0px; padding-top: 0px\" title=\"\" border=\"0\" alt=\"\" src=\"https:\/\/bobvarela.com\/wp-content\/uploads\/2013\/09\/Final-Elite-Look-PR-2013-240_thumb.jpg\" width=\"199\" height=\"134\"\/><\/a><a href=\"https:\/\/bobvarela.com\/wp-content\/uploads\/2013\/09\/Final-Elite-Look-PR-2013-377.jpg\"><img loading=\"lazy\" decoding=\"async\" style=\"background-image: none; border-right-width: 0px; padding-left: 0px; padding-right: 0px; display: inline; border-top-width: 0px; border-bottom-width: 0px; border-left-width: 0px; padding-top: 0px\" title=\"\" border=\"0\" alt=\"\" src=\"https:\/\/bobvarela.com\/wp-content\/uploads\/2013\/09\/Final-Elite-Look-PR-2013-377_thumb.jpg\" width=\"199\" height=\"134\"\/><\/a><a href=\"https:\/\/bobvarela.com\/wp-content\/uploads\/2013\/09\/Final-Elite-Look-PR-2013-489.jpg\"><img loading=\"lazy\" decoding=\"async\" style=\"background-image: none; border-right-width: 0px; padding-left: 0px; padding-right: 0px; display: inline; border-top-width: 0px; border-bottom-width: 0px; border-left-width: 0px; padding-top: 0px\" title=\"\" border=\"0\" alt=\"\" src=\"https:\/\/bobvarela.com\/wp-content\/uploads\/2013\/09\/Final-Elite-Look-PR-2013-489_thumb.jpg\" width=\"199\" height=\"134\"\/><\/a><a href=\"https:\/\/bobvarela.com\/wp-content\/uploads\/2013\/09\/Final-Elite-Look-PR-2013-508.jpg\"><img loading=\"lazy\" decoding=\"async\" style=\"background-image: none; border-right-width: 0px; padding-left: 0px; padding-right: 0px; display: inline; border-top-width: 0px; border-bottom-width: 0px; border-left-width: 0px; padding-top: 0px\" title=\"\" border=\"0\" alt=\"\" src=\"https:\/\/bobvarela.com\/wp-content\/uploads\/2013\/09\/Final-Elite-Look-PR-2013-508_thumb.jpg\" width=\"199\" height=\"134\"\/><\/a><\/p>\n<p align=\"justify\"><font size=\"3\">Despues de desfile de los dese\u00f1adores se anuciaron los premios especiales:<\/font><\/p>\n<li>\n<div align=\"justify\"><font size=\"3\"><strong>Chica Walmart<\/strong>&nbsp;&nbsp;&nbsp;&nbsp; <b>Yelena Bruz\u00f3n <\/b><\/font><\/div>\n<\/li>\n<li>\n<div align=\"justify\"><b><font size=\"3\">Premio Bettina (mejor piel)&nbsp;&nbsp;&nbsp;&nbsp; Alina Rom\u00e1n <\/font><\/b><\/div>\n<\/li>\n<li>\n<div align=\"justify\"><font size=\"3\"><b>Fotogenica&nbsp;&nbsp;&nbsp;&nbsp; Michelle Garland<\/b> <\/font><\/div>\n<\/li>\n<li>\n<div align=\"justify\"><b><font size=\"3\">LIV Fitness (mejor cuerpo)&nbsp;&nbsp;&nbsp;&nbsp; Mikaela Herres <\/font><\/b><\/div>\n<\/li>\n<li>\n<div align=\"justify\"><b><font size=\"3\">Top Model&nbsp;&nbsp;&nbsp;&nbsp; Mayra Santiago <\/font><\/b><\/div>\n<\/li>\n<li>\n<div align=\"justify\"><font size=\"3\"><b>Mejor Cabello&nbsp;&nbsp;&nbsp;&nbsp; Daniella Cancel<\/b> <\/font><\/div>\n<\/li>\n<li>\n<div align=\"justify\"><b><font size=\"3\">People Choice Award&nbsp;&nbsp;&nbsp;&nbsp;&nbsp; Mar\u00eda Celeste R\u00edos <\/font><\/b><\/div>\n<p align=\"justify\"><b><\/b><\/p>\n<p align=\"justify\"><font size=\"3\"><b>Se anuciaron los Finalistas que fueron los siguientes chicas: <\/b><b>Mayra Santiago, Michelle Garland, Christina S\u00e1nchez, Daniella Cancel, Deisimariely Maldonado, Fiorella Padilla, Jean Franqui, Alice Gonz\u00e1lez, Karina Ramirez, Idanis Vives, Yajaida Lede\u00e9, Mikaela Herres, <\/b><b>Paola D\u00edaz, <\/b><b>Juliana Ferr\u00e9, Cindy Fr\u00edas <\/b><\/font><\/p>\n<p align=\"justify\"><strong><font size=\"3\"><\/font><\/strong><\/p>\n<p><a href=\"https:\/\/bobvarela.com\/wp-content\/uploads\/2013\/09\/Final-Elite-Look-PR-2013-564.jpg\"><img loading=\"lazy\" decoding=\"async\" style=\"background-image: none; border-right-width: 0px; padding-left: 0px; padding-right: 0px; display: block; float: none; border-top-width: 0px; border-bottom-width: 0px; margin-left: auto; border-left-width: 0px; margin-right: auto; padding-top: 0px\" title=\"\" border=\"0\" alt=\"\" src=\"https:\/\/bobvarela.com\/wp-content\/uploads\/2013\/09\/Final-Elite-Look-PR-2013-564_thumb.jpg\" width=\"244\" height=\"164\"\/><\/a><font size=\"3\"><\/font><\/p>\n<p align=\"justify\"><font size=\"3\">Estas desfilaron en traje de ba\u00f1o de Tommie Hern\u00e1ndez. De este desfile escogieron como 3ra finalista <b>Fiorella Padilla<\/b>, 2nda finalista:&nbsp; Juliana Ferr\u00e9, 1ra finalista <b>Paola D\u00edaz <\/b>y la Elite Model Look de Puerto Rico 2013 lo es <b>Karina Ramirez&nbsp; Estaremos durante la seman subiendo mas fotos&nbsp; especialmente lo de backstage en nuestro facebook Fan Page<\/b><b><\/b><\/font><\/p>\n<p><strong>ngg_shortcode_0_placeholder<\/strong><\/p>\n<\/li>\n","protected":false},"excerpt":{"rendered":"<p>El 31 de agosto en el Anfiteatro de Museo de Arte de Puerto Rico se celebro la final de Elite Model Look de Puerto Rico. lAs concursantes desfilaron como abertura de evento en piezas de las tiendas Walmart . Luego&hellip;<\/p>\n<p class=\"more-link-p\"><a class=\"more-link\" href=\"https:\/\/bobvarela.com\/?p=47408\">Read more &rarr;<\/a><\/p>\n","protected":false},"author":1,"featured_media":0,"comment_status":"open","ping_status":"open","sticky":false,"template":"","format":"standard","meta":{"ngg_post_thumbnail":0,"footnotes":""},"categories":[5,195],"tags":[],"class_list":["post-47408","post","type-post","status-publish","format-standard","hentry","category-concursos","category-elite-model"],"_links":{"self":[{"href":"https:\/\/bobvarela.com\/index.php?rest_route=\/wp\/v2\/posts\/47408","targetHints":{"allow":["GET"]}}],"collection":[{"href":"https:\/\/bobvarela.com\/index.php?rest_route=\/wp\/v2\/posts"}],"about":[{"href":"https:\/\/bobvarela.com\/index.php?rest_route=\/wp\/v2\/types\/post"}],"author":[{"embeddable":true,"href":"https:\/\/bobvarela.com\/index.php?rest_route=\/wp\/v2\/users\/1"}],"replies":[{"embeddable":true,"href":"https:\/\/bobvarela.com\/index.php?rest_route=%2Fwp%2Fv2%2Fcomments&post=47408"}],"version-history":[{"count":2,"href":"https:\/\/bobvarela.com\/index.php?rest_route=\/wp\/v2\/posts\/47408\/revisions"}],"predecessor-version":[{"id":47414,"href":"https:\/\/bobvarela.com\/index.php?rest_route=\/wp\/v2\/posts\/47408\/revisions\/47414"}],"wp:attachment":[{"href":"https:\/\/bobvarela.com\/index.php?rest_route=%2Fwp%2Fv2%2Fmedia&parent=47408"}],"wp:term":[{"taxonomy":"category","embeddable":true,"href":"https:\/\/bobvarela.com\/index.php?rest_route=%2Fwp%2Fv2%2Fcategories&post=47408"},{"taxonomy":"post_tag","embeddable":true,"href":"https:\/\/bobvarela.com\/index.php?rest_route=%2Fwp%2Fv2%2Ftags&post=47408"}],"curies":[{"name":"wp","href":"https:\/\/api.w.org\/{rel}","templated":true}]}}