{"id":47423,"date":"2013-09-04T20:02:54","date_gmt":"2013-09-05T00:02:54","guid":{"rendered":"https:\/\/bobvarela.com\/?p=47423"},"modified":"2013-09-04T20:02:54","modified_gmt":"2013-09-05T00:02:54","slug":"ashley-beth-prez-es-miss-puerto-rico-international-2013","status":"publish","type":"post","link":"https:\/\/bobvarela.com\/?p=47423","title":{"rendered":"Ashley Beth P&eacute;rez es Miss Puerto Rico International 2013"},"content":{"rendered":"<p align=\"justify\"><font size=\"3\">San Juan, 4 de septiembre 2013. \u2013 Ashley Beth P\u00e9rez ser\u00e1 la representante de la Isla en el certamen Miss International 2013 en Jap\u00f3n, tras haberse convertido en Miss Puerto Rico International 2013.<\/font><\/p>\n<p align=\"center\"><a href=\"https:\/\/bobvarela.com\/wp-content\/uploads\/2013\/09\/Ashley-Beth-Perez-133-Edit.jpg\"><img loading=\"lazy\" decoding=\"async\" title=\"Ashley-Beth-Perez-133-Edit\" style=\"border-top: 0px; border-right: 0px; background-image: none; border-bottom: 0px; padding-top: 0px; padding-left: 0px; border-left: 0px; display: inline; padding-right: 0px\" border=\"0\" alt=\"Ashley-Beth-Perez-133-Edit\" src=\"https:\/\/bobvarela.com\/wp-content\/uploads\/2013\/09\/Ashley-Beth-Perez-133-Edit_thumb.jpg\" width=\"344\" height=\"218\" \/><\/a><\/p>\n<p align=\"justify\"><font size=\"3\">Ashley Beth P\u00e9rez Calder\u00f3n se convirti\u00f3 oficialmente en la representante de Rico en uno de los cert\u00e1menes de belleza de mayor prestigio: Miss International 2013.&#160; La beldad carolinense, de 22 a\u00f1os de edad y estudiante de Comunicaciones, ostenta el t\u00edtulo que le da la responsabilidad de ser embajadora de la Isla en Jap\u00f3n el pr\u00f3ximo mes de octubre.<\/font><\/p>\n<p align=\"justify\"><font size=\"3\">La joven modelo&#160; fue seleccionada al darse la uni\u00f3n entre Creative Options, Inc. de el se\u00f1or Fernando Oquendo (director la franquicia local) y el renombrado dise\u00f1ador puertorrique\u00f1o, Carlos Alberto, quienes ahora ser\u00e1n los directivos de Miss International Puerto Rico y responsables del proceso de selecci\u00f3n de las representantes de la Isla en el prestigioso evento en los pr\u00f3ximos a\u00f1os.&#160;&#160; El dinamismo, belleza, porte, inteligencia e imponencia de la joven, fueron los atributos que observaron estos dos expertos de la moda y belleza y que culmin\u00f3 con&#160; la designaci\u00f3n de Ashley Beth como Miss Puerto Rico International 2013.&#160; \u201cEstamos alegres con la representaci\u00f3n que tendr\u00e1 Puerto Rico en el panorama internacional con la joven Ashley Beth P\u00e9rez . Esta hermosa chica llevar\u00e1 nuestra bandera y el nombre de Puerto Rico con la gracia, la belleza, orgullo y&#160; disciplina que la caracterizan. Es una bella y buena chica&#160; que tanto f\u00edsicamente como en su interior ha demostrado grandes atributos y mejores valores. Estamos seguros que siendo tan especial representante de la mujer puertorrique\u00f1a dar\u00e1 de qu\u00e9 hablar en Jap\u00f3n y posee todas las cualidades para ser la nueva soberana internacional\u201d, expresaron los directores nacionales.<\/font><\/p>\n<p align=\"justify\"><font size=\"3\">La soberana, quien actualmente se encuentra en un riguroso proceso de preparaci\u00f3n que incluye: gimnasio, clases de cultura general (e historia de Jap\u00f3n), pasarela, maquillaje y peinado, entre otras; se siente preparada, lista y segura de que traer\u00e1&#160; tan preciada corona para la Isla por segunda ocasi\u00f3n.&#160; \u201cMe siento emocionada, es una responsabilidad muy grande y deseo hacer un trabajo de excelencia.&#160; Quiero ser la pr\u00f3xima Miss International y as\u00ed poder traer tan prestigiosa corona a mi Isla nuevamente\u201d, dijo Ashley Beth, en referencia a su participaci\u00f3n en la competencia y en su deseo de emular la acci\u00f3n de la puertorrique\u00f1a Laurie Tamara Simpson, Miss International 1987.<\/font><\/p>\n","protected":false},"excerpt":{"rendered":"<p>San Juan, 4 de septiembre 2013. \u2013 Ashley Beth P\u00e9rez ser\u00e1 la representante de la Isla en el certamen Miss International 2013 en Jap\u00f3n, tras haberse convertido en Miss Puerto Rico International 2013. Ashley Beth P\u00e9rez Calder\u00f3n se convirti\u00f3 oficialmente&hellip;<\/p>\n<p class=\"more-link-p\"><a class=\"more-link\" href=\"https:\/\/bobvarela.com\/?p=47423\">Read more &rarr;<\/a><\/p>\n","protected":false},"author":1,"featured_media":0,"comment_status":"open","ping_status":"open","sticky":false,"template":"","format":"standard","meta":{"ngg_post_thumbnail":0,"footnotes":""},"categories":[5],"tags":[],"class_list":["post-47423","post","type-post","status-publish","format-standard","hentry","category-concursos"],"_links":{"self":[{"href":"https:\/\/bobvarela.com\/index.php?rest_route=\/wp\/v2\/posts\/47423","targetHints":{"allow":["GET"]}}],"collection":[{"href":"https:\/\/bobvarela.com\/index.php?rest_route=\/wp\/v2\/posts"}],"about":[{"href":"https:\/\/bobvarela.com\/index.php?rest_route=\/wp\/v2\/types\/post"}],"author":[{"embeddable":true,"href":"https:\/\/bobvarela.com\/index.php?rest_route=\/wp\/v2\/users\/1"}],"replies":[{"embeddable":true,"href":"https:\/\/bobvarela.com\/index.php?rest_route=%2Fwp%2Fv2%2Fcomments&post=47423"}],"version-history":[{"count":1,"href":"https:\/\/bobvarela.com\/index.php?rest_route=\/wp\/v2\/posts\/47423\/revisions"}],"predecessor-version":[{"id":47424,"href":"https:\/\/bobvarela.com\/index.php?rest_route=\/wp\/v2\/posts\/47423\/revisions\/47424"}],"wp:attachment":[{"href":"https:\/\/bobvarela.com\/index.php?rest_route=%2Fwp%2Fv2%2Fmedia&parent=47423"}],"wp:term":[{"taxonomy":"category","embeddable":true,"href":"https:\/\/bobvarela.com\/index.php?rest_route=%2Fwp%2Fv2%2Fcategories&post=47423"},{"taxonomy":"post_tag","embeddable":true,"href":"https:\/\/bobvarela.com\/index.php?rest_route=%2Fwp%2Fv2%2Ftags&post=47423"}],"curies":[{"name":"wp","href":"https:\/\/api.w.org\/{rel}","templated":true}]}}