{"id":47435,"date":"2013-09-05T14:17:41","date_gmt":"2013-09-05T18:17:41","guid":{"rendered":"https:\/\/bobvarela.com\/?p=47435"},"modified":"2013-09-05T14:18:13","modified_gmt":"2013-09-05T18:18:13","slug":"jos-ral-en-el-expo-dbella-high-fashion-2013","status":"publish","type":"post","link":"https:\/\/bobvarela.com\/?p=47435","title":{"rendered":"Jos&eacute; Ra&uacute;l en el EXPO D&rsquo;BELLA HIGH FASHION 2013"},"content":{"rendered":"<p align=\"center\"><a href=\"https:\/\/bobvarela.com\/wp-content\/uploads\/2013\/09\/EXPO-D-BELLA-HIGH-FASHION-2013-343.jpg\"><img loading=\"lazy\" decoding=\"async\" title=\"EXPO D BELLA HIGH FASHION 2013 343\" style=\"border-top: 0px; border-right: 0px; background-image: none; border-bottom: 0px; padding-top: 0px; padding-left: 0px; border-left: 0px; display: inline; padding-right: 0px\" border=\"0\" alt=\"EXPO D BELLA HIGH FASHION 2013 343\" src=\"https:\/\/bobvarela.com\/wp-content\/uploads\/2013\/09\/EXPO-D-BELLA-HIGH-FASHION-2013-343_thumb.jpg\" width=\"354\" height=\"252\" \/><\/a><\/p>\n<p><font face=\"Verdana\"><\/font><font size=\"3\">El 24 de Agosto 2013 en El Mayag\u00fcez Resort And Casino se celebro LA 3RA TEMPORADA DEL EXPO D&#8217;BELLA HIGH FASHION auspiciado por la agencia <b>D&#8217;BELLA MODELS AGENCY donde hubo presentaci\u00f3n de mas de nueve dise\u00f1adores. Aqu\u00ed<\/b><b> presentamos la Colleccion de&#160; <\/b>Jos\u00e9 Ra\u00fal <b>.<\/b><\/font><\/p>\n<p><strong><font size=\"3\" face=\"Verdana\">ngg_shortcode_0_placeholder<\/font><\/strong><\/p>\n","protected":false},"excerpt":{"rendered":"<p>El 24 de Agosto 2013 en El Mayag\u00fcez Resort And Casino se celebro LA 3RA TEMPORADA DEL EXPO D&#8217;BELLA HIGH FASHION auspiciado por la agencia D&#8217;BELLA MODELS AGENCY donde hubo presentaci\u00f3n de mas de nueve dise\u00f1adores. Aqu\u00ed presentamos la Colleccion&hellip;<\/p>\n<p class=\"more-link-p\"><a class=\"more-link\" href=\"https:\/\/bobvarela.com\/?p=47435\">Read more &rarr;<\/a><\/p>\n","protected":false},"author":1,"featured_media":0,"comment_status":"open","ping_status":"open","sticky":false,"template":"","format":"standard","meta":{"ngg_post_thumbnail":0,"footnotes":""},"categories":[4,295],"tags":[],"class_list":["post-47435","post","type-post","status-publish","format-standard","hentry","category-moda","category-puerto-rico"],"_links":{"self":[{"href":"https:\/\/bobvarela.com\/index.php?rest_route=\/wp\/v2\/posts\/47435","targetHints":{"allow":["GET"]}}],"collection":[{"href":"https:\/\/bobvarela.com\/index.php?rest_route=\/wp\/v2\/posts"}],"about":[{"href":"https:\/\/bobvarela.com\/index.php?rest_route=\/wp\/v2\/types\/post"}],"author":[{"embeddable":true,"href":"https:\/\/bobvarela.com\/index.php?rest_route=\/wp\/v2\/users\/1"}],"replies":[{"embeddable":true,"href":"https:\/\/bobvarela.com\/index.php?rest_route=%2Fwp%2Fv2%2Fcomments&post=47435"}],"version-history":[{"count":2,"href":"https:\/\/bobvarela.com\/index.php?rest_route=\/wp\/v2\/posts\/47435\/revisions"}],"predecessor-version":[{"id":47437,"href":"https:\/\/bobvarela.com\/index.php?rest_route=\/wp\/v2\/posts\/47435\/revisions\/47437"}],"wp:attachment":[{"href":"https:\/\/bobvarela.com\/index.php?rest_route=%2Fwp%2Fv2%2Fmedia&parent=47435"}],"wp:term":[{"taxonomy":"category","embeddable":true,"href":"https:\/\/bobvarela.com\/index.php?rest_route=%2Fwp%2Fv2%2Fcategories&post=47435"},{"taxonomy":"post_tag","embeddable":true,"href":"https:\/\/bobvarela.com\/index.php?rest_route=%2Fwp%2Fv2%2Ftags&post=47435"}],"curies":[{"name":"wp","href":"https:\/\/api.w.org\/{rel}","templated":true}]}}