{"id":47442,"date":"2013-09-05T16:38:13","date_gmt":"2013-09-05T20:38:13","guid":{"rendered":"https:\/\/bobvarela.com\/?p=47442"},"modified":"2013-09-05T16:38:13","modified_gmt":"2013-09-05T20:38:13","slug":"modelos-puertorriqueas-rumbo-al-fashion-week-panam","status":"publish","type":"post","link":"https:\/\/bobvarela.com\/?p=47442","title":{"rendered":"Modelos puertorrique&ntilde;as rumbo al Fashion Week Panam&aacute;"},"content":{"rendered":"<p align=\"justify\"><a href=\"https:\/\/bobvarela.com\/wp-content\/uploads\/2013\/09\/yarimar-2.jpg\"><img loading=\"lazy\" decoding=\"async\" title=\"yarimar -2\" style=\"border-top: 0px; border-right: 0px; background-image: none; border-bottom: 0px; float: left; padding-top: 0px; padding-left: 0px; border-left: 0px; display: inline; padding-right: 0px\" border=\"0\" alt=\"yarimar -2\" align=\"left\" src=\"https:\/\/bobvarela.com\/wp-content\/uploads\/2013\/09\/yarimar-2_thumb.jpg\" width=\"171\" height=\"262\" \/><\/a><font size=\"3\">Esta semana se anunci\u00f3 oficialmente que las modelos puertorrique\u00f1as Tabatha S\u00e1nchez y Denalyn Cotto viajar\u00e1n a Ciudad de Panam\u00e1 para representar a Puerto Rico en el evento m\u00e1s importante de Centroam\u00e9rica: el Fashion Week Panam\u00e1, que cuenta este a\u00f1o con m\u00e1s de 35 dise\u00f1adores paname\u00f1os y extranjeros. Dicho evento se celebrar\u00e1 del 10 al 12 de octubre en el Centro de Convenciones de Atlapa, en Panam\u00e1.<\/font><\/p>\n<p align=\"justify\"><font size=\"3\">Las j\u00f3venes, quienes forman parte de la destacada Agencia de Modelos \u00d3ptima, fueron seleccionadas por la organizaci\u00f3n del Fashion Week Panam\u00e1, que es una de las pasarelas m\u00e1s importantes de Latinoam\u00e9rica y representa un polo de atracci\u00f3n para el turismo y la moda a nivel internacional. <\/font><\/p>\n<p align=\"justify\"><font size=\"3\">\u201cEstamos muy honrados de tener este a\u00f1o a dos de nuestras modelos en esta prestigiosa pasarela. Para nosotros no solo es primordial que nuestros talentos se promuevan y trabajen en la industria de la moda local, sino tambi\u00e9n a nivel internacional\u201d, dijo la presidenta de \u00d3ptima, Yarimar Marrero. \u201cEste a\u00f1o hemos hecho una fusi\u00f3n con prestigiosas agencias internacionales para mercadear a nuestras modelos tambi\u00e9n fuera de la Isla y este es uno de los resultados de este arduo trabajo\u201d, asegur\u00f3 la empresaria, quien celebra este a\u00f1o los 10 a\u00f1os de fundaci\u00f3n de su agencia, ubicada en la zona central de Puerto Rico. <\/font><\/p>\n<p align=\"justify\"><font size=\"3\">Alrededor de 20 dise\u00f1adores paname\u00f1os y 7 internacionales, as\u00ed como varios dise\u00f1adores emergentes estar\u00e1n participando de este magno evento con una impresionante puesta en escena que ser\u00e1 el resultado de meses de arduo trabajo. <\/font><\/p>\n<p align=\"justify\"><a href=\"https:\/\/bobvarela.com\/wp-content\/uploads\/2013\/09\/yarimar-3.jpg\"><img loading=\"lazy\" decoding=\"async\" title=\"yarimar -3\" style=\"border-top: 0px; border-right: 0px; background-image: none; border-bottom: 0px; float: left; padding-top: 0px; padding-left: 0px; border-left: 0px; display: inline; padding-right: 0px\" border=\"0\" alt=\"yarimar -3\" align=\"left\" src=\"https:\/\/bobvarela.com\/wp-content\/uploads\/2013\/09\/yarimar-3_thumb.jpg\" width=\"163\" height=\"264\" \/><\/a><font size=\"3\">Algunos de los dise\u00f1adores que formar\u00e1n parte de esta semana de moda en Panam\u00e1 son: John Bejarano, Vergara &amp; Vergara, Juan David Velez, Melina Renata Lozano, Ludovika Koch, entre otros. La sorpresa del evento de moda es que uno de los ganadores del Project Runway visitar\u00e1 Panam\u00e1 para presentar su m\u00e1s reciente colecci\u00f3n.<\/font><\/p>\n<p align=\"justify\"><font size=\"3\">A su arribo a Ciudad de Panam\u00e1 las puertorrique\u00f1as tendr\u00e1n una agenda cargada en la que participar\u00e1n de algunos castings para dise\u00f1adores internacionales, fittings y varios eventos como parte del Fashion Week Panam\u00e1. Adem\u00e1s las j\u00f3venes tendr\u00e1n varias entrevistas con los medios paname\u00f1os. \u201cYa las modelos est\u00e1n confirmadas para varios dise\u00f1adores locales e internacionales. Sabemos que aprovechar\u00e1n esta oportunidad al m\u00e1ximo y que esto les servir\u00e1 de plataforma para abrirse campo a la industria internacional\u201d, sostuvo Marrero.<\/font><\/p>\n<p align=\"justify\"><font size=\"3\">Fashion Week Panam\u00e1 se convierte en centro de atenci\u00f3n de los amantes de las tendencias mundiales y la moda se convierte en la herramienta m\u00e1s importante de marketing, posicionando los productos que generan un <i>trend<\/i> a seguir, de diversos rubros; tecnolog\u00eda, nutrici\u00f3n, cuidad personal y muchos m\u00e1s. Las pasarelas de Fashion Week Panam\u00e1 obligan y exigen a los dise\u00f1adores realizar una propuesta para los consumidores m\u00e1s exigentes. Propuestas con coherencia, dise\u00f1o y acabados de calidad que permiten que los miles de visitantes del evento tengan la oportunidad de apreciar la variedad de propuestas, muchas de ellas rescatando parte de los valores de la artesan\u00eda milenaria de Panam\u00e1.<\/font><\/p>\n","protected":false},"excerpt":{"rendered":"<p>Esta semana se anunci\u00f3 oficialmente que las modelos puertorrique\u00f1as Tabatha S\u00e1nchez y Denalyn Cotto viajar\u00e1n a Ciudad de Panam\u00e1 para representar a Puerto Rico en el evento m\u00e1s importante de Centroam\u00e9rica: el Fashion Week Panam\u00e1, que cuenta este a\u00f1o con&hellip;<\/p>\n<p class=\"more-link-p\"><a class=\"more-link\" href=\"https:\/\/bobvarela.com\/?p=47442\">Read more &rarr;<\/a><\/p>\n","protected":false},"author":1,"featured_media":0,"comment_status":"open","ping_status":"open","sticky":false,"template":"","format":"standard","meta":{"ngg_post_thumbnail":0,"footnotes":""},"categories":[3,4],"tags":[],"class_list":["post-47442","post","type-post","status-publish","format-standard","hentry","category-actividades","category-moda"],"_links":{"self":[{"href":"https:\/\/bobvarela.com\/index.php?rest_route=\/wp\/v2\/posts\/47442","targetHints":{"allow":["GET"]}}],"collection":[{"href":"https:\/\/bobvarela.com\/index.php?rest_route=\/wp\/v2\/posts"}],"about":[{"href":"https:\/\/bobvarela.com\/index.php?rest_route=\/wp\/v2\/types\/post"}],"author":[{"embeddable":true,"href":"https:\/\/bobvarela.com\/index.php?rest_route=\/wp\/v2\/users\/1"}],"replies":[{"embeddable":true,"href":"https:\/\/bobvarela.com\/index.php?rest_route=%2Fwp%2Fv2%2Fcomments&post=47442"}],"version-history":[{"count":1,"href":"https:\/\/bobvarela.com\/index.php?rest_route=\/wp\/v2\/posts\/47442\/revisions"}],"predecessor-version":[{"id":47443,"href":"https:\/\/bobvarela.com\/index.php?rest_route=\/wp\/v2\/posts\/47442\/revisions\/47443"}],"wp:attachment":[{"href":"https:\/\/bobvarela.com\/index.php?rest_route=%2Fwp%2Fv2%2Fmedia&parent=47442"}],"wp:term":[{"taxonomy":"category","embeddable":true,"href":"https:\/\/bobvarela.com\/index.php?rest_route=%2Fwp%2Fv2%2Fcategories&post=47442"},{"taxonomy":"post_tag","embeddable":true,"href":"https:\/\/bobvarela.com\/index.php?rest_route=%2Fwp%2Fv2%2Ftags&post=47442"}],"curies":[{"name":"wp","href":"https:\/\/api.w.org\/{rel}","templated":true}]}}