{"id":47446,"date":"2013-09-05T17:39:20","date_gmt":"2013-09-05T21:39:20","guid":{"rendered":"https:\/\/bobvarela.com\/?p=47446"},"modified":"2013-09-05T17:39:20","modified_gmt":"2013-09-05T21:39:20","slug":"giselle-blondet-desfilar-por-primera-vez-en-la-pasarela-del-puerto-rico-high-fashion-week-prhfw-a-beneficio-de-la-libre-brilla","status":"publish","type":"post","link":"https:\/\/bobvarela.com\/?p=47446","title":{"rendered":"Giselle Blondet desfilar&aacute; por primera vez en la pasarela del Puerto Rico High Fashion Week (PRHFW) a beneficio de La Libre Brilla"},"content":{"rendered":"<p align=\"center\"><a href=\"https:\/\/bobvarela.com\/wp-content\/uploads\/2013\/09\/image.png\"><img loading=\"lazy\" decoding=\"async\" title=\"image\" style=\"border-top: 0px; border-right: 0px; background-image: none; border-bottom: 0px; padding-top: 0px; padding-left: 0px; border-left: 0px; display: inline; padding-right: 0px\" border=\"0\" alt=\"image\" src=\"https:\/\/bobvarela.com\/wp-content\/uploads\/2013\/09\/image_thumb.png\" width=\"223\" height=\"291\" \/><\/a><\/p>\n<p align=\"justify\"><font size=\"3\" face=\"Verdana\">L<\/font><font size=\"3\" face=\"Verdana\">a d\u00e9cimo sexta edici\u00f3n del Puerto Rico High Fashion Week, (PRHFW), contar\u00e1 con la participaci\u00f3n de Giselle Blondet como parte de Arte Por la Paz <i>Fashion Gala <\/i>a beneficio de La Libre Brilla en el MAPR en Santurce. La reconocida actriz y presentadora puertorrique\u00f1a, ser\u00e1 la anfitriona del <i>Fashion Gala <\/i>y modelo especial del desfile del dise\u00f1ador puertorrique\u00f1o radicado en Paris, Reinaldo \u00c1lvarez. PRHFW se realizar\u00e1 los d\u00edas 23, 24, 25 y 26 de octubre a partir de las 6:30 p.m. en los jardines del MAPR. Arte por la Paz <i>Fashion Gala<\/i> ser\u00e1 el s\u00e1bado, 26 de octubre a las 8:00pm, culminando as\u00ed la semana de la moda del PRHFW.<\/font><\/p>\n<p align=\"justify\"><font size=\"3\" face=\"Verdana\">Caridad Fern\u00e1ndez, presidenta del PRHFW indic\u00f3 que, \u201ces maravilloso poder contar con personalidad de la talla de Giselle Blondet y su Fundaci\u00f3n Arte por La Paz en el PRHFW.\u201d A\u00f1adi\u00f3 que, \u201cen la uni\u00f3n tenemos la fuerza para hacer un Puerto Rico mejor. La idea de fusionar los conceptos de arte y moda tiene como fin expresar la forma \u00fanica de las colecciones Primavera-Verano 2014. El MAPR es el espacio perfecto dentro de la urbe Santurcina para celebrar este magno evento de la moda en Puerto Rico y donde vive la esencia misma del arte\u201d.<\/font><\/p>\n<p align=\"justify\"><font size=\"3\" face=\"Verdana\">Por su parte, Giselle Blondet afirma que \u201cla alianza de Arte por La Paz y PRHFW es id\u00f3nea para contribuir a una transformaci\u00f3n positiva a trav\u00e9s de la educaci\u00f3n en las artes. Este a\u00f1o, Arte por La Paz se enfoca en ayudar a la Escuela Libre de M\u00fasica donde me form\u00e9. Con el programa <i>La Libre Brilla<\/i> la idea es que sea un orgullo ir a La Libre y que vuelva a ser lo que fue y m\u00e1s. Que cualquier joven por su talento y dedicaci\u00f3n pueda lograr sus metas. Para mi todo es posible a trav\u00e9s del arte. El arte es mi vida.\u201d<\/font><\/p>\n<p align=\"justify\"><i><font size=\"3\" face=\"Verdana\"><\/font><\/i><\/p>\n<p align=\"justify\"><font size=\"3\" face=\"Verdana\">Este a\u00f1o el PRHFW contar\u00e1 con la participaci\u00f3n de los dise\u00f1adores reconocidos a nivel internacional: Custo Barcelona, Maya Hansen y Reinaldo \u00c1lvarez; en el \u00e1mbito local de la moda se encuentran los destacados dise\u00f1adores David Antonio, Lisa Thon, Eddie Guerrero, Jaer Cab\u00e1n y Jos\u00e9 Ra\u00fal. Adem\u00e1s, se estar\u00e1n presentando los dise\u00f1adores noveles de la moda llamados \u201cThe New Generation\u201d. El grupo est\u00e1 compuesto por Jackie Tejada, Reynaldo Jos\u00e9, Pedro \u00c1ngel Chaluisant, Lorena Arvelo, Gabriel Ocasio, Diana V\u00e1zquez, David \u201cDee\u201d Serret, H\u00e9ctor Omar, Joseph Da\u2019ponte y Orlando Emanuel. <\/font><\/p>\n<p align=\"justify\"><font size=\"3\" face=\"Verdana\">Fern\u00e1ndez a\u00f1adi\u00f3 que este a\u00f1o la firma ARQUETIPO estar\u00e1 a cargo de la decoraci\u00f3n y el montaje del evento en el MAPR. El concepto ser\u00e1 el montaje de una carpa majestuosa, asimilando los tipos de eventos de modas m\u00e1s grandes del mundo, como el Mercedes Benz New York Fashion Week en el Lincoln Center. En el interior, unos 300 invitados podr\u00e1n disfrutar de la cercan\u00eda exclusiva de las diversas colecciones de los dise\u00f1adores que se dar\u00e1n cita durante los tres d\u00edas del desfile en la esperada edici\u00f3n del PRHFW 2013.<\/font><\/p>\n<p>Credito de Foto: Fotografo: Tony Vera, Directora Creativa: Caridad Fern\u00e1ndez, Maquillaje y Peinado: Heriberto \u201cPizz\u00f3n\u201d Ram\u00edrez, <i>Master Stylist<\/i> de Miranda Beauty Salon, <i>Stylist<\/i>: Lizette Schettini, Zapatos: Suola, Traje: Lisa Thon (<a name=\"_GoBack\"><\/a>traje corto negro) <\/p>\n","protected":false},"excerpt":{"rendered":"<p>La d\u00e9cimo sexta edici\u00f3n del Puerto Rico High Fashion Week, (PRHFW), contar\u00e1 con la participaci\u00f3n de Giselle Blondet como parte de Arte Por la Paz Fashion Gala a beneficio de La Libre Brilla en el MAPR en Santurce. La reconocida&hellip;<\/p>\n<p class=\"more-link-p\"><a class=\"more-link\" href=\"https:\/\/bobvarela.com\/?p=47446\">Read more &rarr;<\/a><\/p>\n","protected":false},"author":1,"featured_media":0,"comment_status":"open","ping_status":"open","sticky":false,"template":"","format":"standard","meta":{"ngg_post_thumbnail":0,"footnotes":""},"categories":[4,295],"tags":[],"class_list":["post-47446","post","type-post","status-publish","format-standard","hentry","category-moda","category-puerto-rico"],"_links":{"self":[{"href":"https:\/\/bobvarela.com\/index.php?rest_route=\/wp\/v2\/posts\/47446","targetHints":{"allow":["GET"]}}],"collection":[{"href":"https:\/\/bobvarela.com\/index.php?rest_route=\/wp\/v2\/posts"}],"about":[{"href":"https:\/\/bobvarela.com\/index.php?rest_route=\/wp\/v2\/types\/post"}],"author":[{"embeddable":true,"href":"https:\/\/bobvarela.com\/index.php?rest_route=\/wp\/v2\/users\/1"}],"replies":[{"embeddable":true,"href":"https:\/\/bobvarela.com\/index.php?rest_route=%2Fwp%2Fv2%2Fcomments&post=47446"}],"version-history":[{"count":1,"href":"https:\/\/bobvarela.com\/index.php?rest_route=\/wp\/v2\/posts\/47446\/revisions"}],"predecessor-version":[{"id":47447,"href":"https:\/\/bobvarela.com\/index.php?rest_route=\/wp\/v2\/posts\/47446\/revisions\/47447"}],"wp:attachment":[{"href":"https:\/\/bobvarela.com\/index.php?rest_route=%2Fwp%2Fv2%2Fmedia&parent=47446"}],"wp:term":[{"taxonomy":"category","embeddable":true,"href":"https:\/\/bobvarela.com\/index.php?rest_route=%2Fwp%2Fv2%2Fcategories&post=47446"},{"taxonomy":"post_tag","embeddable":true,"href":"https:\/\/bobvarela.com\/index.php?rest_route=%2Fwp%2Fv2%2Ftags&post=47446"}],"curies":[{"name":"wp","href":"https:\/\/api.w.org\/{rel}","templated":true}]}}