{"id":47460,"date":"2013-09-07T11:58:46","date_gmt":"2013-09-07T15:58:46","guid":{"rendered":"https:\/\/bobvarela.com\/?p=47460"},"modified":"2013-09-07T11:59:18","modified_gmt":"2013-09-07T15:59:18","slug":"fernando-gantier-en-el-expo-dbella-high-fashion-2013","status":"publish","type":"post","link":"https:\/\/bobvarela.com\/?p=47460","title":{"rendered":"Fernando Gantier en el EXPO D&#8217;BELLA HIGH FASHION 2013"},"content":{"rendered":"<p align=\"justify\"><font size=\"3\" face=\"Verdana\"><a href=\"https:\/\/bobvarela.com\/wp-content\/uploads\/2013\/09\/EXPO-D-BELLA-HIGH-FASHION-2013-538.jpg\"><img loading=\"lazy\" decoding=\"async\" title=\"EXPO D BELLA HIGH FASHION 2013 538\" style=\"border-top: 0px; border-right: 0px; background-image: none; border-bottom: 0px; float: none; padding-top: 0px; padding-left: 0px; margin-left: auto; border-left: 0px; display: block; padding-right: 0px; margin-right: auto\" border=\"0\" alt=\"EXPO D BELLA HIGH FASHION 2013 538\" src=\"https:\/\/bobvarela.com\/wp-content\/uploads\/2013\/09\/EXPO-D-BELLA-HIGH-FASHION-2013-538_thumb.jpg\" width=\"358\" height=\"234\" \/><\/a><\/font><\/p>\n<p align=\"justify\"><font size=\"3\" face=\"Verdana\">El 24 de Agosto 2013 en El Mayag\u00fcez Resort And Casino se celebro LA 3RA TEMPORADA DEL EXPO D&#8217;BELLA HIGH FASHION auspiciado por la agencia D&#8217;BELLA MODELS AGENCY donde hubo presentaci\u00f3n de mas de nueve dise\u00f1adores. Aqu\u00ed presentamos la Colleccion de&#160; Fernando Gantier con los acessorios de Krystalos<\/font><\/p>\n<p align=\"justify\"><font size=\"3\" face=\"Verdana\">ngg_shortcode_0_placeholder<\/font><\/p>\n","protected":false},"excerpt":{"rendered":"<p>El 24 de Agosto 2013 en El Mayag\u00fcez Resort And Casino se celebro LA 3RA TEMPORADA DEL EXPO D&#8217;BELLA HIGH FASHION auspiciado por la agencia D&#8217;BELLA MODELS AGENCY donde hubo presentaci\u00f3n de mas de nueve dise\u00f1adores. Aqu\u00ed presentamos la Colleccion&hellip;<\/p>\n<p class=\"more-link-p\"><a class=\"more-link\" href=\"https:\/\/bobvarela.com\/?p=47460\">Read more &rarr;<\/a><\/p>\n","protected":false},"author":1,"featured_media":0,"comment_status":"open","ping_status":"open","sticky":false,"template":"","format":"standard","meta":{"ngg_post_thumbnail":0,"footnotes":""},"categories":[4,295],"tags":[],"class_list":["post-47460","post","type-post","status-publish","format-standard","hentry","category-moda","category-puerto-rico"],"_links":{"self":[{"href":"https:\/\/bobvarela.com\/index.php?rest_route=\/wp\/v2\/posts\/47460","targetHints":{"allow":["GET"]}}],"collection":[{"href":"https:\/\/bobvarela.com\/index.php?rest_route=\/wp\/v2\/posts"}],"about":[{"href":"https:\/\/bobvarela.com\/index.php?rest_route=\/wp\/v2\/types\/post"}],"author":[{"embeddable":true,"href":"https:\/\/bobvarela.com\/index.php?rest_route=\/wp\/v2\/users\/1"}],"replies":[{"embeddable":true,"href":"https:\/\/bobvarela.com\/index.php?rest_route=%2Fwp%2Fv2%2Fcomments&post=47460"}],"version-history":[{"count":2,"href":"https:\/\/bobvarela.com\/index.php?rest_route=\/wp\/v2\/posts\/47460\/revisions"}],"predecessor-version":[{"id":47462,"href":"https:\/\/bobvarela.com\/index.php?rest_route=\/wp\/v2\/posts\/47460\/revisions\/47462"}],"wp:attachment":[{"href":"https:\/\/bobvarela.com\/index.php?rest_route=%2Fwp%2Fv2%2Fmedia&parent=47460"}],"wp:term":[{"taxonomy":"category","embeddable":true,"href":"https:\/\/bobvarela.com\/index.php?rest_route=%2Fwp%2Fv2%2Fcategories&post=47460"},{"taxonomy":"post_tag","embeddable":true,"href":"https:\/\/bobvarela.com\/index.php?rest_route=%2Fwp%2Fv2%2Ftags&post=47460"}],"curies":[{"name":"wp","href":"https:\/\/api.w.org\/{rel}","templated":true}]}}