{"id":47477,"date":"2013-09-12T19:44:50","date_gmt":"2013-09-12T23:44:50","guid":{"rendered":"https:\/\/bobvarela.com\/?p=47477"},"modified":"2013-09-12T19:54:36","modified_gmt":"2013-09-12T23:54:36","slug":"san-juan-moda-una-semana-completa-de-moda-con-diseadores-de-alta-costura-y-accesorios","status":"publish","type":"post","link":"https:\/\/bobvarela.com\/?p=47477","title":{"rendered":"San Juan Moda: Una semana completa de Moda con dise&ntilde;adores de alta costura y accesorios"},"content":{"rendered":"<p align=\"center\"><a href=\"https:\/\/bobvarela.com\/wp-content\/uploads\/2013\/09\/1175600_634031579981389_63694966_n.jpg\"><img loading=\"lazy\" decoding=\"async\" title=\"1175600_634031579981389_63694966_n\" style=\"border-top: 0px; border-right: 0px; background-image: none; border-bottom: 0px; padding-top: 0px; padding-left: 0px; border-left: 0px; display: inline; padding-right: 0px\" border=\"0\" alt=\"1175600_634031579981389_63694966_n\" src=\"https:\/\/bobvarela.com\/wp-content\/uploads\/2013\/09\/1175600_634031579981389_63694966_n_thumb.jpg\" width=\"412\" height=\"324\" \/><\/a><\/p>\n<p align=\"justify\"><font size=\"3\"><i><u>San Juan, Puerto Rico (jueves, 12 de septiembre de 2013)<\/u><\/i><i> <\/i>\u2013 El Hotel San Juan se adelanta a la moda y vuelve a ser la casa de un gran evento lleno de alta costura, elegancia, tendencias y eventos sociales y educativos por toda una semana, para presentar las propuestas locales para la <b>Primavera-Verano 2014<\/b>.<\/font><\/p>\n<p align=\"justify\"><font size=\"3\"><b>San Juan Moda<\/b> es el primer colectivo de dise\u00f1adores que se celebra durante siete d\u00edas corridos en Puerto Rico. El evento que unir\u00e1 a un total de quince reconocidos dise\u00f1adores desde el domingo 6 al s\u00e1bado 12 de octubre, integra a estudiantes de estilismo en talleres diurnos para ofrecerle una visi\u00f3n amplia del fascinante mundo de la moda y el desarrollo de esta.<\/font><\/p>\n<p align=\"justify\"><font size=\"3\"><i>\u201cEste evento ha sido fruto de un largo esfuerzo, pensado y ejecutado gracias a la confianza de mucha gente como lo son esta bater\u00eda de dise\u00f1adores locales. La moda regresa al Hotel San Juan adelantando tendencias. Ser\u00e1 una semana que marcar\u00e1 un rumbo, desarrollando la industria con enfoque internacional para que los nuestros acaparen el mundo<\/i>\u201d, dijo Carlos Berm\u00fadez coordinador del evento.<\/font><\/p>\n<p align=\"justify\"><font size=\"3\">Entre el talentoso grupo de dise\u00f1adores que se presentar\u00e1n en las tres pasarelas por todo el Hotel San Juan como el lobby, piscina y ballroom, con calzado de Novus, destacan dise\u00f1adores de alta costura, accesorios y ropa Ready-To-Wear.<\/font><\/p>\n<p align=\"justify\"><font size=\"3\"><i>\u201cLos modelos que servir\u00e1n de gancho a las hermosas creaciones de los dise\u00f1adores pertenecen a las seis agencias m\u00e1s reconocidas del pa\u00eds que han logrado un junte hist\u00f3rico: <b>Annjannete<\/b>, <b>Cromo<\/b>, <b>Desiree Lowry<\/b>, <b>Element<\/b>, <b>Epic<\/b> y <b>Likuid<\/b>. De hecho, la semana pasada, los directivos de las seis agencias realizaron una audici\u00f3n abierta, para descubrir nuevos talentos de todas partes de la Isla, a la que asistieron m\u00e1s de 250 personas que aspiran ser modelos. Son los directivos de cada agencia quienes determinan cuales son los modelos que se les presentar\u00e1n a los dise\u00f1adores\u201c<\/i>, inform\u00f3 otro de los coordinadores del evento Lemil Collazo.<\/font><\/p>\n<p align=\"justify\"><font size=\"3\">Se explic\u00f3 que las presentaciones en el Ballroom ser\u00e1n por estricta invitaci\u00f3n, aunque el p\u00fablico en general podr\u00e1 disfrutar de los eventos y desfiles en el lobby. Una vez terminados los desfiles del Ballroom se presentar\u00e1n en pantallas ubicadas c\u00e9ntricamente en el vest\u00edbulo del Hotel para el disfrute de todos.<\/font><\/p>\n<p align=\"justify\"><font size=\"3\">Una de las innovaciones de <b>San Juan Moda<\/b>, ser\u00e1n los seminarios a futuros dise\u00f1adores y estilistas. Estos seminarios se estar\u00e1n ofreciendo durante dos d\u00edas en el hotel y culminar\u00e1 con un reto que incluye una eliminatoria durante la semana de la moda y una competencia en redes sociales en colaboraci\u00f3n con el Nuevo D\u00eda y Univisi\u00f3n que concluye el 4 de noviembre en el San Juan Beauty Show, evento que se destaca por las tendencias y competencias en el \u00e1rea del estilismo.<\/font><\/p>\n<p align=\"justify\"><b><font size=\"3\">Calendario de San Juan Moda<\/font><\/b><\/p>\n<p align=\"justify\"><font size=\"3\"><b>Domingo, 6 de octubre<\/b>       <br \/>2:00PM Inauguraci\u00f3n, dedicatoria y Corte de Cinta       <br \/>4:00PM Carlos Alberto (Colecci\u00f3n infantil)       <br \/>4:45PM Heriberto V\u00e1zquez<\/font><\/p>\n<p align=\"justify\"><font size=\"3\"><b>Lunes, 7 de octubre<\/b>       <br \/>Talleres Estudiantes       <br \/>Dise\u00f1ador Internacional (Su anuncio ser\u00e1 pr\u00f3ximamente) <\/font><\/p>\n<p align=\"justify\"><font size=\"3\"><b>Martes, 8 de octubre<\/b>       <br \/>Talleres Estudiantes       <br \/>8:00PM OF Atelier \u2013 Ballroom       <br \/>9:30PM Edzel Giovani \u2013 Ballroom<\/font><\/p>\n<p align=\"justify\"><font size=\"3\"><b>Mi\u00e9rcoles, 9 de octubre<\/b>       <br \/>8:00PM Marcos Carrazana \u2013 Ballroom       <br \/>9:00PM Louis \u00c1ngel Qui\u00f1ones \u2013 Lobby       <br \/>9:30PM Rub\u00e9n Dar\u00edo \u2013 Ballroom<\/font><\/p>\n<p align=\"justify\"><font size=\"3\"><b>Jueves, 10 de octubre<\/b>       <br \/>8:00PM Lisa Thon \u2013 Ballroom       <br \/>9:00PM Alberto Torres &#8211; Lobby       <br \/>9:30PM Sonia Santiago \u2013 Ballroom<\/font><\/p>\n<p align=\"justify\"><font size=\"3\"><b>Viernes, 11 de octubre<\/b>       <br \/>8:00PM Carlos Alberto \u2013 Ballroom       <br \/>9:00PM Frolain \u2013 Lobby       <br \/>9:30PM Pipo Pere \u2013 Ballroom       <br \/>10:30PM Jesuan Ramos \u2013 Lobby<\/font><\/p>\n<p align=\"justify\"><font size=\"3\"><b>S\u00e1bado, 12 de octubre<\/b>       <br \/>8:00PM Competencia Total Look con Academias \u2013 Lobby       <br \/>9:30PM Miriam Budet \u2013 Lobby<\/font><\/p>\n<p align=\"justify\"><font size=\"3\">Para m\u00e1s informaci\u00f3n sobre <b>San Juan Moda<\/b><b> <\/b>pueden conectarse a las redes sociales Facebook, Twitter e Instagram siguiendo a @sanjuanmodapr y su p\u00e1gina web www\/<\/font><a href=\"https:\/\/sanjuanmodapr.com\/\"><font size=\"3\">sanjuanmodapr.com<\/font><\/a><font size=\"3\">.^<\/font><\/p>\n","protected":false},"excerpt":{"rendered":"<p>San Juan, Puerto Rico (jueves, 12 de septiembre de 2013) \u2013 El Hotel San Juan se adelanta a la moda y vuelve a ser la casa de un gran evento lleno de alta costura, elegancia, tendencias y eventos sociales y&hellip;<\/p>\n<p class=\"more-link-p\"><a class=\"more-link\" href=\"https:\/\/bobvarela.com\/?p=47477\">Read more &rarr;<\/a><\/p>\n","protected":false},"author":1,"featured_media":0,"comment_status":"open","ping_status":"open","sticky":false,"template":"","format":"standard","meta":{"ngg_post_thumbnail":0,"footnotes":""},"categories":[4,295],"tags":[],"class_list":["post-47477","post","type-post","status-publish","format-standard","hentry","category-moda","category-puerto-rico"],"_links":{"self":[{"href":"https:\/\/bobvarela.com\/index.php?rest_route=\/wp\/v2\/posts\/47477","targetHints":{"allow":["GET"]}}],"collection":[{"href":"https:\/\/bobvarela.com\/index.php?rest_route=\/wp\/v2\/posts"}],"about":[{"href":"https:\/\/bobvarela.com\/index.php?rest_route=\/wp\/v2\/types\/post"}],"author":[{"embeddable":true,"href":"https:\/\/bobvarela.com\/index.php?rest_route=\/wp\/v2\/users\/1"}],"replies":[{"embeddable":true,"href":"https:\/\/bobvarela.com\/index.php?rest_route=%2Fwp%2Fv2%2Fcomments&post=47477"}],"version-history":[{"count":2,"href":"https:\/\/bobvarela.com\/index.php?rest_route=\/wp\/v2\/posts\/47477\/revisions"}],"predecessor-version":[{"id":47485,"href":"https:\/\/bobvarela.com\/index.php?rest_route=\/wp\/v2\/posts\/47477\/revisions\/47485"}],"wp:attachment":[{"href":"https:\/\/bobvarela.com\/index.php?rest_route=%2Fwp%2Fv2%2Fmedia&parent=47477"}],"wp:term":[{"taxonomy":"category","embeddable":true,"href":"https:\/\/bobvarela.com\/index.php?rest_route=%2Fwp%2Fv2%2Fcategories&post=47477"},{"taxonomy":"post_tag","embeddable":true,"href":"https:\/\/bobvarela.com\/index.php?rest_route=%2Fwp%2Fv2%2Ftags&post=47477"}],"curies":[{"name":"wp","href":"https:\/\/api.w.org\/{rel}","templated":true}]}}