{"id":47519,"date":"2013-09-17T20:37:12","date_gmt":"2013-09-18T00:37:12","guid":{"rendered":"https:\/\/bobvarela.com\/?p=47519"},"modified":"2013-09-17T20:37:12","modified_gmt":"2013-09-18T00:37:12","slug":"casting-para-personas-transexuales-y-transgneros-4-de-octubre-de-2013","status":"publish","type":"post","link":"https:\/\/bobvarela.com\/?p=47519","title":{"rendered":"CASTING PARA PERSONAS TRANSEXUALES Y TRANSG&Eacute;NEROS  4 de octubre de 2013"},"content":{"rendered":"<p><a href=\"https:\/\/bobvarela.com\/wp-content\/uploads\/2013\/09\/APRIL-CARRION-para-David-Antonio.jpg\"><img loading=\"lazy\" decoding=\"async\" title=\"APRIL CARRION para David Antonio\" style=\"border-top: 0px; border-right: 0px; background-image: none; border-bottom: 0px; float: left; padding-top: 0px; padding-left: 0px; border-left: 0px; display: inline; padding-right: 0px\" border=\"0\" alt=\"APRIL CARRION para David Antonio\" align=\"left\" src=\"https:\/\/bobvarela.com\/wp-content\/uploads\/2013\/09\/APRIL-CARRION-para-David-Antonio_thumb.jpg\" width=\"120\" height=\"181\" \/><\/a>  <\/p>\n<p align=\"justify\"><font size=\"3\" face=\"Verdana\">Dentro de las comunidades LGBTT, las comunidades transexuales y transg\u00e9nero en Puerto Rico, est\u00e1n expuestas a los mayores niveles de discrimen en todos los aspectos sociales. Coa\u00ed, Inc., es una de las pocas organizaciones que trabajan programas dirigidos a atender las necesidades de salud integral de estas poblaciones tan vulnerables en nuestra sociedad, en una apuesta que persigue lograr la equidad y el reconocimiento social que como seres humanos merecen.<\/font><\/p>\n<p align=\"justify\"><font size=\"3\" face=\"Verdana\">Por ello, y camino a la celebraci\u00f3n de la Segunda Edici\u00f3n del evento TRANSFASHION, evento \u00fanico en el mundo de la moda en Puerto Rico, el pr\u00f3ximo 4 de octubre de 2013 a las 7:00 P.M. en el Restaurante SOHO de Hato Rey (229 Ave. F.D. Roosevelt), se celebrar\u00e1 un casting dirigido a miembros de las comunidades transexuales y transg\u00e9neros de Puerto Rico. Las personas interesadas deben darse cita al local y llevar vestimenta estrictamente negra y con un \u201clook\u201d de \u201cTop Model\u201d, no importa la talla ni la estatura.<\/font><\/p>\n<p align=\"center\"><a href=\"https:\/\/bobvarela.com\/wp-content\/uploads\/2013\/09\/IMG_0448.jpg\"><img loading=\"lazy\" decoding=\"async\" title=\"IMG_0448\" style=\"border-top: 0px; border-right: 0px; background-image: none; border-bottom: 0px; padding-top: 0px; padding-left: 0px; border-left: 0px; display: inline; padding-right: 0px\" border=\"0\" alt=\"IMG_0448\" src=\"https:\/\/bobvarela.com\/wp-content\/uploads\/2013\/09\/IMG_0448_thumb.jpg\" width=\"132\" height=\"221\" \/><\/a><a href=\"https:\/\/bobvarela.com\/wp-content\/uploads\/2013\/09\/IMG_0316.jpg\"><img loading=\"lazy\" decoding=\"async\" title=\"IMG_0316\" style=\"border-top: 0px; border-right: 0px; background-image: none; border-bottom: 0px; padding-top: 0px; padding-left: 0px; border-left: 0px; display: inline; padding-right: 0px\" border=\"0\" alt=\"IMG_0316\" src=\"https:\/\/bobvarela.com\/wp-content\/uploads\/2013\/09\/IMG_0316_thumb.jpg\" width=\"124\" height=\"220\" \/><\/a><a href=\"https:\/\/bobvarela.com\/wp-content\/uploads\/2013\/09\/IMG_0826.jpg\"><img loading=\"lazy\" decoding=\"async\" title=\"IMG_0826\" style=\"border-top: 0px; border-right: 0px; background-image: none; border-bottom: 0px; padding-top: 0px; padding-left: 0px; border-left: 0px; display: inline; padding-right: 0px\" border=\"0\" alt=\"IMG_0826\" src=\"https:\/\/bobvarela.com\/wp-content\/uploads\/2013\/09\/IMG_0826_thumb.jpg\" width=\"126\" height=\"219\" \/><\/a><\/p>\n<p align=\"justify\"><font size=\"3\" face=\"Verdana\">Las personas electas, tendr\u00e1n la oportunidad de participar en esta Segunda Edici\u00f3n de TRANSFASHION y de modelar piezas de reconocidos dise\u00f1adores del patio como Lisa Thon, David Antonio, Sonia Rivera, Juan Col\u00f3n, Jos\u00e9 Ra\u00fal y Jaer Cab\u00e1n y compartir\u00e1n pasarela con modelos profesionales. Este a\u00f1o el evento de recaudaci\u00f3n de fondos tendr\u00e1 lugar el 15 de noviembre de 2013 a las <a href=\"https:\/\/bobvarela.com\/wp-content\/uploads\/2013\/09\/KIM-MORE-para-Sonia-Rivera.jpg\"><img loading=\"lazy\" decoding=\"async\" title=\"KIM MORE para Sonia Rivera\" style=\"border-top: 0px; border-right: 0px; background-image: none; border-bottom: 0px; float: right; padding-top: 0px; padding-left: 0px; border-left: 0px; display: inline; padding-right: 0px\" border=\"0\" alt=\"KIM MORE para Sonia Rivera\" align=\"right\" src=\"https:\/\/bobvarela.com\/wp-content\/uploads\/2013\/09\/KIM-MORE-para-Sonia-Rivera_thumb.jpg\" width=\"126\" height=\"222\" \/><\/a>8:00 PM en el Museo de Vida Silvestre de San Juan.<\/font><\/p>\n<p align=\"justify\"><font size=\"3\" face=\"Verdana\">\u201cEste a\u00f1o estamos confiados en superar el \u00e9xito del evento anterior. La primera edici\u00f3n de TRANSFASHION super\u00f3 nuestras expectativas y estamos bien agradecidos por el apoyo recibido, en cambio, sabemos que este a\u00f1o y los subsiguientes, TRANSFASHION seguir\u00e1 dando de qu\u00e9 hablar en el mundo de la moda en Puerto Rico. La oportunidad de servir a las comunidades transg\u00e9nero y transexual es una de las prioridades de nuestra Junta de Directores y de nuestra organizaci\u00f3n.\u201d \u2013 recalc\u00f3 Jos\u00e9 Joaqu\u00edn Mulinelli Rodr\u00edguez, Director Ejecutivo de Coa\u00ed, Inc.<\/font><\/p>\n<p align=\"justify\"><font size=\"3\" face=\"Verdana\">Para m\u00e1s informaci\u00f3n puede visitar www.coaipr.org o llamar al 787-379-1367.<\/font><\/p>\n","protected":false},"excerpt":{"rendered":"<p>Dentro de las comunidades LGBTT, las comunidades transexuales y transg\u00e9nero en Puerto Rico, est\u00e1n expuestas a los mayores niveles de discrimen en todos los aspectos sociales. Coa\u00ed, Inc., es una de las pocas organizaciones que trabajan programas dirigidos a atender&hellip;<\/p>\n<p class=\"more-link-p\"><a class=\"more-link\" href=\"https:\/\/bobvarela.com\/?p=47519\">Read more &rarr;<\/a><\/p>\n","protected":false},"author":1,"featured_media":0,"comment_status":"open","ping_status":"open","sticky":false,"template":"","format":"standard","meta":{"ngg_post_thumbnail":0,"footnotes":""},"categories":[3,295],"tags":[],"class_list":["post-47519","post","type-post","status-publish","format-standard","hentry","category-actividades","category-puerto-rico"],"_links":{"self":[{"href":"https:\/\/bobvarela.com\/index.php?rest_route=\/wp\/v2\/posts\/47519","targetHints":{"allow":["GET"]}}],"collection":[{"href":"https:\/\/bobvarela.com\/index.php?rest_route=\/wp\/v2\/posts"}],"about":[{"href":"https:\/\/bobvarela.com\/index.php?rest_route=\/wp\/v2\/types\/post"}],"author":[{"embeddable":true,"href":"https:\/\/bobvarela.com\/index.php?rest_route=\/wp\/v2\/users\/1"}],"replies":[{"embeddable":true,"href":"https:\/\/bobvarela.com\/index.php?rest_route=%2Fwp%2Fv2%2Fcomments&post=47519"}],"version-history":[{"count":1,"href":"https:\/\/bobvarela.com\/index.php?rest_route=\/wp\/v2\/posts\/47519\/revisions"}],"predecessor-version":[{"id":47520,"href":"https:\/\/bobvarela.com\/index.php?rest_route=\/wp\/v2\/posts\/47519\/revisions\/47520"}],"wp:attachment":[{"href":"https:\/\/bobvarela.com\/index.php?rest_route=%2Fwp%2Fv2%2Fmedia&parent=47519"}],"wp:term":[{"taxonomy":"category","embeddable":true,"href":"https:\/\/bobvarela.com\/index.php?rest_route=%2Fwp%2Fv2%2Fcategories&post=47519"},{"taxonomy":"post_tag","embeddable":true,"href":"https:\/\/bobvarela.com\/index.php?rest_route=%2Fwp%2Fv2%2Ftags&post=47519"}],"curies":[{"name":"wp","href":"https:\/\/api.w.org\/{rel}","templated":true}]}}