{"id":47732,"date":"2013-10-15T20:22:38","date_gmt":"2013-10-16T00:22:38","guid":{"rendered":"https:\/\/bobvarela.com\/?p=47732"},"modified":"2013-10-15T20:22:38","modified_gmt":"2013-10-16T00:22:38","slug":"elas-sarmiento-en-el-fashion-week-de-panama-2013","status":"publish","type":"post","link":"https:\/\/bobvarela.com\/?p=47732","title":{"rendered":"El&iacute;as Sarmiento en el Fashion Week de Panama 2013"},"content":{"rendered":"<p align=\"justify\"><font size=\"3\">Aguadulce\u00f1o de nacimiento, y proveniente de una familia en donde el arte se ve reflejado en trabajos artesanales. A la edad de 18 a\u00f1os llega a la ciudad de Panam\u00e1 con el prop\u00f3sito de llevar a cabo la carrera de Arquitectura, al cabo de unos a\u00f1os comienza a formar parte del equipo de la prestigiosa marca Louis Vuitton Panam\u00e1, toma los estudios de dise\u00f1o de modas en la Universidad del Arte Ganexa, una vez ah\u00ed se refuerza la pasi\u00f3n por la moda el dise\u00f1o y el arte, mismos que desde ni\u00f1o siempre le llamaron mucho la atenci\u00f3n.<\/font><\/p>\n<p align=\"justify\"><font size=\"3\">En el a\u00f1o 2012 presenta su primera colecci\u00f3n en el Fashion week Panama esta vez como dise\u00f1ador emergente . A partir de ah\u00ed formaliza su carrera como dise\u00f1ador y este a\u00f1o vuelve a presentar una colecci\u00f3n en donde se ven plasmados los pilares que en conjunto con sus socios proponen para su marca registrada en la Republica de Panam\u00e1 en el a\u00f1o 2012. Mi objetivo como dise\u00f1ador es lograr que cada mujer que viste mi ropa, se sientan consentidas y felices, permitan dejarse llevar por la vanguardia y la moda, siempre respetando el estilo de cada quien pero sobre todo resaltando sus atributos feminidad y glamour.<\/font><\/p>\n<p><font size=\"3\" face=\"Verdana\">ngg_shortcode_0_placeholder<\/font><\/p>\n","protected":false},"excerpt":{"rendered":"<p>Aguadulce\u00f1o de nacimiento, y proveniente de una familia en donde el arte se ve reflejado en trabajos artesanales. A la edad de 18 a\u00f1os llega a la ciudad de Panam\u00e1 con el prop\u00f3sito de llevar a cabo la carrera de&hellip;<\/p>\n<p class=\"more-link-p\"><a class=\"more-link\" href=\"https:\/\/bobvarela.com\/?p=47732\">Read more &rarr;<\/a><\/p>\n","protected":false},"author":1,"featured_media":0,"comment_status":"open","ping_status":"open","sticky":false,"template":"","format":"standard","meta":{"ngg_post_thumbnail":0,"footnotes":""},"categories":[4,480],"tags":[],"class_list":["post-47732","post","type-post","status-publish","format-standard","hentry","category-moda","category-panama"],"_links":{"self":[{"href":"https:\/\/bobvarela.com\/index.php?rest_route=\/wp\/v2\/posts\/47732","targetHints":{"allow":["GET"]}}],"collection":[{"href":"https:\/\/bobvarela.com\/index.php?rest_route=\/wp\/v2\/posts"}],"about":[{"href":"https:\/\/bobvarela.com\/index.php?rest_route=\/wp\/v2\/types\/post"}],"author":[{"embeddable":true,"href":"https:\/\/bobvarela.com\/index.php?rest_route=\/wp\/v2\/users\/1"}],"replies":[{"embeddable":true,"href":"https:\/\/bobvarela.com\/index.php?rest_route=%2Fwp%2Fv2%2Fcomments&post=47732"}],"version-history":[{"count":1,"href":"https:\/\/bobvarela.com\/index.php?rest_route=\/wp\/v2\/posts\/47732\/revisions"}],"predecessor-version":[{"id":47733,"href":"https:\/\/bobvarela.com\/index.php?rest_route=\/wp\/v2\/posts\/47732\/revisions\/47733"}],"wp:attachment":[{"href":"https:\/\/bobvarela.com\/index.php?rest_route=%2Fwp%2Fv2%2Fmedia&parent=47732"}],"wp:term":[{"taxonomy":"category","embeddable":true,"href":"https:\/\/bobvarela.com\/index.php?rest_route=%2Fwp%2Fv2%2Fcategories&post=47732"},{"taxonomy":"post_tag","embeddable":true,"href":"https:\/\/bobvarela.com\/index.php?rest_route=%2Fwp%2Fv2%2Ftags&post=47732"}],"curies":[{"name":"wp","href":"https:\/\/api.w.org\/{rel}","templated":true}]}}