{"id":47740,"date":"2013-10-16T05:47:24","date_gmt":"2013-10-16T09:47:24","guid":{"rendered":"https:\/\/bobvarela.com\/?p=47740"},"modified":"2013-10-16T05:47:25","modified_gmt":"2013-10-16T09:47:25","slug":"alessandra-grau-en-el-fashion-week-de-panama-2013","status":"publish","type":"post","link":"https:\/\/bobvarela.com\/?p=47740","title":{"rendered":"Alessandra Grau en el Fashion Week de Panama 2013"},"content":{"rendered":"<p align=\"justify\"><font size=\"3\">Mientras culminaba sus estudios en Dise\u00f1o de Modas, obtuvo importantes reconocimientos como el premio al Mejor Dise\u00f1ador Emergente, en el evento D\u00edas de Moda, ahora Fashion Week Panam\u00e1. Esto, no fue m\u00e1s que un destello para que Alessandra perfeccionara sus habilidades; para ello, eligi\u00f3 una de las m\u00e1s importantes capitales de la moda, Par\u00eds. All\u00ed, adquiere importante dominio sobre el dise\u00f1o de textiles, en el Atelier Chardon Savard, que la llevaron a experimentar con diferentes estilos y est\u00e9ticas. A\u00f1os m\u00e1s tarde logr\u00f3 conquistar el Fashion Week Panam\u00e1 2011, con el premio al Mejor Nuevo Creador, suceso que la puso sobre el radar de la moda latinoamericana.<\/font><\/p>\n<p> <font size=\"3\">   <\/p>\n<p align=\"justify\">Desfile tras desfile, muestra matices de su personalidad, y es que con cada creaci\u00f3n, Alessandra se asegura que tengas clara su visi\u00f3n art\u00edstica. Su enigm\u00e1tico estilo la ha llevado a crear colecciones sin precedentes. Su trabajo, muestra una mujer fresca y femenina, bas\u00e1ndose en sugerentes siluetas y detalles en tendencia. Aunque, algo que nunca puede faltar en sus colecciones son los vestidos, que se mantienen como s\u00edmbolo insignia de la marca. Jugar con detalles como estampados, telas iridiscentes y adornos son las se\u00f1ales de identidad de cada colecci\u00f3n Grau.<\/p>\n<p align=\"justify\"><font size=\"3\" face=\"Verdana\">ngg_shortcode_0_placeholder<\/font><\/p>\n<p> <\/font><\/p>\n","protected":false},"excerpt":{"rendered":"<p>Mientras culminaba sus estudios en Dise\u00f1o de Modas, obtuvo importantes reconocimientos como el premio al Mejor Dise\u00f1ador Emergente, en el evento D\u00edas de Moda, ahora Fashion Week Panam\u00e1. Esto, no fue m\u00e1s que un destello para que Alessandra perfeccionara sus&hellip;<\/p>\n<p class=\"more-link-p\"><a class=\"more-link\" href=\"https:\/\/bobvarela.com\/?p=47740\">Read more &rarr;<\/a><\/p>\n","protected":false},"author":1,"featured_media":0,"comment_status":"open","ping_status":"open","sticky":false,"template":"","format":"standard","meta":{"ngg_post_thumbnail":0,"footnotes":""},"categories":[4,480],"tags":[],"class_list":["post-47740","post","type-post","status-publish","format-standard","hentry","category-moda","category-panama"],"_links":{"self":[{"href":"https:\/\/bobvarela.com\/index.php?rest_route=\/wp\/v2\/posts\/47740","targetHints":{"allow":["GET"]}}],"collection":[{"href":"https:\/\/bobvarela.com\/index.php?rest_route=\/wp\/v2\/posts"}],"about":[{"href":"https:\/\/bobvarela.com\/index.php?rest_route=\/wp\/v2\/types\/post"}],"author":[{"embeddable":true,"href":"https:\/\/bobvarela.com\/index.php?rest_route=\/wp\/v2\/users\/1"}],"replies":[{"embeddable":true,"href":"https:\/\/bobvarela.com\/index.php?rest_route=%2Fwp%2Fv2%2Fcomments&post=47740"}],"version-history":[{"count":1,"href":"https:\/\/bobvarela.com\/index.php?rest_route=\/wp\/v2\/posts\/47740\/revisions"}],"predecessor-version":[{"id":47741,"href":"https:\/\/bobvarela.com\/index.php?rest_route=\/wp\/v2\/posts\/47740\/revisions\/47741"}],"wp:attachment":[{"href":"https:\/\/bobvarela.com\/index.php?rest_route=%2Fwp%2Fv2%2Fmedia&parent=47740"}],"wp:term":[{"taxonomy":"category","embeddable":true,"href":"https:\/\/bobvarela.com\/index.php?rest_route=%2Fwp%2Fv2%2Fcategories&post=47740"},{"taxonomy":"post_tag","embeddable":true,"href":"https:\/\/bobvarela.com\/index.php?rest_route=%2Fwp%2Fv2%2Ftags&post=47740"}],"curies":[{"name":"wp","href":"https:\/\/api.w.org\/{rel}","templated":true}]}}