{"id":47746,"date":"2013-10-17T05:41:37","date_gmt":"2013-10-17T09:41:37","guid":{"rendered":"https:\/\/bobvarela.com\/?p=47746"},"modified":"2013-10-17T05:46:57","modified_gmt":"2013-10-17T09:46:57","slug":"tom-van-der-borght-en-el-fashion-week-de-panama-2013","status":"publish","type":"post","link":"https:\/\/bobvarela.com\/?p=47746","title":{"rendered":"Tom Van der Borght en el Fashion Week de Panama 2013"},"content":{"rendered":"<p align=\"justify\"><font size=\"3\">Tom Van der Borght, nacido en B\u00e9lgica en el a\u00f1o de 1978. Es un dise\u00f1ador de moda que vive y trabaja en Gante, graduado de la SASk (Stedelijke Academie voor Schone Kunsten Sint Niklaas).<\/font><\/p>\n<p align=\"justify\"><font size=\"3\">Tom Van der Borght no est\u00e1 en busca de la belleza tradicional o de como le gusta llamarlo &quot;honey-sweet cutesiness&quot;. Combinaciones audaces de colores brillantes, gr\u00e1ficos psicod\u00e9licos y texturas para hacer un verdadero bombardeo de los sentidos.<\/font><\/p>\n<p align=\"justify\"><font size=\"3\">Este nuevo chico en la industria de la moda no s\u00f3lo explora los l\u00edmites de la belleza tradicional. \u00c9l cruza la l\u00ednea audazmente para crear su propio est\u00e1ndar de belleza. Tom est\u00e1 siempre en la b\u00fasqueda de lo no-convencional y pone en tela de juicio las estructuras sociales tradicionales con un manifesto muy particular: \u00bfQu\u00e9 es lo que la sociedad considera normal y por qu\u00e9?<\/font><\/p>\n<p align=\"justify\"><font size=\"3\" face=\"Verdana\">ngg_shortcode_0_placeholder<\/font><\/p>\n","protected":false},"excerpt":{"rendered":"<p>Tom Van der Borght, nacido en B\u00e9lgica en el a\u00f1o de 1978. Es un dise\u00f1ador de moda que vive y trabaja en Gante, graduado de la SASk (Stedelijke Academie voor Schone Kunsten Sint Niklaas). Tom Van der Borght no est\u00e1&hellip;<\/p>\n<p class=\"more-link-p\"><a class=\"more-link\" href=\"https:\/\/bobvarela.com\/?p=47746\">Read more &rarr;<\/a><\/p>\n","protected":false},"author":1,"featured_media":0,"comment_status":"open","ping_status":"open","sticky":false,"template":"","format":"standard","meta":{"ngg_post_thumbnail":0,"footnotes":""},"categories":[4,480],"tags":[],"class_list":["post-47746","post","type-post","status-publish","format-standard","hentry","category-moda","category-panama"],"_links":{"self":[{"href":"https:\/\/bobvarela.com\/index.php?rest_route=\/wp\/v2\/posts\/47746","targetHints":{"allow":["GET"]}}],"collection":[{"href":"https:\/\/bobvarela.com\/index.php?rest_route=\/wp\/v2\/posts"}],"about":[{"href":"https:\/\/bobvarela.com\/index.php?rest_route=\/wp\/v2\/types\/post"}],"author":[{"embeddable":true,"href":"https:\/\/bobvarela.com\/index.php?rest_route=\/wp\/v2\/users\/1"}],"replies":[{"embeddable":true,"href":"https:\/\/bobvarela.com\/index.php?rest_route=%2Fwp%2Fv2%2Fcomments&post=47746"}],"version-history":[{"count":1,"href":"https:\/\/bobvarela.com\/index.php?rest_route=\/wp\/v2\/posts\/47746\/revisions"}],"predecessor-version":[{"id":47747,"href":"https:\/\/bobvarela.com\/index.php?rest_route=\/wp\/v2\/posts\/47746\/revisions\/47747"}],"wp:attachment":[{"href":"https:\/\/bobvarela.com\/index.php?rest_route=%2Fwp%2Fv2%2Fmedia&parent=47746"}],"wp:term":[{"taxonomy":"category","embeddable":true,"href":"https:\/\/bobvarela.com\/index.php?rest_route=%2Fwp%2Fv2%2Fcategories&post=47746"},{"taxonomy":"post_tag","embeddable":true,"href":"https:\/\/bobvarela.com\/index.php?rest_route=%2Fwp%2Fv2%2Ftags&post=47746"}],"curies":[{"name":"wp","href":"https:\/\/api.w.org\/{rel}","templated":true}]}}