{"id":47838,"date":"2013-10-24T05:56:50","date_gmt":"2013-10-24T09:56:50","guid":{"rendered":"https:\/\/bobvarela.com\/?p=47838"},"modified":"2013-10-24T05:57:59","modified_gmt":"2013-10-24T09:57:59","slug":"maya-hansen-en-el-inicio-del-puerto-rico-high-fashion-week-prhfw","status":"publish","type":"post","link":"https:\/\/bobvarela.com\/?p=47838","title":{"rendered":"Maya Hansen en el inicio del Puerto Rico High Fashion Week (PRHFW)"},"content":{"rendered":"<p align=\"justify\"><font size=\"3\">Con una variedad de estilos de cors\u00e9s, vestidos cortos, pantalones ajustados y hasta trajes de ba\u00f1o, Hansen Trajo en&#160; su colecci\u00f3n para la primavera 2014, llamada Pangea. Esta propuesta est\u00e1 inspirada en los accidentes geogr\u00e1ficos y en la tierra vista desde el cielo hasta su interior. La dise\u00f1adora menciona que son piezas con mucho colorido y estampados que simulan accidentes geogr\u00e1ficos como volcanes as\u00ed como minerales y rocas.<\/font><\/p>\n<p align=\"justify\"><a href=\"https:\/\/bobvarela.com\/wp-content\/uploads\/2013\/10\/PRHFW-13-Noche-espanola102.jpg\"><img loading=\"lazy\" decoding=\"async\" title=\"\" style=\"border-top: 0px; border-right: 0px; background-image: none; border-bottom: 0px; padding-top: 0px; padding-left: 0px; border-left: 0px; display: inline; padding-right: 0px\" border=\"0\" alt=\"\" src=\"https:\/\/bobvarela.com\/wp-content\/uploads\/2013\/10\/PRHFW-13-Noche-espanola102_thumb.jpg\" width=\"198\" height=\"134\" \/><\/a><a href=\"https:\/\/bobvarela.com\/wp-content\/uploads\/2013\/10\/PRHFW-13-Noche-espanola101.jpg\"><img loading=\"lazy\" decoding=\"async\" title=\"\" style=\"border-top: 0px; border-right: 0px; background-image: none; border-bottom: 0px; padding-top: 0px; padding-left: 0px; border-left: 0px; display: inline; padding-right: 0px\" border=\"0\" alt=\"\" src=\"https:\/\/bobvarela.com\/wp-content\/uploads\/2013\/10\/PRHFW-13-Noche-espanola101_thumb.jpg\" width=\"198\" height=\"134\" \/><\/a><a href=\"https:\/\/bobvarela.com\/wp-content\/uploads\/2013\/10\/PRHFW-13-Noche-espanola100.jpg\"><img loading=\"lazy\" decoding=\"async\" title=\"\" style=\"border-top: 0px; border-right: 0px; background-image: none; border-bottom: 0px; padding-top: 0px; padding-left: 0px; border-left: 0px; display: inline; padding-right: 0px\" border=\"0\" alt=\"\" src=\"https:\/\/bobvarela.com\/wp-content\/uploads\/2013\/10\/PRHFW-13-Noche-espanola100_thumb.jpg\" width=\"198\" height=\"134\" \/><\/a><\/p>\n<p align=\"justify\"><font size=\"3\">Cabe destacar que el cors\u00e9 es la pieza caracter\u00edstica de la l\u00ednea Maya Hansen, y la dise\u00f1adora se\u00f1ala que la ha adoptado por tratarse de una pieza ultrafemenina, indispensable en el armario de muchas mujeres por su sensualidad y la manera en que estiliza la silueta.<\/font><\/p>\n<p align=\"center\"><a href=\"https:\/\/bobvarela.com\/wp-content\/uploads\/2013\/10\/PRHFW-13-Noche-espanola104.jpg\"><img loading=\"lazy\" decoding=\"async\" title=\"\" style=\"border-top: 0px; border-right: 0px; background-image: none; border-bottom: 0px; padding-top: 0px; padding-left: 0px; border-left: 0px; display: inline; padding-right: 0px\" border=\"0\" alt=\"\" src=\"https:\/\/bobvarela.com\/wp-content\/uploads\/2013\/10\/PRHFW-13-Noche-espanola104_thumb.jpg\" width=\"198\" height=\"134\" \/><\/a><a href=\"https:\/\/bobvarela.com\/wp-content\/uploads\/2013\/10\/PRHFW-13-Noche-espanola106.jpg\"><img loading=\"lazy\" decoding=\"async\" title=\"\" style=\"border-top: 0px; border-right: 0px; background-image: none; border-bottom: 0px; padding-top: 0px; padding-left: 0px; border-left: 0px; display: inline; padding-right: 0px\" border=\"0\" alt=\"\" src=\"https:\/\/bobvarela.com\/wp-content\/uploads\/2013\/10\/PRHFW-13-Noche-espanola106_thumb.jpg\" width=\"198\" height=\"134\" \/><\/a><\/p>\n<p align=\"justify\"><font size=\"3\" face=\"Verdana\">ngg_shortcode_0_placeholder<\/font><\/p>\n","protected":false},"excerpt":{"rendered":"<p>Con una variedad de estilos de cors\u00e9s, vestidos cortos, pantalones ajustados y hasta trajes de ba\u00f1o, Hansen Trajo en&#160; su colecci\u00f3n para la primavera 2014, llamada Pangea. Esta propuesta est\u00e1 inspirada en los accidentes geogr\u00e1ficos y en la tierra vista&hellip;<\/p>\n<p class=\"more-link-p\"><a class=\"more-link\" href=\"https:\/\/bobvarela.com\/?p=47838\">Read more &rarr;<\/a><\/p>\n","protected":false},"author":1,"featured_media":0,"comment_status":"open","ping_status":"open","sticky":false,"template":"","format":"standard","meta":{"ngg_post_thumbnail":0,"footnotes":""},"categories":[4,295],"tags":[],"class_list":["post-47838","post","type-post","status-publish","format-standard","hentry","category-moda","category-puerto-rico"],"_links":{"self":[{"href":"https:\/\/bobvarela.com\/index.php?rest_route=\/wp\/v2\/posts\/47838","targetHints":{"allow":["GET"]}}],"collection":[{"href":"https:\/\/bobvarela.com\/index.php?rest_route=\/wp\/v2\/posts"}],"about":[{"href":"https:\/\/bobvarela.com\/index.php?rest_route=\/wp\/v2\/types\/post"}],"author":[{"embeddable":true,"href":"https:\/\/bobvarela.com\/index.php?rest_route=\/wp\/v2\/users\/1"}],"replies":[{"embeddable":true,"href":"https:\/\/bobvarela.com\/index.php?rest_route=%2Fwp%2Fv2%2Fcomments&post=47838"}],"version-history":[{"count":1,"href":"https:\/\/bobvarela.com\/index.php?rest_route=\/wp\/v2\/posts\/47838\/revisions"}],"predecessor-version":[{"id":47839,"href":"https:\/\/bobvarela.com\/index.php?rest_route=\/wp\/v2\/posts\/47838\/revisions\/47839"}],"wp:attachment":[{"href":"https:\/\/bobvarela.com\/index.php?rest_route=%2Fwp%2Fv2%2Fmedia&parent=47838"}],"wp:term":[{"taxonomy":"category","embeddable":true,"href":"https:\/\/bobvarela.com\/index.php?rest_route=%2Fwp%2Fv2%2Fcategories&post=47838"},{"taxonomy":"post_tag","embeddable":true,"href":"https:\/\/bobvarela.com\/index.php?rest_route=%2Fwp%2Fv2%2Ftags&post=47838"}],"curies":[{"name":"wp","href":"https:\/\/api.w.org\/{rel}","templated":true}]}}