{"id":47866,"date":"2013-10-25T05:26:07","date_gmt":"2013-10-25T09:26:07","guid":{"rendered":"https:\/\/bobvarela.com\/?p=47866"},"modified":"2013-10-25T05:27:46","modified_gmt":"2013-10-25T09:27:46","slug":"lisa-thon-cierra-con-broche-de-oro-la-presentacin-de-su-coleccin-primavera-verano-2014-zensorial-en-prhfw","status":"publish","type":"post","link":"https:\/\/bobvarela.com\/?p=47866","title":{"rendered":"Lisa Thon cierra con broche de oro la presentaci&oacute;n de su colecci&oacute;n primavera-verano 2014 &ldquo;Zensorial&rdquo; en PRHFW"},"content":{"rendered":"<p align=\"justify\"><font size=\"3\">La dise\u00f1adora Lisa Thon cerr\u00f3 con broche de oro la presentaci\u00f3n de su colecci\u00f3n primavera-verano 2014, la cual dividi\u00f3 por primera vez en dos estampas. El desfile de la segunda estampa de \u201cZensorial\u201d fue el pasado 24 de octubre de 2013 en el Museo de Arte de Puerto Rico como parte del Puerto Rico High Fashion Week (PRHFW).<\/font><\/p>\n<p align=\"justify\"><font size=\"3\">\u201cZensorial\u201d proviene de la palabra zen y significa alcanzar la iluminaci\u00f3n espiritual mediante t\u00e9cnicas que evitan esquemas conceptuales; y del sistema sensorial que es parte del sistema nervioso cuyo elemento primordial es la vista. <\/font><\/p>\n<p align=\"justify\"><a href=\"https:\/\/bobvarela.com\/wp-content\/uploads\/2013\/10\/IMG_88691.jpg\"><img loading=\"lazy\" decoding=\"async\" title=\"\" style=\"border-top: 0px; border-right: 0px; background-image: none; border-bottom: 0px; padding-top: 0px; padding-left: 0px; border-left: 0px; display: inline; padding-right: 0px\" border=\"0\" alt=\"\" src=\"https:\/\/bobvarela.com\/wp-content\/uploads\/2013\/10\/IMG_8869_thumb1.jpg\" width=\"198\" height=\"134\" \/><\/a><a href=\"https:\/\/bobvarela.com\/wp-content\/uploads\/2013\/10\/IMG_8854.jpg\"><img loading=\"lazy\" decoding=\"async\" title=\"\" style=\"border-top: 0px; border-right: 0px; background-image: none; border-bottom: 0px; padding-top: 0px; padding-left: 0px; border-left: 0px; display: inline; padding-right: 0px\" border=\"0\" alt=\"\" src=\"https:\/\/bobvarela.com\/wp-content\/uploads\/2013\/10\/IMG_8854_thumb.jpg\" width=\"198\" height=\"134\" \/><\/a><a href=\"https:\/\/bobvarela.com\/wp-content\/uploads\/2013\/10\/IMG_8856.jpg\"><img loading=\"lazy\" decoding=\"async\" title=\"\" style=\"border-top: 0px; border-right: 0px; background-image: none; border-bottom: 0px; padding-top: 0px; padding-left: 0px; border-left: 0px; display: inline; padding-right: 0px\" border=\"0\" alt=\"\" src=\"https:\/\/bobvarela.com\/wp-content\/uploads\/2013\/10\/IMG_8856_thumb.jpg\" width=\"198\" height=\"134\" \/><\/a><\/p>\n<p align=\"justify\"><font size=\"3\">Thon cre\u00f3 una colecci\u00f3n en donde proyect\u00f3 a una mujer divertida, femenina y perceptiva, con una explosi\u00f3n de colores brillantes. Los jerseys y algodones predominaron en los textiles, as\u00ed como una variedad de estampados geom\u00e9tricos. <\/font><\/p>\n<p align=\"justify\"><font size=\"3\">\u201cZensorial\u201d cont\u00f3 con el calzado \u00fanico de Novus. Los accesorios fueron de la l\u00ednea Lul\u00fa by Natalia Maldonado y las gafas por Luxottica Group. El arreglo del cabello estuvo a cargo de Rolando Montes Sal\u00f3n y el maquillaje por Ingrid Rivera.<\/font><a name=\"_GoBack\"><\/a><\/p>\n<p align=\"justify\"><font size=\"3\" face=\"Verdana\">ngg_shortcode_0_placeholder<\/font><\/p>\n","protected":false},"excerpt":{"rendered":"<p>La dise\u00f1adora Lisa Thon cerr\u00f3 con broche de oro la presentaci\u00f3n de su colecci\u00f3n primavera-verano 2014, la cual dividi\u00f3 por primera vez en dos estampas. El desfile de la segunda estampa de \u201cZensorial\u201d fue el pasado 24 de octubre de&hellip;<\/p>\n<p class=\"more-link-p\"><a class=\"more-link\" href=\"https:\/\/bobvarela.com\/?p=47866\">Read more &rarr;<\/a><\/p>\n","protected":false},"author":1,"featured_media":0,"comment_status":"open","ping_status":"open","sticky":false,"template":"","format":"standard","meta":{"ngg_post_thumbnail":0,"footnotes":""},"categories":[4,295],"tags":[],"class_list":["post-47866","post","type-post","status-publish","format-standard","hentry","category-moda","category-puerto-rico"],"_links":{"self":[{"href":"https:\/\/bobvarela.com\/index.php?rest_route=\/wp\/v2\/posts\/47866","targetHints":{"allow":["GET"]}}],"collection":[{"href":"https:\/\/bobvarela.com\/index.php?rest_route=\/wp\/v2\/posts"}],"about":[{"href":"https:\/\/bobvarela.com\/index.php?rest_route=\/wp\/v2\/types\/post"}],"author":[{"embeddable":true,"href":"https:\/\/bobvarela.com\/index.php?rest_route=\/wp\/v2\/users\/1"}],"replies":[{"embeddable":true,"href":"https:\/\/bobvarela.com\/index.php?rest_route=%2Fwp%2Fv2%2Fcomments&post=47866"}],"version-history":[{"count":2,"href":"https:\/\/bobvarela.com\/index.php?rest_route=\/wp\/v2\/posts\/47866\/revisions"}],"predecessor-version":[{"id":47870,"href":"https:\/\/bobvarela.com\/index.php?rest_route=\/wp\/v2\/posts\/47866\/revisions\/47870"}],"wp:attachment":[{"href":"https:\/\/bobvarela.com\/index.php?rest_route=%2Fwp%2Fv2%2Fmedia&parent=47866"}],"wp:term":[{"taxonomy":"category","embeddable":true,"href":"https:\/\/bobvarela.com\/index.php?rest_route=%2Fwp%2Fv2%2Fcategories&post=47866"},{"taxonomy":"post_tag","embeddable":true,"href":"https:\/\/bobvarela.com\/index.php?rest_route=%2Fwp%2Fv2%2Ftags&post=47866"}],"curies":[{"name":"wp","href":"https:\/\/api.w.org\/{rel}","templated":true}]}}