{"id":47873,"date":"2013-10-26T07:16:39","date_gmt":"2013-10-26T11:16:39","guid":{"rendered":"https:\/\/bobvarela.com\/?p=47873"},"modified":"2013-10-26T07:19:23","modified_gmt":"2013-10-26T11:19:23","slug":"eddie-guerrero-en-el-del-puerto-rico-high-fashion-week-2013-prhfw","status":"publish","type":"post","link":"https:\/\/bobvarela.com\/?p=47873","title":{"rendered":"Eddie Guerrero en el del Puerto Rico High Fashion Week 2013 (PRHFW)"},"content":{"rendered":"<p align=\"justify\"><font size=\"3\">El dise\u00f1ador Eddie Guerrero presento su colecci\u00f3n Primavera\/verano 2014 titulado El d\u00eda de los Muertos basada en la costumbre de los pa\u00edses de habla hispana. Maquillaje y peinado fue por Gilbert Gonz\u00e1lez, las carteras por Miriam Budet, Accesorios Alfredo Gonz\u00e1lez, El opening de show fue hecho por Lesly Ann Micheals y la m\u00fasica por Tony G<\/font><\/p>\n<p align=\"justify\"><font size=\"3\" face=\"Verdana\">ngg_shortcode_0_placeholder<\/font><\/p>\n","protected":false},"excerpt":{"rendered":"<p>El dise\u00f1ador Eddie Guerrero presento su colecci\u00f3n Primavera\/verano 2014 titulado El d\u00eda de los Muertos basada en la costumbre de los pa\u00edses de habla hispana. Maquillaje y peinado fue por Gilbert Gonz\u00e1lez, las carteras por Miriam Budet, Accesorios Alfredo Gonz\u00e1lez,&hellip;<\/p>\n<p class=\"more-link-p\"><a class=\"more-link\" href=\"https:\/\/bobvarela.com\/?p=47873\">Read more &rarr;<\/a><\/p>\n","protected":false},"author":1,"featured_media":0,"comment_status":"open","ping_status":"open","sticky":false,"template":"","format":"standard","meta":{"ngg_post_thumbnail":0,"footnotes":""},"categories":[4,295],"tags":[],"class_list":["post-47873","post","type-post","status-publish","format-standard","hentry","category-moda","category-puerto-rico"],"_links":{"self":[{"href":"https:\/\/bobvarela.com\/index.php?rest_route=\/wp\/v2\/posts\/47873","targetHints":{"allow":["GET"]}}],"collection":[{"href":"https:\/\/bobvarela.com\/index.php?rest_route=\/wp\/v2\/posts"}],"about":[{"href":"https:\/\/bobvarela.com\/index.php?rest_route=\/wp\/v2\/types\/post"}],"author":[{"embeddable":true,"href":"https:\/\/bobvarela.com\/index.php?rest_route=\/wp\/v2\/users\/1"}],"replies":[{"embeddable":true,"href":"https:\/\/bobvarela.com\/index.php?rest_route=%2Fwp%2Fv2%2Fcomments&post=47873"}],"version-history":[{"count":2,"href":"https:\/\/bobvarela.com\/index.php?rest_route=\/wp\/v2\/posts\/47873\/revisions"}],"predecessor-version":[{"id":47875,"href":"https:\/\/bobvarela.com\/index.php?rest_route=\/wp\/v2\/posts\/47873\/revisions\/47875"}],"wp:attachment":[{"href":"https:\/\/bobvarela.com\/index.php?rest_route=%2Fwp%2Fv2%2Fmedia&parent=47873"}],"wp:term":[{"taxonomy":"category","embeddable":true,"href":"https:\/\/bobvarela.com\/index.php?rest_route=%2Fwp%2Fv2%2Fcategories&post=47873"},{"taxonomy":"post_tag","embeddable":true,"href":"https:\/\/bobvarela.com\/index.php?rest_route=%2Fwp%2Fv2%2Ftags&post=47873"}],"curies":[{"name":"wp","href":"https:\/\/api.w.org\/{rel}","templated":true}]}}