{"id":47883,"date":"2013-10-26T12:59:43","date_gmt":"2013-10-26T16:59:43","guid":{"rendered":"https:\/\/bobvarela.com\/?p=47883"},"modified":"2013-10-26T12:59:43","modified_gmt":"2013-10-26T16:59:43","slug":"se-presenta-en-el-puerto-rico-high-fashion-week-2013-el-lanzamiento-de-the-collection-puerto-rico","status":"publish","type":"post","link":"https:\/\/bobvarela.com\/?p=47883","title":{"rendered":"Se presenta en el Puerto Rico High fashion Week 2013 El Lanzamiento de The Collection Puerto Rico"},"content":{"rendered":"<p align=\"justify\"><font size=\"3\"><a href=\"https:\/\/bobvarela.com\/wp-content\/uploads\/2013\/10\/IMG_5082.jpg\"><img loading=\"lazy\" decoding=\"async\" title=\"\" style=\"border-top: 0px; border-right: 0px; background-image: none; border-bottom: 0px; float: left; padding-top: 0px; padding-left: 0px; border-left: 0px; display: inline; padding-right: 0px\" border=\"0\" alt=\"\" align=\"left\" src=\"https:\/\/bobvarela.com\/wp-content\/uploads\/2013\/10\/IMG_5082_thumb.jpg\" width=\"154\" height=\"232\" \/><\/a>En una innovadora estrategia para impulsar el sector del dise\u00f1o y la moda de Puerto Rico como uno de desarrollo econ\u00f3mico, el gobierno lanza en la Isla la primera l\u00ednea comercial para la venta al por mayor. Esta colecci\u00f3n, que Puerto Rico se dar\u00e1 a conocer bajo el sello P.ERE, fue creada por un grupo de 11 dise\u00f1adores del patio y confeccionada por f\u00e1bricas de la aguja local, seg\u00fan anuncio el licenciado Francisco Ch\u00e9vere, director ejecutivo de la Compa\u00f1\u00eda de Comercio y Exportaci\u00f3n (CCE). <\/font><\/p>\n<p align=\"justify\"><font size=\"3\">Esta iniciativa del gobierno, que se genera a trav\u00e9s de la Compa\u00f1\u00eda de Comercio y Exportaci\u00f3n, trae adem\u00e1s una alianza de negocios con Merodea para promover la actividad comercial y facilitar la exportaci\u00f3n de estos productos generados por la industria de la moda en Puerto Rico. <\/font><\/p>\n<p align=\"justify\"><font size=\"3\">Sobre la iniciativa creada por el Gobierno, el Titular de CCE indico que el objetivo de este esfuerzo es aumentar la producci\u00f3n de ropa dise\u00f1ada local mente para generar ventas, mejorar la econom\u00eda y crear nuevos empleos en este sector. Por tal raz\u00f3n, los dise\u00f1adores participantes han creado dese\u00f1\u00edos <i>ready <\/i>to <i>wear, <\/i>para comercializarse bajo una marca de pa\u00eds. Estamos confiados en que el sector del dise\u00f1o y la moda pueda ser uno de mayor impacto econ\u00f3mico para nuestra Isla&quot;. <\/font><\/p>\n<p align=\"justify\"><font size=\"3\">Asimismo, el licenciado Ch\u00e9vere recalco que para este proyecto se realizo una convocatoria y se eligieron las propuestas m\u00e1s completas y con mayor potencial. De esta manera se cre\u00f3 el grupo de dise\u00f1adores puertorrique\u00f1os que genero el dise\u00f1o de la primera colecci\u00f3n comercial de Puerto Rico para venta al por mayor. Contamos con grandes talentos de nuestra Isla, dise\u00f1adores ya probados en la industria, as\u00ed como noveles con un gran potencial de crecimiento. <\/font><\/p>\n<p align=\"center\"><a href=\"https:\/\/bobvarela.com\/wp-content\/uploads\/2013\/10\/IMG_7235.jpg\"><img loading=\"lazy\" decoding=\"async\" title=\"IMG_7235\" style=\"border-top: 0px; border-right: 0px; background-image: none; border-bottom: 0px; padding-top: 0px; padding-left: 0px; border-left: 0px; display: inline; padding-right: 0px\" border=\"0\" alt=\"IMG_7235\" src=\"https:\/\/bobvarela.com\/wp-content\/uploads\/2013\/10\/IMG_7235_thumb.jpg\" width=\"308\" height=\"188\" \/><\/a><\/p>\n<p align=\"justify\"><font size=\"3\">&quot;Pero, esta estrategia tiene adem\u00e1s un objetivo muy especial, el cual es impulsar que los dise\u00f1adores utilicen las fabricas de la aguja local para la confecci\u00f3n, 10 que les otorgara la capacidad de producci\u00f3n para que puedan crear dise\u00f1os comerciales para la venta al por mayor. Y de igual forma, que las fabricas vean en el sector de la moda un nuevo segmento para diversificar sus servicios&quot;, explico el Director Ejecutivo de CCE. <\/font><\/p>\n<p align=\"justify\"><font size=\"3\">En este esfuerzo, en el que se uni\u00f3 dise\u00f1adores, academia y gobierno, la colecci\u00f3n fue confeccionada por las f\u00e1bricas Noliar, Inc. y Executive Uniforms. <\/font><\/p>\n<p align=\"justify\"><font size=\"3\">Esta primera colecci\u00f3n comercial para la temporada de primavera -verano 2014, fue creada por el grupo de dise\u00f1adores puertorrique\u00f1os integrado y presentado en la siguiente orden por: Ambar Sanchez, Andres Gonzalez, Jaer Caban, lisa Thon, Norma Dominguez, Richard Cotto, Yanira Maldonado, Wilberto Perez y Tatzy. <\/font><\/p>\n<p align=\"justify\"><font size=\"3\">Yanira Maldonado, Tatzy, Richard Cotto, Norma Dominguez, Ivelisse Nieves, Jaer Caban, Andres Gonzalez, Ambar Sanchez, Wilberto Perez y Lisa Thon<\/font><\/p>\n<p><font size=\"3\" face=\"Verdana\">ngg_shortcode_0_placeholder<\/font><\/p>\n","protected":false},"excerpt":{"rendered":"<p>En una innovadora estrategia para impulsar el sector del dise\u00f1o y la moda de Puerto Rico como uno de desarrollo econ\u00f3mico, el gobierno lanza en la Isla la primera l\u00ednea comercial para la venta al por mayor. Esta colecci\u00f3n, que&hellip;<\/p>\n<p class=\"more-link-p\"><a class=\"more-link\" href=\"https:\/\/bobvarela.com\/?p=47883\">Read more &rarr;<\/a><\/p>\n","protected":false},"author":1,"featured_media":0,"comment_status":"open","ping_status":"open","sticky":false,"template":"","format":"standard","meta":{"ngg_post_thumbnail":0,"footnotes":""},"categories":[4,295],"tags":[],"class_list":["post-47883","post","type-post","status-publish","format-standard","hentry","category-moda","category-puerto-rico"],"_links":{"self":[{"href":"https:\/\/bobvarela.com\/index.php?rest_route=\/wp\/v2\/posts\/47883","targetHints":{"allow":["GET"]}}],"collection":[{"href":"https:\/\/bobvarela.com\/index.php?rest_route=\/wp\/v2\/posts"}],"about":[{"href":"https:\/\/bobvarela.com\/index.php?rest_route=\/wp\/v2\/types\/post"}],"author":[{"embeddable":true,"href":"https:\/\/bobvarela.com\/index.php?rest_route=\/wp\/v2\/users\/1"}],"replies":[{"embeddable":true,"href":"https:\/\/bobvarela.com\/index.php?rest_route=%2Fwp%2Fv2%2Fcomments&post=47883"}],"version-history":[{"count":1,"href":"https:\/\/bobvarela.com\/index.php?rest_route=\/wp\/v2\/posts\/47883\/revisions"}],"predecessor-version":[{"id":47884,"href":"https:\/\/bobvarela.com\/index.php?rest_route=\/wp\/v2\/posts\/47883\/revisions\/47884"}],"wp:attachment":[{"href":"https:\/\/bobvarela.com\/index.php?rest_route=%2Fwp%2Fv2%2Fmedia&parent=47883"}],"wp:term":[{"taxonomy":"category","embeddable":true,"href":"https:\/\/bobvarela.com\/index.php?rest_route=%2Fwp%2Fv2%2Fcategories&post=47883"},{"taxonomy":"post_tag","embeddable":true,"href":"https:\/\/bobvarela.com\/index.php?rest_route=%2Fwp%2Fv2%2Ftags&post=47883"}],"curies":[{"name":"wp","href":"https:\/\/api.w.org\/{rel}","templated":true}]}}