{"id":47891,"date":"2013-10-28T06:41:21","date_gmt":"2013-10-28T10:41:21","guid":{"rendered":"https:\/\/bobvarela.com\/?p=47891"},"modified":"2013-10-28T07:32:03","modified_gmt":"2013-10-28T11:32:03","slug":"reynaldo-jos-en-el-puerto-rico-high-fashion-week-2013","status":"publish","type":"post","link":"https:\/\/bobvarela.com\/?p=47891","title":{"rendered":"Reynaldo Jos&eacute; en el Puerto Rico High Fashion Week 2013"},"content":{"rendered":"<p align=\"justify\"><font size=\"3\">&quot;Exodo II&quot;, es la propuesta del dise\u00f1ador, Reynaldo Jos\u00e9, para la temporada primavera-verano 2014. La misma est\u00e1 inspirada en la obra pict\u00f3rica del artista puertorrique\u00f1o Rafael Trelles creada en el a\u00f1o 2000 y que a su vez ,forma parte de la colecci\u00f3n permanente del Museo de Arte de Puerto Rico. Como representativo de la pintura se plasm\u00f3 en la colecci\u00f3n aires de surrealismo, contrapeso de formas ,disposici\u00f3n geom\u00e9trica, mitos , visi\u00f3n fragmentada de la realidad e influencias flamencas que anteceden al per\u00edodo barroco. El azul cobalto, azul celeste, lila,lavanda, magenta, fueron los colores empleados. Textiles como: lino estopilla ,shantung de seda ,y encaje de lentejuelas, engalano cada una de las piezas que van desde siluetas casual elegante, c\u00f3ctel y gala, cuyo elemento caracter\u00edstico fu\u00e9 el bloqueo de colores y la mezcla de texturas.<\/font><\/p>\n<p align=\"justify\"><font size=\"3\" face=\"Verdana\">ngg_shortcode_0_placeholder<\/font><\/p>\n","protected":false},"excerpt":{"rendered":"<p>&quot;Exodo II&quot;, es la propuesta del dise\u00f1ador, Reynaldo Jos\u00e9, para la temporada primavera-verano 2014. La misma est\u00e1 inspirada en la obra pict\u00f3rica del artista puertorrique\u00f1o Rafael Trelles creada en el a\u00f1o 2000 y que a su vez ,forma parte de&hellip;<\/p>\n<p class=\"more-link-p\"><a class=\"more-link\" href=\"https:\/\/bobvarela.com\/?p=47891\">Read more &rarr;<\/a><\/p>\n","protected":false},"author":1,"featured_media":0,"comment_status":"open","ping_status":"open","sticky":false,"template":"","format":"standard","meta":{"ngg_post_thumbnail":0,"footnotes":""},"categories":[4,295],"tags":[],"class_list":["post-47891","post","type-post","status-publish","format-standard","hentry","category-moda","category-puerto-rico"],"_links":{"self":[{"href":"https:\/\/bobvarela.com\/index.php?rest_route=\/wp\/v2\/posts\/47891","targetHints":{"allow":["GET"]}}],"collection":[{"href":"https:\/\/bobvarela.com\/index.php?rest_route=\/wp\/v2\/posts"}],"about":[{"href":"https:\/\/bobvarela.com\/index.php?rest_route=\/wp\/v2\/types\/post"}],"author":[{"embeddable":true,"href":"https:\/\/bobvarela.com\/index.php?rest_route=\/wp\/v2\/users\/1"}],"replies":[{"embeddable":true,"href":"https:\/\/bobvarela.com\/index.php?rest_route=%2Fwp%2Fv2%2Fcomments&post=47891"}],"version-history":[{"count":2,"href":"https:\/\/bobvarela.com\/index.php?rest_route=\/wp\/v2\/posts\/47891\/revisions"}],"predecessor-version":[{"id":47895,"href":"https:\/\/bobvarela.com\/index.php?rest_route=\/wp\/v2\/posts\/47891\/revisions\/47895"}],"wp:attachment":[{"href":"https:\/\/bobvarela.com\/index.php?rest_route=%2Fwp%2Fv2%2Fmedia&parent=47891"}],"wp:term":[{"taxonomy":"category","embeddable":true,"href":"https:\/\/bobvarela.com\/index.php?rest_route=%2Fwp%2Fv2%2Fcategories&post=47891"},{"taxonomy":"post_tag","embeddable":true,"href":"https:\/\/bobvarela.com\/index.php?rest_route=%2Fwp%2Fv2%2Ftags&post=47891"}],"curies":[{"name":"wp","href":"https:\/\/api.w.org\/{rel}","templated":true}]}}