{"id":47918,"date":"2013-11-03T19:06:43","date_gmt":"2013-11-03T23:06:43","guid":{"rendered":"https:\/\/bobvarela.com\/?p=47918"},"modified":"2013-11-03T19:06:43","modified_gmt":"2013-11-03T23:06:43","slug":"transfashion-2013-segunda-edicin","status":"publish","type":"post","link":"https:\/\/bobvarela.com\/?p=47918","title":{"rendered":"TRANSFASHION 2013   segunda edici&oacute;n"},"content":{"rendered":"<p align=\"justify\"><font size=\"3\"><a href=\"https:\/\/bobvarela.com\/wp-content\/uploads\/2013\/11\/vestido-Juan-Colon-April-Carrion.jpg\"><img loading=\"lazy\" decoding=\"async\" title=\"vestido Juan Colon - April Carrion\" style=\"border-top: 0px; border-right: 0px; background-image: none; border-bottom: 0px; float: left; padding-top: 0px; padding-left: 0px; border-left: 0px; display: inline; padding-right: 0px\" border=\"0\" alt=\"vestido Juan Colon - April Carrion\" align=\"left\" src=\"https:\/\/bobvarela.com\/wp-content\/uploads\/2013\/11\/vestido-Juan-Colon-April-Carrion_thumb.jpg\" width=\"144\" height=\"217\" \/><\/a>El viernes 15 de noviembre de 2013, a las 8:00 p.m. en el Ballroom del Museo de Vida Silvestre, se celebra por segunda ocasi\u00f3n el evento TRANSFASHION. Un desfile de modas en el que 20 integrantes de las comunidades transexuales y transg\u00e9nero y del arte del transformismo ocupar\u00e1n la pasarela con piezas de los dise\u00f1adores David Antonio, Lisa Thon, Jos\u00e9 Ra\u00fcl, Jaer Cab\u00e1n, Juan Colon , Sonia Rivera, accesorios de Sonia Bonilla, Calzado por Steve Madden. <\/font><\/p>\n<p align=\"justify\"><font size=\"3\">\u201cTransFashion pretende, adem\u00e1s, concienciar sobre las desiguales en salud que afectan a las personas transexuales y transg\u00e9nero como por ejemplo la dificultad de acceder a servicios de salud o a profesionales que puedan prestarle servicios adecuados de acuerdo a sus necesidades\u201d, mencion\u00f3 Jos\u00e9 Joaqu\u00edn Mulinelli Rodr\u00edguez, Director Ejecutivo en Coa\u00ed, Inc., entidad que organiza la actividad.<\/font><\/p>\n<p align=\"justify\"><a href=\"https:\/\/bobvarela.com\/wp-content\/uploads\/2013\/11\/vestido-Jaer-Caban-April-Carrion.jpg\"><img loading=\"lazy\" decoding=\"async\" title=\"vestido Jaer Caban - April Carrion\" style=\"border-top: 0px; border-right: 0px; background-image: none; border-bottom: 0px; float: right; padding-top: 0px; padding-left: 0px; border-left: 0px; display: inline; padding-right: 0px\" border=\"0\" alt=\"vestido Jaer Caban - April Carrion\" align=\"right\" src=\"https:\/\/bobvarela.com\/wp-content\/uploads\/2013\/11\/vestido-Jaer-Caban-April-Carrion_thumb.jpg\" width=\"131\" height=\"194\" \/><\/a><font size=\"3\">El pasado viernes 4 de octubre se celebr\u00f3 en Sohos Tapas Bar &amp; Restaurant una audici\u00f3n para mujeres trans. Al mismo se personaron 35 participantes. Esta audici\u00f3n cont\u00f3 con la participaci\u00f3n de los dise\u00f1adores Juan Colon, Sonia Rivera, Jaer Cab\u00e1n y Jos\u00e9 Ra\u00fal encargados de seleccionar a las modelos trans del evento. Las escogidas se unir\u00e1n a Kim Moore, Jennifer Vega, April Carri\u00f3n, Felisha Westwood, quienes desfilaron en la primera edici\u00f3n y a las invitadas Barbra Herr, Dreuxilla Divine y Jessica Wild de RuPaul&#8217;s Drag Race. Todas modelar\u00e1n las piezas de los dise\u00f1adores.<\/font><\/p>\n<p align=\"justify\"><font size=\"3\">El desfile, que ser\u00e1 nuevamente animado por la modelo y conductora de televisi\u00f3n Mar\u00eda Mar\u00eda, contar\u00e1 con el apoyo de modelos varones de la agencia Cromo Models &amp; Talents y las siguientes modelos:<\/font><\/p>\n<ul>\n<li>\n<div align=\"justify\"><font size=\"3\">Mayra Matos \u2013 Miss Universe Puerto Rico 2009<\/font><\/div>\n<\/li>\n<li>\n<div align=\"justify\"><font size=\"3\">Gabriela Berr\u00edos \u2013 Miss Universe Puerto Rico 2014<\/font><\/div>\n<\/li>\n<li>\n<div align=\"justify\"><font size=\"3\">Aleyda Ortiz- Miss Intercontinental Puerto Rico 2013<\/font><\/div>\n<\/li>\n<li>\n<div align=\"justify\"><font size=\"3\">Yeidy Enid Bosques P\u00e9rez &#8211; Miss Earth Puerto Rico 2010<\/font><\/div>\n<\/li>\n<li>\n<div align=\"justify\"><font size=\"3\">Darla Pacheco &#8211; Miss Earth Puerto Rico 2012<\/font><\/div>\n<\/li>\n<li>\n<div align=\"justify\"><font size=\"3\">Windy Pagan &#8211; Miss Latin America Puerto Rico 2001<\/font><\/div>\n<\/li>\n<li>\n<div align=\"justify\"><font size=\"3\">Suzette Rivera- Reina Hispanoamericana Puerto Rico 2013<\/font><\/div>\n<\/li>\n<li>\n<div align=\"justify\"><font size=\"3\">Tershya Soto &#8211; Semifinalista en Nuestra Belleza Latina<\/font><\/div>\n<\/li>\n<li>\n<div align=\"justify\"><font size=\"3\">Sacha Garc\u00eda- Finalista Reality Show Model Latina Las Vegas<\/font><\/div>\n<\/li>\n<li>\n<div align=\"justify\"><font size=\"3\">Kasandra Fuentes- Puerto Rico Next Super Model 2012<\/font><\/div>\n<\/li>\n<\/ul>\n<p align=\"justify\"><a href=\"https:\/\/bobvarela.com\/wp-content\/uploads\/2013\/11\/vestido-David-Antonio-April-Carrion.jpg\"><img loading=\"lazy\" decoding=\"async\" title=\"vestido David Antonio - April Carrion\" style=\"border-top: 0px; border-right: 0px; background-image: none; border-bottom: 0px; float: right; padding-top: 0px; padding-left: 0px; border-left: 0px; display: inline; padding-right: 0px\" border=\"0\" alt=\"vestido David Antonio - April Carrion\" align=\"right\" src=\"https:\/\/bobvarela.com\/wp-content\/uploads\/2013\/11\/vestido-David-Antonio-April-Carrion_thumb.jpg\" width=\"130\" height=\"194\" \/><\/a><font size=\"3\">El arreglo de las modelos estara acargo de BTCH cosmetics, peinados por Kathy Leininger y Roberto de Jesus .La velada tambi\u00e9n contar\u00e1 con un coctel de bienvenida, m\u00fasica, sorteos y presentaciones de algunas transformistas del patio como Jaime Sunflower, Kayra Lee Naranjo y Kim Moore. El cierre de la pasarela estar\u00e1 a cargo de Las &quot;Western Divas&quot;.<\/font><\/p>\n<p align=\"center\"><a href=\"https:\/\/bobvarela.com\/wp-content\/uploads\/2013\/11\/vestido-Lisa-Thon-April-Carrion.jpg\"><img loading=\"lazy\" decoding=\"async\" title=\"vestido Lisa Thon - April Carrion\" style=\"border-top: 0px; border-right: 0px; background-image: none; border-bottom: 0px; padding-top: 0px; padding-left: 0px; border-left: 0px; display: inline; padding-right: 0px\" border=\"0\" alt=\"vestido Lisa Thon - April Carrion\" src=\"https:\/\/bobvarela.com\/wp-content\/uploads\/2013\/11\/vestido-Lisa-Thon-April-Carrion_thumb.jpg\" width=\"210\" height=\"134\" \/><\/a><a href=\"https:\/\/bobvarela.com\/wp-content\/uploads\/2013\/11\/vestido-Sonia-Rivera-April-Carrion.jpg\"><img loading=\"lazy\" decoding=\"async\" title=\"vestido Sonia Rivera - April Carrion\" style=\"border-top: 0px; border-right: 0px; background-image: none; border-bottom: 0px; padding-top: 0px; padding-left: 0px; border-left: 0px; display: inline; padding-right: 0px\" border=\"0\" alt=\"vestido Sonia Rivera - April Carrion\" src=\"https:\/\/bobvarela.com\/wp-content\/uploads\/2013\/11\/vestido-Sonia-Rivera-April-Carrion_thumb.jpg\" width=\"198\" height=\"134\" \/><\/a><\/p>\n<p align=\"justify\"><font size=\"3\"><a href=\"https:\/\/bobvarela.com\/wp-content\/uploads\/2013\/11\/vestido-Jose-Raul-April-Carrion.jpg\"><img loading=\"lazy\" decoding=\"async\" title=\"vestido Jose Raul - April Carrion\" style=\"border-top: 0px; border-right: 0px; background-image: none; border-bottom: 0px; float: left; padding-top: 0px; padding-left: 0px; border-left: 0px; display: inline; padding-right: 0px\" border=\"0\" alt=\"vestido Jose Raul - April Carrion\" align=\"left\" src=\"https:\/\/bobvarela.com\/wp-content\/uploads\/2013\/11\/vestido-Jose-Raul-April-Carrion_thumb.jpg\" width=\"131\" height=\"194\" \/><\/a>Este evento, \u00fanico en su clase, apoya la labor y la misi\u00f3n de Coa\u00ed, Inc. organizaci\u00f3n sin fines de lucro que desde 1992 se dedica a promover la salud y a prevenir enfermedades, desde una perspectiva de justicia social y derechos humanos, con \u00e9nfasis en personas lesbianas, homosexual, bisexual, transg\u00e9nero, transexual, queer, questioning e intersexo (LHBTTQQI) en Puerto Rico. <\/font><\/p>\n<p align=\"justify\"><font size=\"3\">Los tel\u00e9fonos para m\u00e1s informaci\u00f3n del evento y para la compra de boletos son: 787- 793-7550, 787-793-7530 y 787-379-1367. <\/font><\/p>\n<p align=\"justify\"><font size=\"3\">Boletos disponibles en la entrada (cheque, Visa, MC, ATH y Discovery \/ no AmEx)<\/font><\/p>\n<p align=\"justify\"><font size=\"3\">Para informaci\u00f3n sobre nuestra organizaci\u00f3n visite www.<\/font><a href=\"https:\/\/coaipr.org\/\"><font size=\"3\">coaipr.org<\/font><\/a><\/p>\n","protected":false},"excerpt":{"rendered":"<p>El viernes 15 de noviembre de 2013, a las 8:00 p.m. en el Ballroom del Museo de Vida Silvestre, se celebra por segunda ocasi\u00f3n el evento TRANSFASHION. Un desfile de modas en el que 20 integrantes de las comunidades transexuales&hellip;<\/p>\n<p class=\"more-link-p\"><a class=\"more-link\" href=\"https:\/\/bobvarela.com\/?p=47918\">Read more &rarr;<\/a><\/p>\n","protected":false},"author":1,"featured_media":0,"comment_status":"open","ping_status":"open","sticky":false,"template":"","format":"standard","meta":{"ngg_post_thumbnail":0,"footnotes":""},"categories":[3,4,295],"tags":[],"class_list":["post-47918","post","type-post","status-publish","format-standard","hentry","category-actividades","category-moda","category-puerto-rico"],"_links":{"self":[{"href":"https:\/\/bobvarela.com\/index.php?rest_route=\/wp\/v2\/posts\/47918","targetHints":{"allow":["GET"]}}],"collection":[{"href":"https:\/\/bobvarela.com\/index.php?rest_route=\/wp\/v2\/posts"}],"about":[{"href":"https:\/\/bobvarela.com\/index.php?rest_route=\/wp\/v2\/types\/post"}],"author":[{"embeddable":true,"href":"https:\/\/bobvarela.com\/index.php?rest_route=\/wp\/v2\/users\/1"}],"replies":[{"embeddable":true,"href":"https:\/\/bobvarela.com\/index.php?rest_route=%2Fwp%2Fv2%2Fcomments&post=47918"}],"version-history":[{"count":1,"href":"https:\/\/bobvarela.com\/index.php?rest_route=\/wp\/v2\/posts\/47918\/revisions"}],"predecessor-version":[{"id":47919,"href":"https:\/\/bobvarela.com\/index.php?rest_route=\/wp\/v2\/posts\/47918\/revisions\/47919"}],"wp:attachment":[{"href":"https:\/\/bobvarela.com\/index.php?rest_route=%2Fwp%2Fv2%2Fmedia&parent=47918"}],"wp:term":[{"taxonomy":"category","embeddable":true,"href":"https:\/\/bobvarela.com\/index.php?rest_route=%2Fwp%2Fv2%2Fcategories&post=47918"},{"taxonomy":"post_tag","embeddable":true,"href":"https:\/\/bobvarela.com\/index.php?rest_route=%2Fwp%2Fv2%2Ftags&post=47918"}],"curies":[{"name":"wp","href":"https:\/\/api.w.org\/{rel}","templated":true}]}}