{"id":47952,"date":"2013-11-11T07:16:00","date_gmt":"2013-11-11T11:16:00","guid":{"rendered":"https:\/\/bobvarela.com\/?p=47952"},"modified":"2013-11-11T07:16:00","modified_gmt":"2013-11-11T11:16:00","slug":"puerto-rico-es-la-virreina-del-turismo-latino-2013-en-ecuador","status":"publish","type":"post","link":"https:\/\/bobvarela.com\/?p=47952","title":{"rendered":"Puerto Rico es la Virreina del Turismo Latino 2013 en Ecuador"},"content":{"rendered":"<p align=\"justify\"><a href=\"https:\/\/bobvarela.com\/wp-content\/uploads\/2013\/11\/TURISMO.SWIM_.jpg\"><img loading=\"lazy\" decoding=\"async\" title=\"TURISMO.SWIM\" style=\"border-top: 0px; border-right: 0px; background-image: none; border-bottom: 0px; float: left; padding-top: 0px; padding-left: 0px; border-left: 0px; display: inline; padding-right: 0px\" border=\"0\" alt=\"TURISMO.SWIM\" align=\"left\" src=\"https:\/\/bobvarela.com\/wp-content\/uploads\/2013\/11\/TURISMO.SWIM_thumb.jpg\" width=\"147\" height=\"200\" \/><\/a><font size=\"3\">La mayag\u00fcezana Amanda Ayala se convirti\u00f3 la noche del s\u00e1bado 9 de noviembre en la Virreina de la 7ma edici\u00f3n de Miss Turismo Latino Internacional celebrado en el Coliseo Santo Tomas Apostol en Riobamba, Ecuador con un vestido del dise\u00f1ador Angel Guzm\u00e1n, donde por primera vez la ecuatoriana Claribel Gonz\u00e1lez logro la corona para su pa\u00eds.<\/font><\/p>\n<p align=\"justify\"><font size=\"3\">Desde su llegada se perfilo entre las favoritas por su sonrisa y buen vestir<\/font><font size=\"3\">logrando la atenci\u00f3n de la prensa y auspiciadores donde fue seleccionada<\/font><font size=\"3\">como el Rostro Palladio, l\u00ednea oficial de maquillaje del evento.<\/font><\/p>\n<p align=\"justify\"><a href=\"https:\/\/bobvarela.com\/wp-content\/uploads\/2013\/11\/TURISMO.AMANDACLARIBEL.jpg\"><img loading=\"lazy\" decoding=\"async\" title=\"TURISMO.AMANDA&amp;CLARIBEL\" style=\"border-top: 0px; border-right: 0px; background-image: none; border-bottom: 0px; float: right; padding-top: 0px; padding-left: 0px; border-left: 0px; display: inline; padding-right: 0px\" border=\"0\" alt=\"TURISMO.AMANDA&amp;CLARIBEL\" align=\"right\" src=\"https:\/\/bobvarela.com\/wp-content\/uploads\/2013\/11\/TURISMO.AMANDACLARIBEL_thumb.jpg\" width=\"134\" height=\"190\" \/><\/a><font size=\"3\">Las candidatas tuvieron una cargada agenda con recorridos y estad\u00edas por las ciudades de Guayaquil, Ambato, Guaranda, Ba\u00f1os y Riobamba conociendo de la cultura, historia y gastronom\u00eda de Ecuador.<\/font><\/p>\n<p align=\"justify\"><font size=\"3\">Aparte de la competencia de trajes t\u00edpicos tuvieron la oportunidad de participar desde un Festival en Ambato para Recaudaci\u00f3n de fondos para ni\u00f1os pacientes de c\u00e1ncer, visitar el Volc\u00e1n de Chimborazo y el Museo Simon Bol\u00edvar y Museo de la Llama, caravanas de promoci\u00f3n hasta compartir con una comunidad ind\u00edgena.<\/font><\/p>\n<p align=\"justify\"><font size=\"3\">Cabe destacar que la puertorrique\u00f1a Nicole Col\u00f3n ostento este t\u00edtulo en la edici\u00f3n del 2012 como representante de USA Panamerican.<\/font><\/p>\n<p align=\"center\"><a href=\"https:\/\/bobvarela.com\/wp-content\/uploads\/2013\/11\/TURISMO.AMANDACLARIBEL1.jpg\"><img loading=\"lazy\" decoding=\"async\" title=\"TURISMO.AMANDA&amp;CLARIBEL\" style=\"border-top: 0px; border-right: 0px; background-image: none; border-bottom: 0px; padding-top: 0px; padding-left: 0px; margin: 0px; border-left: 0px; display: inline; padding-right: 0px\" border=\"0\" alt=\"TURISMO.AMANDA&amp;CLARIBEL\" src=\"https:\/\/bobvarela.com\/wp-content\/uploads\/2013\/11\/TURISMO.AMANDACLARIBEL_thumb1.jpg\" width=\"134\" height=\"190\" \/><\/a><a href=\"https:\/\/bobvarela.com\/wp-content\/uploads\/2013\/11\/TURISMO.INDIGENA.jpg\"><img loading=\"lazy\" decoding=\"async\" title=\"TURISMO.INDIGENA\" style=\"border-top: 0px; border-right: 0px; background-image: none; border-bottom: 0px; padding-top: 0px; padding-left: 0px; border-left: 0px; display: inline; padding-right: 0px\" border=\"0\" alt=\"TURISMO.INDIGENA\" src=\"https:\/\/bobvarela.com\/wp-content\/uploads\/2013\/11\/TURISMO.INDIGENA_thumb.jpg\" width=\"130\" height=\"194\" \/><\/a><a href=\"https:\/\/bobvarela.com\/wp-content\/uploads\/2013\/11\/TURISMO.GALA2_.jpg\"><img loading=\"lazy\" decoding=\"async\" title=\"TURISMO.GALA2\" style=\"border-top: 0px; border-right: 0px; background-image: none; border-bottom: 0px; padding-top: 0px; padding-left: 0px; border-left: 0px; display: inline; padding-right: 0px\" border=\"0\" alt=\"TURISMO.GALA2\" src=\"https:\/\/bobvarela.com\/wp-content\/uploads\/2013\/11\/TURISMO.GALA2_thumb.jpg\" width=\"129\" height=\"194\" \/><\/a><\/p>\n<p align=\"justify\"><font size=\"3\">Amanda regresa a Puerto Rico hoy lunes 11 de mayo a las 11pm por AA.<\/font><\/p>\n<p>Listado Premios Especiales:<\/p>\n<p>Guatemala: Fotogenia y Sonrisa <\/p>\n<p>Brasil: Amistad<\/p>\n<p>Per\u00fa: Cabello y Popularidad<\/p>\n<p>Puerto Rico: Mejor Entrevista<\/p>\n<p>Ecuador: Silueta y Rostro<\/p>\n<p>Panama: Pasarela<\/p>\n","protected":false},"excerpt":{"rendered":"<p>La mayag\u00fcezana Amanda Ayala se convirti\u00f3 la noche del s\u00e1bado 9 de noviembre en la Virreina de la 7ma edici\u00f3n de Miss Turismo Latino Internacional celebrado en el Coliseo Santo Tomas Apostol en Riobamba, Ecuador con un vestido del dise\u00f1ador&hellip;<\/p>\n<p class=\"more-link-p\"><a class=\"more-link\" href=\"https:\/\/bobvarela.com\/?p=47952\">Read more &rarr;<\/a><\/p>\n","protected":false},"author":1,"featured_media":0,"comment_status":"open","ping_status":"open","sticky":false,"template":"","format":"standard","meta":{"ngg_post_thumbnail":0,"footnotes":""},"categories":[5,446],"tags":[],"class_list":["post-47952","post","type-post","status-publish","format-standard","hentry","category-concursos","category-turismo"],"_links":{"self":[{"href":"https:\/\/bobvarela.com\/index.php?rest_route=\/wp\/v2\/posts\/47952","targetHints":{"allow":["GET"]}}],"collection":[{"href":"https:\/\/bobvarela.com\/index.php?rest_route=\/wp\/v2\/posts"}],"about":[{"href":"https:\/\/bobvarela.com\/index.php?rest_route=\/wp\/v2\/types\/post"}],"author":[{"embeddable":true,"href":"https:\/\/bobvarela.com\/index.php?rest_route=\/wp\/v2\/users\/1"}],"replies":[{"embeddable":true,"href":"https:\/\/bobvarela.com\/index.php?rest_route=%2Fwp%2Fv2%2Fcomments&post=47952"}],"version-history":[{"count":1,"href":"https:\/\/bobvarela.com\/index.php?rest_route=\/wp\/v2\/posts\/47952\/revisions"}],"predecessor-version":[{"id":47953,"href":"https:\/\/bobvarela.com\/index.php?rest_route=\/wp\/v2\/posts\/47952\/revisions\/47953"}],"wp:attachment":[{"href":"https:\/\/bobvarela.com\/index.php?rest_route=%2Fwp%2Fv2%2Fmedia&parent=47952"}],"wp:term":[{"taxonomy":"category","embeddable":true,"href":"https:\/\/bobvarela.com\/index.php?rest_route=%2Fwp%2Fv2%2Fcategories&post=47952"},{"taxonomy":"post_tag","embeddable":true,"href":"https:\/\/bobvarela.com\/index.php?rest_route=%2Fwp%2Fv2%2Ftags&post=47952"}],"curies":[{"name":"wp","href":"https:\/\/api.w.org\/{rel}","templated":true}]}}