{"id":47980,"date":"2013-11-14T19:53:55","date_gmt":"2013-11-14T23:53:55","guid":{"rendered":"https:\/\/bobvarela.com\/?p=47980"},"modified":"2013-11-14T19:53:56","modified_gmt":"2013-11-14T23:53:56","slug":"monic-prez-luce-espectacular-vestida-de-hombre-en-impactante-portada-de-revista-de-novias","status":"publish","type":"post","link":"https:\/\/bobvarela.com\/?p=47980","title":{"rendered":"Monic P&eacute;rez luce espectacular vestida de hombre en impactante portada de revista de novias"},"content":{"rendered":"<p align=\"justify\"><font size=\"3\"><i><u><a href=\"https:\/\/bobvarela.com\/wp-content\/uploads\/2013\/11\/MIBODAportada.jpg\"><img loading=\"lazy\" decoding=\"async\" title=\"MIBODAportada\" style=\"border-top: 0px; border-right: 0px; background-image: none; border-bottom: 0px; float: left; padding-top: 0px; padding-left: 0px; border-left: 0px; display: inline; padding-right: 0px\" border=\"0\" alt=\"MIBODAportada\" align=\"left\" src=\"https:\/\/bobvarela.com\/wp-content\/uploads\/2013\/11\/MIBODAportada_thumb.jpg\" width=\"157\" height=\"217\" \/><\/a>San Juan, Puerto Rico <\/u><\/i>\u2013 <b>Monic P\u00e9rez<\/b>, quien fue seleccionada como una de las 16 mujeres m\u00e1s bellas del mundo en la pasada edici\u00f3n de Miss Universo, sorprende en una espectacular e impactante sesi\u00f3n fotogr\u00e1fica para una importante revista de novias en Puerto Rico. La modelo boricua aparece en la \u00faltima edici\u00f3n de la portada de la revista <i>Mi Boda<\/i> vestida con un hermoso vestido de novias de la casa de modas OF Atelier posando junto a ella misma, gracias a la tecnolog\u00eda,&#160; con una etiqueta de hombre, de las tiendas Leonardos, y peinada con pelo corto.&#160; <\/font><\/p>\n<p align=\"justify\"><font size=\"3\"><i>\u201c<b>Me encant\u00f3 el resultado de las fotos y el trabajo de edici\u00f3n. Cuando se me dijo la idea no lo pens\u00e9 dos veces, porque me gusta hacer cosas diferentes. Creo que he demostrado que me divierto experimentando diferentes looks y no le tengo miedo a los retos. He realizado muchas sesiones fotogr\u00e1ficas, pero esta me pareci\u00f3 muy distinta, original y de buen gusto<\/b>\u201d,<\/i> dijo la carism\u00e1tica joven, quien es la primera Miss Puerto Rico en aparecer vestida de hombre en una portada de revista.<\/font><\/p>\n<p align=\"justify\"><font size=\"3\">Las fotos realizadas por el fot\u00f3grafo puertorrique\u00f1o Felipe Torres en un concepto del publicista y asesor Lemil Collazo, fueron realizadas en el hotel El Convento en el Viejo San Juan de Puerto Rico.<\/font><\/p>\n<p align=\"justify\"><font size=\"3\"><b><i>\u201cLo que me gusta de hacer editoriales fotogr\u00e1ficos como estos, es que tengo que entrar en distintos personajes para proyectar lo que requiere el concepto. Es como si mezclara el modelaje con la actuaci\u00f3n y me parece fant\u00e1stico\u201d<\/i><\/b>, explica la enfermera graduada de 23 a\u00f1os, quien planea desarrollar una carrera de modelaje en Nueva York.&#160; <\/font><\/p>\n<p align=\"center\"><a href=\"https:\/\/bobvarela.com\/wp-content\/uploads\/2013\/11\/MIBODA2.jpg\"><img loading=\"lazy\" decoding=\"async\" title=\"MIBODA2\" style=\"border-top: 0px; border-right: 0px; background-image: none; border-bottom: 0px; padding-top: 0px; padding-left: 0px; border-left: 0px; display: inline; padding-right: 0px\" border=\"0\" alt=\"MIBODA2\" src=\"https:\/\/bobvarela.com\/wp-content\/uploads\/2013\/11\/MIBODA2_thumb.jpg\" width=\"360\" height=\"198\" \/><\/a><\/p>\n<p align=\"justify\"><font size=\"3\">El arreglo de maquillaje y peinado estuvo a cargo de Irving Cortes, quien resalt\u00f3 su belleza femenina con un concepto de los a\u00f1os sesenta y tambi\u00e9n tuvo el reto de transformar a P\u00e9rez en su versi\u00f3n masculina.<\/font><\/p>\n<p align=\"justify\"><font size=\"3\"><b><i>\u201cComo modelo de pasarela tienes que usar tu proyecci\u00f3n para vender la ropa, pero cuando haces fotos tienes que vender el personaje completo, desarrollar una historia y a veces proyectar algo completamente diferente a lo que eres\u201d<\/i><\/b>, explica la modelo, quien considera que tiene un estilo muy femenino y cl\u00e1sico al vestir.<\/font><\/p>\n<p align=\"justify\"><font size=\"3\">Para <b>Monic P\u00e9rez<\/b> estas fotos representan&#160; <b><i>\u201cel s\u00edmbolo de la b\u00fasqueda de la alma gemela, de esa persona que te complementa y que uno debe sentirse proyectada en ella.\u201d<\/i><\/b> En la entrevista que acompa\u00f1a las fotograf\u00edas la reina de belleza dijo que, aunque no lo contempla en la actualidad, quisiera casarse alg\u00fan d\u00eda y que en cuanto al f\u00edsico, le gustan los hombres m\u00e1s altos que ella. <b><i>\u201cCreo en el amor y me encantar\u00eda casarme en un futuro. Pero el hombre que desee pasar el resto de la vida conmigo no puede ser machista, debe entender mi trabajo y ponerse en mis zapatos, como yo lo har\u00eda con \u00e9l y as\u00ed complementarnos\u201d,<\/i><\/b> confes\u00f3 la joven quien actualmente est\u00e1 enfocada en su desarrollo profesional.<\/font><\/p>\n","protected":false},"excerpt":{"rendered":"<p>San Juan, Puerto Rico \u2013 Monic P\u00e9rez, quien fue seleccionada como una de las 16 mujeres m\u00e1s bellas del mundo en la pasada edici\u00f3n de Miss Universo, sorprende en una espectacular e impactante sesi\u00f3n fotogr\u00e1fica para una importante revista de&hellip;<\/p>\n<p class=\"more-link-p\"><a class=\"more-link\" href=\"https:\/\/bobvarela.com\/?p=47980\">Read more &rarr;<\/a><\/p>\n","protected":false},"author":1,"featured_media":0,"comment_status":"open","ping_status":"open","sticky":false,"template":"","format":"standard","meta":{"ngg_post_thumbnail":0,"footnotes":""},"categories":[4],"tags":[],"class_list":["post-47980","post","type-post","status-publish","format-standard","hentry","category-moda"],"_links":{"self":[{"href":"https:\/\/bobvarela.com\/index.php?rest_route=\/wp\/v2\/posts\/47980","targetHints":{"allow":["GET"]}}],"collection":[{"href":"https:\/\/bobvarela.com\/index.php?rest_route=\/wp\/v2\/posts"}],"about":[{"href":"https:\/\/bobvarela.com\/index.php?rest_route=\/wp\/v2\/types\/post"}],"author":[{"embeddable":true,"href":"https:\/\/bobvarela.com\/index.php?rest_route=\/wp\/v2\/users\/1"}],"replies":[{"embeddable":true,"href":"https:\/\/bobvarela.com\/index.php?rest_route=%2Fwp%2Fv2%2Fcomments&post=47980"}],"version-history":[{"count":1,"href":"https:\/\/bobvarela.com\/index.php?rest_route=\/wp\/v2\/posts\/47980\/revisions"}],"predecessor-version":[{"id":47981,"href":"https:\/\/bobvarela.com\/index.php?rest_route=\/wp\/v2\/posts\/47980\/revisions\/47981"}],"wp:attachment":[{"href":"https:\/\/bobvarela.com\/index.php?rest_route=%2Fwp%2Fv2%2Fmedia&parent=47980"}],"wp:term":[{"taxonomy":"category","embeddable":true,"href":"https:\/\/bobvarela.com\/index.php?rest_route=%2Fwp%2Fv2%2Fcategories&post=47980"},{"taxonomy":"post_tag","embeddable":true,"href":"https:\/\/bobvarela.com\/index.php?rest_route=%2Fwp%2Fv2%2Ftags&post=47980"}],"curies":[{"name":"wp","href":"https:\/\/api.w.org\/{rel}","templated":true}]}}