{"id":48021,"date":"2013-11-19T12:32:52","date_gmt":"2013-11-19T16:32:52","guid":{"rendered":"https:\/\/bobvarela.com\/?p=48021"},"modified":"2013-11-19T14:01:03","modified_gmt":"2013-11-19T18:01:03","slug":"jaer-caban-juan-colon-y-sonia-rivera-en-transfashion-2013","status":"publish","type":"post","link":"https:\/\/bobvarela.com\/?p=48021","title":{"rendered":"Jaer Caban, Juan Colon, y Sonia Rivera en TransFashion 2013"},"content":{"rendered":"<p align=\"justify\"><font size=\"3\">El pasado viernes 15 de noviembre de 2013, y por segundo a\u00f1o consecutivo, en el Ballroom del Museo de Vida Silvestre, integrantes de las comunidades transg\u00e9nero y transexual, as\u00ed como profesionales del arte del transformismo, ocuparon la pasarela de la mano de seis de los m\u00e1s prominentes dise\u00f1adores del pa\u00eds en el desfile denominado TransFashion. <\/font><\/p>\n<p align=\"justify\"><a href=\"https:\/\/bobvarela.com\/wp-content\/uploads\/2013\/11\/IMG_0003.jpg\"><img loading=\"lazy\" decoding=\"async\" title=\"\" style=\"border-top: 0px; border-right: 0px; background-image: none; border-bottom: 0px; padding-top: 0px; padding-left: 0px; border-left: 0px; display: inline; padding-right: 0px\" border=\"0\" alt=\"\" src=\"https:\/\/bobvarela.com\/wp-content\/uploads\/2013\/11\/IMG_0003_thumb.jpg\" width=\"198\" height=\"134\" \/><\/a><a href=\"https:\/\/bobvarela.com\/wp-content\/uploads\/2013\/11\/IMG_0007.jpg\"><img loading=\"lazy\" decoding=\"async\" title=\"\" style=\"border-top: 0px; border-right: 0px; background-image: none; border-bottom: 0px; padding-top: 0px; padding-left: 0px; border-left: 0px; display: inline; padding-right: 0px\" border=\"0\" alt=\"\" src=\"https:\/\/bobvarela.com\/wp-content\/uploads\/2013\/11\/IMG_0007_thumb.jpg\" width=\"198\" height=\"134\" \/><\/a><a href=\"https:\/\/bobvarela.com\/wp-content\/uploads\/2013\/11\/IMG_0017.jpg\"><img loading=\"lazy\" decoding=\"async\" title=\"\" style=\"border-top: 0px; border-right: 0px; background-image: none; border-bottom: 0px; padding-top: 0px; padding-left: 0px; border-left: 0px; display: inline; padding-right: 0px\" border=\"0\" alt=\"\" src=\"https:\/\/bobvarela.com\/wp-content\/uploads\/2013\/11\/IMG_0017_thumb.jpg\" width=\"198\" height=\"134\" \/><\/a><a href=\"https:\/\/bobvarela.com\/wp-content\/uploads\/2013\/11\/IMG_0029.jpg\"><img loading=\"lazy\" decoding=\"async\" title=\"\" style=\"border-top: 0px; border-right: 0px; background-image: none; border-bottom: 0px; padding-top: 0px; padding-left: 0px; border-left: 0px; display: inline; padding-right: 0px\" border=\"0\" alt=\"\" src=\"https:\/\/bobvarela.com\/wp-content\/uploads\/2013\/11\/IMG_0029_thumb.jpg\" width=\"198\" height=\"134\" \/><\/a><a href=\"https:\/\/bobvarela.com\/wp-content\/uploads\/2013\/11\/IMG_0037.jpg\"><img loading=\"lazy\" decoding=\"async\" title=\"\" style=\"border-top: 0px; border-right: 0px; background-image: none; border-bottom: 0px; padding-top: 0px; padding-left: 0px; border-left: 0px; display: inline; padding-right: 0px\" border=\"0\" alt=\"\" src=\"https:\/\/bobvarela.com\/wp-content\/uploads\/2013\/11\/IMG_0037_thumb.jpg\" width=\"198\" height=\"134\" \/><\/a><a href=\"https:\/\/bobvarela.com\/wp-content\/uploads\/2013\/11\/IMG_0041.jpg\"><img loading=\"lazy\" decoding=\"async\" title=\"\" style=\"border-top: 0px; border-right: 0px; background-image: none; border-bottom: 0px; padding-top: 0px; padding-left: 0px; border-left: 0px; display: inline; padding-right: 0px\" border=\"0\" alt=\"\" src=\"https:\/\/bobvarela.com\/wp-content\/uploads\/2013\/11\/IMG_0041_thumb.jpg\" width=\"198\" height=\"134\" \/><\/a><\/p>\n<p align=\"justify\"><font size=\"3\">La actividad fue organizada por Coa\u00ed, Inc., una organizaci\u00f3n sin fines de lucro que desde 1992 persigue promover la salud y prevenir enfermedades desde una perspectiva de justicia social y de Derechos Humanos con \u00e9nfasis en las comunidades lesbiana, homosexual, bisexual, transg\u00e9nero, transexual, queer, questioning e intersexo (LHBTTQQI) en Puerto Rico.<\/font> <\/p>\n<p align=\"left\"><a href=\"https:\/\/bobvarela.com\/wp-content\/uploads\/2013\/11\/IMG_0050.jpg\"><img loading=\"lazy\" decoding=\"async\" title=\"\" style=\"border-top: 0px; border-right: 0px; background-image: none; border-bottom: 0px; padding-top: 0px; padding-left: 0px; border-left: 0px; display: inline; padding-right: 0px\" border=\"0\" alt=\"\" src=\"https:\/\/bobvarela.com\/wp-content\/uploads\/2013\/11\/IMG_0050_thumb.jpg\" width=\"198\" height=\"134\" \/><\/a><a href=\"https:\/\/bobvarela.com\/wp-content\/uploads\/2013\/11\/IMG_0053.jpg\"><img loading=\"lazy\" decoding=\"async\" title=\"\" style=\"border-top: 0px; border-right: 0px; background-image: none; border-bottom: 0px; padding-top: 0px; padding-left: 0px; border-left: 0px; display: inline; padding-right: 0px\" border=\"0\" alt=\"\" src=\"https:\/\/bobvarela.com\/wp-content\/uploads\/2013\/11\/IMG_0053_thumb.jpg\" width=\"198\" height=\"134\" \/><\/a><a href=\"https:\/\/bobvarela.com\/wp-content\/uploads\/2013\/11\/IMG_0055.jpg\"><img loading=\"lazy\" decoding=\"async\" title=\"\" style=\"border-top: 0px; border-right: 0px; background-image: none; border-bottom: 0px; padding-top: 0px; padding-left: 0px; border-left: 0px; display: inline; padding-right: 0px\" border=\"0\" alt=\"\" src=\"https:\/\/bobvarela.com\/wp-content\/uploads\/2013\/11\/IMG_0055_thumb.jpg\" width=\"198\" height=\"134\" \/><\/a><a href=\"https:\/\/bobvarela.com\/wp-content\/uploads\/2013\/11\/IMG_0061.jpg\"><img loading=\"lazy\" decoding=\"async\" title=\"\" style=\"border-top: 0px; border-right: 0px; background-image: none; border-bottom: 0px; padding-top: 0px; padding-left: 0px; border-left: 0px; display: inline; padding-right: 0px\" border=\"0\" alt=\"\" src=\"https:\/\/bobvarela.com\/wp-content\/uploads\/2013\/11\/IMG_0061_thumb.jpg\" width=\"198\" height=\"134\" \/><\/a><a href=\"https:\/\/bobvarela.com\/wp-content\/uploads\/2013\/11\/IMG_0063.jpg\"><img loading=\"lazy\" decoding=\"async\" title=\"\" style=\"border-top: 0px; border-right: 0px; background-image: none; border-bottom: 0px; padding-top: 0px; padding-left: 0px; border-left: 0px; display: inline; padding-right: 0px\" border=\"0\" alt=\"\" src=\"https:\/\/bobvarela.com\/wp-content\/uploads\/2013\/11\/IMG_0063_thumb.jpg\" width=\"198\" height=\"134\" \/><\/a><a href=\"https:\/\/bobvarela.com\/wp-content\/uploads\/2013\/11\/IMG_0064.jpg\"><img loading=\"lazy\" decoding=\"async\" title=\"\" style=\"border-top: 0px; border-right: 0px; background-image: none; border-bottom: 0px; padding-top: 0px; padding-left: 0px; border-left: 0px; display: inline; padding-right: 0px\" border=\"0\" alt=\"\" src=\"https:\/\/bobvarela.com\/wp-content\/uploads\/2013\/11\/IMG_0064_thumb.jpg\" width=\"198\" height=\"134\" \/><\/a><\/p>\n<p align=\"justify\"><font size=\"3\">El desfile, conto con el apoyo de los dise\u00f1adores Lisa Thon, David Antonio, Sonia Rivera, Juan Col\u00f3n, Jaer Cab\u00e1n y Jos\u00e9 Ra\u00fal, los modelos varones de la agencia Cromo Models &amp; Talents y las siguientes modelos:<\/font> <\/p>\n<p align=\"justify\"><font size=\"3\">\u00b7 Mayra Matos \u2013 Miss Universe Puerto Rico 2009<\/font> <\/p>\n<p align=\"justify\"><font size=\"3\">\u00b7 Gabriela Berr\u00edos \u2013 Miss Universe Puerto Rico 2014<\/font> <\/p>\n<p align=\"justify\"><font size=\"3\">\u00b7 Aleyda Ortiz- Miss Intercontinental Puerto Rico 2013<\/font> <\/p>\n<p align=\"justify\"><font size=\"3\">\u00b7 Yeidy Enid Bosques P\u00e9rez \u2013 Miss Earth Puerto Rico 2010<\/font> <\/p>\n<p align=\"justify\"><font size=\"3\">\u00b7 Darla Pacheco \u2013 Miss Earth Puerto Rico 2012<\/font> <\/p>\n<p align=\"justify\"><font size=\"3\">\u00b7 Windy Pagan \u2013 Miss Latin America Puerto Rico 2001<\/font> <\/p>\n<p align=\"justify\"><font size=\"3\">\u00b7 Suzette Rivera- Reina Hispanoamericana Puerto Rico 2013<\/font> <\/p>\n<p align=\"justify\"><font size=\"3\">\u00b7 Tershya Soto \u2013 Semifinalista en Nuestra Belleza Latina<\/font> <\/p>\n<p align=\"justify\"><font size=\"3\">\u00b7 Sacha Garc\u00eda- Finalista Reality Show Model Latina Las Vegas<\/font> <\/p>\n<p align=\"justify\"><font size=\"3\">\u00b7 Kasandra Fuentes- Puerto Rico Next Super Model 2012<\/font> <\/p>\n<p align=\"justify\"><font size=\"3\">La firma de cosm\u00e9ticos BTCH auspici\u00f3 el maquillaje, los peinados estuvieron a cargo de Roberto De Jes\u00fas y Katy Leininger, los accesorios por Sonia Bonilla y el calzado fue provisto por Steve Madden.<\/font> <\/p>\n<p align=\"justify\"><font size=\"3\">Este desfile, que cont\u00f3 con la animaci\u00f3n de la modelo Mar\u00eda Mar\u00eda, m\u00fasica de Ben Casillas, ambientaci\u00f3n de Jorge Vargas y la participaci\u00f3n art\u00edstica de Jaime Sunflower, Kim Moore, Kayra Lee Naranjo y las \u201cWestern Divas\u201d &#8211; Desir\u00e9 Cardoza, Nicole Chac\u00f3n y Chlo\u00e9 Cardoza<\/font> <\/p>\n<p align=\"justify\"><font size=\"3\">En esta Ocasi\u00f3n presentaremos los desfiles de Jaer Caban, Juan Colon, y Sonia Rivera en TransFashion 2013 <\/font><\/p>\n<p align=\"justify\"><font size=\"4\">Jaer Caban<\/font><\/p>\n<p align=\"justify\"><font size=\"4\" face=\"Verdana\">ngg_shortcode_0_placeholder<\/font><\/p>\n<p align=\"justify\"><font size=\"4\">Juan Colon<\/font><\/p>\n<p align=\"justify\"><font size=\"4\" face=\"Verdana\">ngg_shortcode_1_placeholder<\/font><\/p>\n<p align=\"justify\"><font size=\"4\">Sonia Rivera<\/font><\/p>\n<p align=\"justify\"><font size=\"3\" face=\"Verdana\">ngg_shortcode_2_placeholder<\/font><\/p>\n","protected":false},"excerpt":{"rendered":"<p>El pasado viernes 15 de noviembre de 2013, y por segundo a\u00f1o consecutivo, en el Ballroom del Museo de Vida Silvestre, integrantes de las comunidades transg\u00e9nero y transexual, as\u00ed como profesionales del arte del transformismo, ocuparon la pasarela de la&hellip;<\/p>\n<p class=\"more-link-p\"><a class=\"more-link\" href=\"https:\/\/bobvarela.com\/?p=48021\">Read more &rarr;<\/a><\/p>\n","protected":false},"author":1,"featured_media":0,"comment_status":"open","ping_status":"open","sticky":false,"template":"","format":"standard","meta":{"ngg_post_thumbnail":0,"footnotes":""},"categories":[3,4,295],"tags":[],"class_list":["post-48021","post","type-post","status-publish","format-standard","hentry","category-actividades","category-moda","category-puerto-rico"],"_links":{"self":[{"href":"https:\/\/bobvarela.com\/index.php?rest_route=\/wp\/v2\/posts\/48021","targetHints":{"allow":["GET"]}}],"collection":[{"href":"https:\/\/bobvarela.com\/index.php?rest_route=\/wp\/v2\/posts"}],"about":[{"href":"https:\/\/bobvarela.com\/index.php?rest_route=\/wp\/v2\/types\/post"}],"author":[{"embeddable":true,"href":"https:\/\/bobvarela.com\/index.php?rest_route=\/wp\/v2\/users\/1"}],"replies":[{"embeddable":true,"href":"https:\/\/bobvarela.com\/index.php?rest_route=%2Fwp%2Fv2%2Fcomments&post=48021"}],"version-history":[{"count":3,"href":"https:\/\/bobvarela.com\/index.php?rest_route=\/wp\/v2\/posts\/48021\/revisions"}],"predecessor-version":[{"id":48024,"href":"https:\/\/bobvarela.com\/index.php?rest_route=\/wp\/v2\/posts\/48021\/revisions\/48024"}],"wp:attachment":[{"href":"https:\/\/bobvarela.com\/index.php?rest_route=%2Fwp%2Fv2%2Fmedia&parent=48021"}],"wp:term":[{"taxonomy":"category","embeddable":true,"href":"https:\/\/bobvarela.com\/index.php?rest_route=%2Fwp%2Fv2%2Fcategories&post=48021"},{"taxonomy":"post_tag","embeddable":true,"href":"https:\/\/bobvarela.com\/index.php?rest_route=%2Fwp%2Fv2%2Ftags&post=48021"}],"curies":[{"name":"wp","href":"https:\/\/api.w.org\/{rel}","templated":true}]}}