{"id":48038,"date":"2013-12-01T10:59:55","date_gmt":"2013-12-01T14:59:55","guid":{"rendered":"https:\/\/bobvarela.com\/?p=48038"},"modified":"2013-12-01T11:02:53","modified_gmt":"2013-12-01T15:02:53","slug":"san-juan-moda-fashion-week-anuncia-las-fechas-de-sus-prximas-ediciones","status":"publish","type":"post","link":"https:\/\/bobvarela.com\/?p=48038","title":{"rendered":"San Juan Moda Fashion Week, anuncia las fechas de sus pr&oacute;ximas ediciones."},"content":{"rendered":"<p align=\"justify\"><font size=\"3\"><i><u><a href=\"https:\/\/bobvarela.com\/wp-content\/uploads\/2013\/12\/EdzelGiovanniSpringSummer2014-8.jpg\"><img loading=\"lazy\" decoding=\"async\" title=\"Edzel Giovanni 2014 Spring-Summer Collection\" style=\"border-top: 0px; border-right: 0px; background-image: none; border-bottom: 0px; float: left; padding-top: 0px; padding-left: 0px; border-left: 0px; display: inline; padding-right: 0px\" border=\"0\" alt=\"Edzel Giovanni 2014 Spring-Summer Collection\" align=\"left\" src=\"https:\/\/bobvarela.com\/wp-content\/uploads\/2013\/12\/EdzelGiovanniSpringSummer2014-8_thumb.jpg\" width=\"131\" height=\"207\" \/><\/a>San Juan, Puerto Rico<\/u><\/i>\u2013 Luego del gran \u00e9xito logrado el pasado mes de octubre, el primer evento que logr\u00f3 una semana completa de la moda en Puerto Rico, <b>San Juan Moda Fashion Week<\/b>, anuncia las fechas de sus pr\u00f3ximas ediciones. Con este anuncio el 2014 tendr\u00e1 una oferta tur\u00edstica adicional.<\/font><\/p>\n<p align=\"justify\"><font size=\"3\">La edici\u00f3n Oto\u00f1o Invierno 2014 ser\u00e1 del 15 al 22 del pr\u00f3ximo marzo, mientras que la edici\u00f3n Primavera Verano 2015 se llevar\u00e1 a cabo del 5 al 12 de octubre del 2014. Ambas ediciones se realizar\u00e1n en El San Juan Resort &amp; Casino.<\/font><\/p>\n<p align=\"justify\"><font size=\"3\"><i>\u201cCon este anuncio, los fashionistas alrededor del mundo podr\u00e1n anotar en su agenda su pr\u00f3xima cita con este importante evento para planificar con tiempo su visita a la isla durante estas fechas y disfrutar de las propuestas de los dise\u00f1adores puertorrique\u00f1os e internacionales que se presentan. La idea es establecer las dos temporadas fijas del a\u00f1o como se hace en muchos pa\u00edses y mantenerlas por una semana completa. De esta manera ayudamos a presentar un atractivo m\u00e1s para industria del turismo\u201d<\/i>, inform\u00f3 Carlos Berm\u00fadez, creador y coordinador del evento. <\/font><\/p>\n<p align=\"center\"><a href=\"https:\/\/bobvarela.com\/wp-content\/uploads\/2013\/12\/OFAtelierSpringSummer2014-2-1.jpg\"><img loading=\"lazy\" decoding=\"async\" title=\"OF Atelier 2014 Spring-Summer Collection\" style=\"border-top: 0px; border-right: 0px; background-image: none; border-bottom: 0px; padding-top: 0px; padding-left: 0px; border-left: 0px; display: inline; padding-right: 0px\" border=\"0\" alt=\"OF Atelier 2014 Spring-Summer Collection\" src=\"https:\/\/bobvarela.com\/wp-content\/uploads\/2013\/12\/OFAtelierSpringSummer2014-2-1_thumb.jpg\" width=\"290\" height=\"175\" \/><\/a><\/p>\n<p align=\"justify\"><font size=\"3\"><a href=\"https:\/\/bobvarela.com\/wp-content\/uploads\/2013\/12\/RubenDarioSpringSummer2014b-21.jpg\"><img loading=\"lazy\" decoding=\"async\" title=\"Ruben Dario 2014 Spring-Summer Collection\" style=\"border-top: 0px; border-right: 0px; background-image: none; border-bottom: 0px; float: left; padding-top: 0px; padding-left: 0px; border-left: 0px; display: inline; padding-right: 0px\" border=\"0\" alt=\"Ruben Dario 2014 Spring-Summer Collection\" align=\"left\" src=\"https:\/\/bobvarela.com\/wp-content\/uploads\/2013\/12\/RubenDarioSpringSummer2014b-21_thumb.jpg\" width=\"131\" height=\"194\" \/><\/a>Asimismo, pr\u00f3ximamente se anunciar\u00e1n varios eventos relacionados que enmarcar\u00e1n la semana de la moda en marzo as\u00ed como el listado de dise\u00f1adores que participar\u00e1n.<\/font><\/p>\n<p align=\"justify\"><font size=\"3\"><b><a href=\"https:\/\/bobvarela.com\/wp-content\/uploads\/2013\/12\/Lisa-Thon-SpringSummer2014b-12.jpg\"><img loading=\"lazy\" decoding=\"async\" title=\"Lisa Thon   2014 Spring-Summer Collection\" style=\"border-top: 0px; border-right: 0px; background-image: none; border-bottom: 0px; float: right; padding-top: 0px; padding-left: 0px; border-left: 0px; display: inline; padding-right: 0px\" border=\"0\" alt=\"Lisa Thon   2014 Spring-Summer Collection\" align=\"right\" src=\"https:\/\/bobvarela.com\/wp-content\/uploads\/2013\/12\/Lisa-Thon-SpringSummer2014b-12_thumb.jpg\" width=\"151\" height=\"222\" \/><\/a>San Juan Moda<\/b> es la primera semana de la moda en Puerto Rico que se realiza por siete d\u00edas consecutivos y en estas pr\u00f3ximas ediciones le agregan un d\u00eda para ser 8 d\u00edas de puro arte y belleza. <\/font><\/p>\n<p align=\"justify\"><font size=\"3\"><i><\/i><\/font><\/p>\n<p align=\"justify\"><font size=\"3\"><i>\u201cAdem\u00e1s, este evento se distingue por incluir presentaciones de dise\u00f1adores de accesorios entre los desfiles de colecciones de Alta Costura en distintos espacios del Hotel San Juan.&#160; La asistencia a los desfiles que se realizan en el Ballroom del Hotel y son por estricta invitaci\u00f3n, mientras que los desfiles que se realizan en el vest\u00edbulo son abiertos al p\u00fablico\u201d<\/i>, explic\u00f3 Berm\u00fadez.<\/font><\/p>\n<p align=\"justify\"><font size=\"3\">Las personas que se dan cita en el Hotel durante esa semana utilizan sus mejores galas para disfrutar de un ambiente vibrante con m\u00fasica mezclada en vivo por los mejores DJs y los m\u00e1s excitantes <i>after parties<\/i>.<\/font><\/p>\n","protected":false},"excerpt":{"rendered":"<p>San Juan, Puerto Rico\u2013 Luego del gran \u00e9xito logrado el pasado mes de octubre, el primer evento que logr\u00f3 una semana completa de la moda en Puerto Rico, San Juan Moda Fashion Week, anuncia las fechas de sus pr\u00f3ximas ediciones.&hellip;<\/p>\n<p class=\"more-link-p\"><a class=\"more-link\" href=\"https:\/\/bobvarela.com\/?p=48038\">Read more &rarr;<\/a><\/p>\n","protected":false},"author":1,"featured_media":0,"comment_status":"open","ping_status":"open","sticky":false,"template":"","format":"standard","meta":{"ngg_post_thumbnail":0,"footnotes":""},"categories":[4,295],"tags":[],"class_list":["post-48038","post","type-post","status-publish","format-standard","hentry","category-moda","category-puerto-rico"],"_links":{"self":[{"href":"https:\/\/bobvarela.com\/index.php?rest_route=\/wp\/v2\/posts\/48038","targetHints":{"allow":["GET"]}}],"collection":[{"href":"https:\/\/bobvarela.com\/index.php?rest_route=\/wp\/v2\/posts"}],"about":[{"href":"https:\/\/bobvarela.com\/index.php?rest_route=\/wp\/v2\/types\/post"}],"author":[{"embeddable":true,"href":"https:\/\/bobvarela.com\/index.php?rest_route=\/wp\/v2\/users\/1"}],"replies":[{"embeddable":true,"href":"https:\/\/bobvarela.com\/index.php?rest_route=%2Fwp%2Fv2%2Fcomments&post=48038"}],"version-history":[{"count":2,"href":"https:\/\/bobvarela.com\/index.php?rest_route=\/wp\/v2\/posts\/48038\/revisions"}],"predecessor-version":[{"id":48040,"href":"https:\/\/bobvarela.com\/index.php?rest_route=\/wp\/v2\/posts\/48038\/revisions\/48040"}],"wp:attachment":[{"href":"https:\/\/bobvarela.com\/index.php?rest_route=%2Fwp%2Fv2%2Fmedia&parent=48038"}],"wp:term":[{"taxonomy":"category","embeddable":true,"href":"https:\/\/bobvarela.com\/index.php?rest_route=%2Fwp%2Fv2%2Fcategories&post=48038"},{"taxonomy":"post_tag","embeddable":true,"href":"https:\/\/bobvarela.com\/index.php?rest_route=%2Fwp%2Fv2%2Ftags&post=48038"}],"curies":[{"name":"wp","href":"https:\/\/api.w.org\/{rel}","templated":true}]}}