{"id":48203,"date":"2013-12-04T06:40:29","date_gmt":"2013-12-04T10:40:29","guid":{"rendered":"https:\/\/bobvarela.com\/?p=48203"},"modified":"2013-12-04T06:40:31","modified_gmt":"2013-12-04T10:40:31","slug":"en-ruta-a-japn-miss-puerto-rico-international-2013","status":"publish","type":"post","link":"https:\/\/bobvarela.com\/?p=48203","title":{"rendered":"En ruta a Jap&oacute;n Miss Puerto Rico International 2013"},"content":{"rendered":"<p align=\"justify\"><font size=\"3\"><a href=\"https:\/\/bobvarela.com\/wp-content\/uploads\/2013\/12\/DSCF5185.jpg\"><img loading=\"lazy\" decoding=\"async\" title=\"DSCF5185\" style=\"border-top: 0px; border-right: 0px; background-image: none; border-bottom: 0px; float: left; padding-top: 0px; padding-left: 0px; border-left: 0px; display: inline; padding-right: 0px\" border=\"0\" alt=\"DSCF5185\" align=\"left\" src=\"https:\/\/bobvarela.com\/wp-content\/uploads\/2013\/12\/DSCF5185_thumb.jpg\" width=\"142\" height=\"214\" \/><\/a>San Juan, 3 de diciembre de 2013 \u2013 Miss Puerto Rico International, Ashley Beth P\u00e9rez se encuentra en ruta a Jap\u00f3n, tras haber partido en la ma\u00f1ana del martes, para competir representando a la Isla en la edici\u00f3n #53 de Miss International.<\/font><\/p>\n<p align=\"justify\"><font size=\"3\">La beldad boricua parti\u00f3 a la prestigiosa competencia, luego de haberse estado preparando por varios meses, en busca de la segunda corona para Puerto Rico. Desde el a\u00f1o 1987 nuestro pa\u00eds no ha logrado obtener el t\u00edtulo que en esa ocasi\u00f3n gan\u00f3 Laurie Simpson.<\/font><\/p>\n<p align=\"justify\"><font size=\"3\">Ashley Beth permanecer\u00e1 en la ciudad de Tokio por espacio de dos semanas, hasta que sea celebrada la noche final del certamen, que ser\u00e1 el 17 de diciembre. En el transcurso de la competencia visitar\u00e1 varias ciudades importantes, entre ellas el \u00e1rea afectada por el terremoto y tsunami el pasado a\u00f1o; compartir\u00e1 con dignatarios japoneses; visitar\u00e1 lugares tur\u00edsticos y culturales; y competir\u00e1 en varios eventos con antelaci\u00f3n a la noche final.<\/font><\/p>\n<p align=\"justify\"><font size=\"3\">Para esta competencia, la joven modelo y tambi\u00e9n presentadora de Wapa TV en las noches, va con la bendici\u00f3n y patrocinio de un gran grupo de expertos. Entre estos se encuentra el dise\u00f1ador Carlos Alberto, quien confeccion\u00f3 el vestido de gala; el Misse\u00f3logo Luis Daniel Rosario, promotor y encargado de su preparaci\u00f3n intelectual y proyecci\u00f3n de reina; y el Director Nacional de Miss Puerto Rico International Fernando Oquendo<\/font><\/p>\n<p align=\"center\"><a href=\"https:\/\/bobvarela.com\/wp-content\/uploads\/2013\/12\/DSCF5226.jpg\"><img loading=\"lazy\" decoding=\"async\" title=\"DSCF5226\" style=\"border-top: 0px; border-right: 0px; background-image: none; border-bottom: 0px; padding-top: 0px; padding-left: 0px; border-left: 0px; display: inline; padding-right: 0px\" border=\"0\" alt=\"DSCF5226\" src=\"https:\/\/bobvarela.com\/wp-content\/uploads\/2013\/12\/DSCF5226_thumb.jpg\" width=\"328\" height=\"203\" \/><\/a><\/p>\n<p align=\"justify\"><font size=\"3\">Para Ashley Beth, quien fuera cuarta finalista en Miss Universe Puerto Rico 2011, ser la representante de Puerto Rico en Miss International implica una gran responsabilidad, pues conlleva \u201c<i>ser imagen de la Isla en el exterior, de los valores de nuestra gente, del calibre de nuestra juventud y de la imponencia y fortaleza de la mujer boricua<\/i>\u201d. \u201c<i>Voy con fe por la segunda corona para mi pa\u00eds, no solo para demostrar la belleza de nuestra raza, si no para traer una alegr\u00eda a nuestro pueblo que tanto la necesita<\/i>\u201d, dijo la beldad carolinense antes de comenzar su viaje al pa\u00eds oriental. <\/font><\/p>\n<p align=\"justify\"><font size=\"3\">Miss International 2013 podr\u00e1 ser observado en vivo en Puerto Rico, via internet a trav\u00e9s de <\/font><a href=\"https:\/\/www.missinternational.com\"><font size=\"3\">www.missinternational.com<\/font><\/a><font size=\"3\">, en la ma\u00f1ana del martes 17 de diciembre.<\/font><\/p>\n","protected":false},"excerpt":{"rendered":"<p>San Juan, 3 de diciembre de 2013 \u2013 Miss Puerto Rico International, Ashley Beth P\u00e9rez se encuentra en ruta a Jap\u00f3n, tras haber partido en la ma\u00f1ana del martes, para competir representando a la Isla en la edici\u00f3n #53 de&hellip;<\/p>\n<p class=\"more-link-p\"><a class=\"more-link\" href=\"https:\/\/bobvarela.com\/?p=48203\">Read more &rarr;<\/a><\/p>\n","protected":false},"author":1,"featured_media":0,"comment_status":"open","ping_status":"open","sticky":false,"template":"","format":"standard","meta":{"ngg_post_thumbnail":0,"footnotes":""},"categories":[5],"tags":[],"class_list":["post-48203","post","type-post","status-publish","format-standard","hentry","category-concursos"],"_links":{"self":[{"href":"https:\/\/bobvarela.com\/index.php?rest_route=\/wp\/v2\/posts\/48203","targetHints":{"allow":["GET"]}}],"collection":[{"href":"https:\/\/bobvarela.com\/index.php?rest_route=\/wp\/v2\/posts"}],"about":[{"href":"https:\/\/bobvarela.com\/index.php?rest_route=\/wp\/v2\/types\/post"}],"author":[{"embeddable":true,"href":"https:\/\/bobvarela.com\/index.php?rest_route=\/wp\/v2\/users\/1"}],"replies":[{"embeddable":true,"href":"https:\/\/bobvarela.com\/index.php?rest_route=%2Fwp%2Fv2%2Fcomments&post=48203"}],"version-history":[{"count":1,"href":"https:\/\/bobvarela.com\/index.php?rest_route=\/wp\/v2\/posts\/48203\/revisions"}],"predecessor-version":[{"id":48204,"href":"https:\/\/bobvarela.com\/index.php?rest_route=\/wp\/v2\/posts\/48203\/revisions\/48204"}],"wp:attachment":[{"href":"https:\/\/bobvarela.com\/index.php?rest_route=%2Fwp%2Fv2%2Fmedia&parent=48203"}],"wp:term":[{"taxonomy":"category","embeddable":true,"href":"https:\/\/bobvarela.com\/index.php?rest_route=%2Fwp%2Fv2%2Fcategories&post=48203"},{"taxonomy":"post_tag","embeddable":true,"href":"https:\/\/bobvarela.com\/index.php?rest_route=%2Fwp%2Fv2%2Ftags&post=48203"}],"curies":[{"name":"wp","href":"https:\/\/api.w.org\/{rel}","templated":true}]}}