{"id":48337,"date":"2013-12-16T20:03:06","date_gmt":"2013-12-17T00:03:06","guid":{"rendered":"https:\/\/bobvarela.com\/?p=48337"},"modified":"2013-12-16T20:03:08","modified_gmt":"2013-12-17T00:03:08","slug":"ashley-beth-se-presentar-con-un-vistoso-diseo-de-carlos-alberto-en-la-gala-final-de-miss-international-esta-madrugada-en-japn","status":"publish","type":"post","link":"https:\/\/bobvarela.com\/?p=48337","title":{"rendered":"Ashley Beth se presentar&aacute; con un vistoso dise&ntilde;o de Carlos Alberto en la Gala Final de Miss International esta madrugada en Jap&oacute;n"},"content":{"rendered":"<p align=\"justify\"><font size=\"3\"><a href=\"https:\/\/bobvarela.com\/wp-content\/uploads\/2013\/12\/photo.png\"><img loading=\"lazy\" decoding=\"async\" title=\"photo\" style=\"border-top: 0px; border-right: 0px; background-image: none; border-bottom: 0px; float: left; padding-top: 0px; padding-left: 0px; border-left: 0px; display: inline; padding-right: 0px\" border=\"0\" alt=\"photo\" align=\"left\" src=\"https:\/\/bobvarela.com\/wp-content\/uploads\/2013\/12\/photo_thumb.png\" width=\"131\" height=\"202\" \/><\/a>Ashley Beth P\u00e9rez, Miss Puerto Rico International, lucir\u00e1 una vistosa creaci\u00f3n&#160; del dise\u00f1ador Carlos Alberto, durante su presentaci\u00f3n en traje de gala en la ceremonia final de Miss International 2013.<\/font><\/p>\n<p align=\"justify\"><font size=\"3\">La joven modelo y presentadora de televisi\u00f3n llevar\u00e1 un vestido entallado, de color coral y bordado en cientos de cristales y metales, que permitir\u00e1 resaltar sus atributos f\u00edsicos, color de piel y proyecci\u00f3n esc\u00e9nica.&#160; La pieza exclusiva y confeccionada personalmente por el dise\u00f1ador, estar\u00e1 complementada con accesorios de Forever Crystals.<\/font><\/p>\n<p align=\"justify\"><font size=\"3\"><a href=\"https:\/\/bobvarela.com\/wp-content\/uploads\/2013\/12\/photo.jpg\"><img loading=\"lazy\" decoding=\"async\" title=\"photo\" style=\"border-top: 0px; border-right: 0px; background-image: none; border-bottom: 0px; float: right; padding-top: 0px; padding-left: 0px; border-left: 0px; display: inline; padding-right: 0px\" border=\"0\" alt=\"photo\" align=\"right\" src=\"https:\/\/bobvarela.com\/wp-content\/uploads\/2013\/12\/photo_thumb.jpg\" width=\"134\" height=\"190\" \/><\/a>Ashley Beth lucir\u00e1 el dise\u00f1o durante la transmisi\u00f3n en vivo del prestigioso certamen, que podr\u00e1 ser visto en Puerto Rico ( debido al cambio de hora) a las 4:30 de la madrugada de manana martes 17 de diciembre. <\/font><\/p>\n<p align=\"justify\"><font size=\"3\">La edici\u00f3n #53 de Miss International Beauty Peageant se realiza en Tokyo, Jap\u00f3n y se ha extendido por espacio de dos semanas.&#160; De Miss Puerto Rico resultar ganadora, ser\u00eda la segunda ocasi\u00f3n en que el Pa\u00eds obtiene el prestigioso t\u00edtulo en la hiostoria del certamen.<\/font><\/p>\n<p align=\"justify\"><font size=\"3\">Para ver la competencia en vivo deben acceder <\/font><a href=\"https:\/\/www.ustream.tv\/channel\/mibp\"><font size=\"3\">https:\/\/www.ustream.tv\/channel\/mibp<\/font><\/a><\/p>\n","protected":false},"excerpt":{"rendered":"<p>Ashley Beth P\u00e9rez, Miss Puerto Rico International, lucir\u00e1 una vistosa creaci\u00f3n&#160; del dise\u00f1ador Carlos Alberto, durante su presentaci\u00f3n en traje de gala en la ceremonia final de Miss International 2013. La joven modelo y presentadora de televisi\u00f3n llevar\u00e1 un vestido&hellip;<\/p>\n<p class=\"more-link-p\"><a class=\"more-link\" href=\"https:\/\/bobvarela.com\/?p=48337\">Read more &rarr;<\/a><\/p>\n","protected":false},"author":1,"featured_media":0,"comment_status":"open","ping_status":"open","sticky":false,"template":"","format":"standard","meta":{"ngg_post_thumbnail":0,"footnotes":""},"categories":[5],"tags":[],"class_list":["post-48337","post","type-post","status-publish","format-standard","hentry","category-concursos"],"_links":{"self":[{"href":"https:\/\/bobvarela.com\/index.php?rest_route=\/wp\/v2\/posts\/48337","targetHints":{"allow":["GET"]}}],"collection":[{"href":"https:\/\/bobvarela.com\/index.php?rest_route=\/wp\/v2\/posts"}],"about":[{"href":"https:\/\/bobvarela.com\/index.php?rest_route=\/wp\/v2\/types\/post"}],"author":[{"embeddable":true,"href":"https:\/\/bobvarela.com\/index.php?rest_route=\/wp\/v2\/users\/1"}],"replies":[{"embeddable":true,"href":"https:\/\/bobvarela.com\/index.php?rest_route=%2Fwp%2Fv2%2Fcomments&post=48337"}],"version-history":[{"count":1,"href":"https:\/\/bobvarela.com\/index.php?rest_route=\/wp\/v2\/posts\/48337\/revisions"}],"predecessor-version":[{"id":48338,"href":"https:\/\/bobvarela.com\/index.php?rest_route=\/wp\/v2\/posts\/48337\/revisions\/48338"}],"wp:attachment":[{"href":"https:\/\/bobvarela.com\/index.php?rest_route=%2Fwp%2Fv2%2Fmedia&parent=48337"}],"wp:term":[{"taxonomy":"category","embeddable":true,"href":"https:\/\/bobvarela.com\/index.php?rest_route=%2Fwp%2Fv2%2Fcategories&post=48337"},{"taxonomy":"post_tag","embeddable":true,"href":"https:\/\/bobvarela.com\/index.php?rest_route=%2Fwp%2Fv2%2Ftags&post=48337"}],"curies":[{"name":"wp","href":"https:\/\/api.w.org\/{rel}","templated":true}]}}