{"id":48464,"date":"2013-12-21T03:06:40","date_gmt":"2013-12-21T07:06:40","guid":{"rendered":"https:\/\/bobvarela.com\/?p=48464"},"modified":"2013-12-21T03:06:40","modified_gmt":"2013-12-21T07:06:40","slug":"just-girls-fantasy-land","status":"publish","type":"post","link":"https:\/\/bobvarela.com\/?p=48464","title":{"rendered":"Just Girls &ldquo;Fantasy Land&rdquo;"},"content":{"rendered":"<p align=\"justify\"><font size=\"3\"><a href=\"https:\/\/bobvarela.com\/wp-content\/uploads\/2013\/12\/Gabriela-Berrios-junto-a-Paola-Victoria.jpg\"><img loading=\"lazy\" decoding=\"async\" title=\"Gabriela Berrios junto a Paola Victoria\" style=\"border-top: 0px; border-right: 0px; background-image: none; border-bottom: 0px; float: left; padding-top: 0px; padding-left: 0px; border-left: 0px; display: inline; padding-right: 0px\" border=\"0\" alt=\"Gabriela Berrios junto a Paola Victoria\" align=\"left\" src=\"https:\/\/bobvarela.com\/wp-content\/uploads\/2013\/12\/Gabriela-Berrios-junto-a-Paola-Victoria_thumb.jpg\" width=\"138\" height=\"224\" \/><\/a>El pasado S\u00e1bado, 14 de diciembre de 2013, en las facilidades del Restaurante Pampas ubicado en el Medical Emporium en Mayag\u00fcez, se celebro la tercera edici\u00f3n del evento de modas para ni\u00f1as m\u00e1s grande del \u00e1rea Oeste, <i>Just Girls<\/i>. Este a\u00f1o regreso con la propuesta denominada como \u201cFantasy Land\u201d. Este a\u00f1o logramos un mundo de fantas\u00eda, tuvimos la participaci\u00f3n de personajes tales como Alice in Wonderland, el conejito de pascuas, Tinkerbell y la presentaci\u00f3n de Ballet Escenario quienes deleitaron al p\u00fablico vestidos de princesas y pr\u00edncipes. Esperamos en el 2014 regresar con una nueva propuesta, expres\u00f3 Elizabeth Carlo Organizadora del Evento y Directora de la agencia be A MODEL. <\/font><\/p>\n<p align=\"center\"><font size=\"3\"><a href=\"https:\/\/bobvarela.com\/wp-content\/uploads\/2013\/12\/Disenadora-Rebeca-Tiago-junto-a-modelos-de-be-A-Model.jpg\"><img loading=\"lazy\" decoding=\"async\" title=\"Disenadora Rebeca Tiago junto a modelos de be A Model\" style=\"border-top: 0px; border-right: 0px; background-image: none; border-bottom: 0px; padding-top: 0px; padding-left: 0px; border-left: 0px; display: inline; padding-right: 0px\" border=\"0\" alt=\"Disenadora Rebeca Tiago junto a modelos de be A Model\" src=\"https:\/\/bobvarela.com\/wp-content\/uploads\/2013\/12\/Disenadora-Rebeca-Tiago-junto-a-modelos-de-be-A-Model_thumb.jpg\" width=\"278\" height=\"201\" \/><\/a><\/font><\/p>\n<p align=\"justify\"><font size=\"3\"><a href=\"https:\/\/bobvarela.com\/wp-content\/uploads\/2013\/12\/Tommie-Hernandez-y-Amanda.jpg\"><img loading=\"lazy\" decoding=\"async\" title=\"Tommie Hernandez y Amanda\" style=\"border-top: 0px; border-right: 0px; background-image: none; border-bottom: 0px; float: right; padding-top: 0px; padding-left: 0px; border-left: 0px; display: inline; padding-right: 0px\" border=\"0\" alt=\"Tommie Hernandez y Amanda\" align=\"right\" src=\"https:\/\/bobvarela.com\/wp-content\/uploads\/2013\/12\/Tommie-Hernandez-y-Amanda_thumb.jpg\" width=\"131\" height=\"197\" \/><\/a>El evento de igual forma conto con estaciones de belleza, \u00e1rea de juegos electr\u00f3nicos, \u201cLive DJ\u201d, \u201ccandy bar\u201d, inflables y \u201cboutique bazaar\u201d. Adem\u00e1s conto con desfiles de las reconocidas dise\u00f1adoras Wanda Beauchamp, Tommie Hern\u00e1ndez, Carolina Capell\u00e1n, Rebeca Tiago y Jackie Tejada quien se presentaron por primera vez en el \u00e1rea Oeste. Estamos bien contentas que Jackie y Rebeca hayan aceptado nuestra invitaci\u00f3n para participar por primera vez en este evento, todas presentaron colecciones exclusivas de ni\u00f1as solo para Just Girls, manifest\u00f3 Carlo. <\/font><\/p>\n<p align=\"justify\"><font size=\"3\">Las ni\u00f1as tambi\u00e9n disfrutaron de la presentaci\u00f3n art\u00edstica de Paola Victoria y de la visita de Miss Universe Puerto Rico 2014, Gabriela Berrios. Asimismo, la reportera Yulianna Vargas de Telemundo fungio como animadora del evento.<\/font><\/p>\n<p>Fotos por: Javier Gil<\/p>\n","protected":false},"excerpt":{"rendered":"<p>El pasado S\u00e1bado, 14 de diciembre de 2013, en las facilidades del Restaurante Pampas ubicado en el Medical Emporium en Mayag\u00fcez, se celebro la tercera edici\u00f3n del evento de modas para ni\u00f1as m\u00e1s grande del \u00e1rea Oeste, Just Girls. Este&hellip;<\/p>\n<p class=\"more-link-p\"><a class=\"more-link\" href=\"https:\/\/bobvarela.com\/?p=48464\">Read more &rarr;<\/a><\/p>\n","protected":false},"author":1,"featured_media":0,"comment_status":"open","ping_status":"open","sticky":false,"template":"","format":"standard","meta":{"ngg_post_thumbnail":0,"footnotes":""},"categories":[4,295],"tags":[],"class_list":["post-48464","post","type-post","status-publish","format-standard","hentry","category-moda","category-puerto-rico"],"_links":{"self":[{"href":"https:\/\/bobvarela.com\/index.php?rest_route=\/wp\/v2\/posts\/48464","targetHints":{"allow":["GET"]}}],"collection":[{"href":"https:\/\/bobvarela.com\/index.php?rest_route=\/wp\/v2\/posts"}],"about":[{"href":"https:\/\/bobvarela.com\/index.php?rest_route=\/wp\/v2\/types\/post"}],"author":[{"embeddable":true,"href":"https:\/\/bobvarela.com\/index.php?rest_route=\/wp\/v2\/users\/1"}],"replies":[{"embeddable":true,"href":"https:\/\/bobvarela.com\/index.php?rest_route=%2Fwp%2Fv2%2Fcomments&post=48464"}],"version-history":[{"count":1,"href":"https:\/\/bobvarela.com\/index.php?rest_route=\/wp\/v2\/posts\/48464\/revisions"}],"predecessor-version":[{"id":48465,"href":"https:\/\/bobvarela.com\/index.php?rest_route=\/wp\/v2\/posts\/48464\/revisions\/48465"}],"wp:attachment":[{"href":"https:\/\/bobvarela.com\/index.php?rest_route=%2Fwp%2Fv2%2Fmedia&parent=48464"}],"wp:term":[{"taxonomy":"category","embeddable":true,"href":"https:\/\/bobvarela.com\/index.php?rest_route=%2Fwp%2Fv2%2Fcategories&post=48464"},{"taxonomy":"post_tag","embeddable":true,"href":"https:\/\/bobvarela.com\/index.php?rest_route=%2Fwp%2Fv2%2Ftags&post=48464"}],"curies":[{"name":"wp","href":"https:\/\/api.w.org\/{rel}","templated":true}]}}