{"id":48518,"date":"2014-01-17T09:33:20","date_gmt":"2014-01-17T13:33:20","guid":{"rendered":"https:\/\/bobvarela.com\/?p=48518"},"modified":"2014-01-17T09:33:20","modified_gmt":"2014-01-17T13:33:20","slug":"raymond-arrieta-encabeza-desfile-de-apertura-fiesta-sanse-2014","status":"publish","type":"post","link":"https:\/\/bobvarela.com\/?p=48518","title":{"rendered":"Raymond Arrieta encabeza desfile de apertura  fiesta Sanse 2014"},"content":{"rendered":"<p align=\"justify\"><font size=\"3\">El primer d\u00eda de las Fiestas de la Calle San Sebasti\u00e1n comenz\u00f3 a las 5:00 p.m. con el desfile desde la Escuela Abraham Lincoln, en San Juan, y el tradicional corte de cinta. Adem\u00e1s de Arrieta, fueron reconocidas varias figuras de los medios de comunicaci\u00f3n y entidades que se ha destacado por sus aportaciones a la sociedad, educaci\u00f3n y la cultura. Entre los premiados figuraron los periodistas Guillermo Jos\u00e9 Torres y Millie Gil, el productor Pedro Mu\u00f1iz, el Taller de Fotoperiodismo, la Escuela Abraham Lincoln, la maestra Zaida P\u00e9rez y el padre Jos\u00e9 Emilio Cummings.<\/font><\/p>\n<p><font size=\"3\" face=\"Verdana\">ngg_shortcode_0_placeholder<\/font><\/p>\n","protected":false},"excerpt":{"rendered":"<p>El primer d\u00eda de las Fiestas de la Calle San Sebasti\u00e1n comenz\u00f3 a las 5:00 p.m. con el desfile desde la Escuela Abraham Lincoln, en San Juan, y el tradicional corte de cinta. Adem\u00e1s de Arrieta, fueron reconocidas varias figuras&hellip;<\/p>\n<p class=\"more-link-p\"><a class=\"more-link\" href=\"https:\/\/bobvarela.com\/?p=48518\">Read more &rarr;<\/a><\/p>\n","protected":false},"author":1,"featured_media":0,"comment_status":"open","ping_status":"open","sticky":false,"template":"","format":"standard","meta":{"ngg_post_thumbnail":0,"footnotes":""},"categories":[3],"tags":[],"class_list":["post-48518","post","type-post","status-publish","format-standard","hentry","category-actividades"],"_links":{"self":[{"href":"https:\/\/bobvarela.com\/index.php?rest_route=\/wp\/v2\/posts\/48518","targetHints":{"allow":["GET"]}}],"collection":[{"href":"https:\/\/bobvarela.com\/index.php?rest_route=\/wp\/v2\/posts"}],"about":[{"href":"https:\/\/bobvarela.com\/index.php?rest_route=\/wp\/v2\/types\/post"}],"author":[{"embeddable":true,"href":"https:\/\/bobvarela.com\/index.php?rest_route=\/wp\/v2\/users\/1"}],"replies":[{"embeddable":true,"href":"https:\/\/bobvarela.com\/index.php?rest_route=%2Fwp%2Fv2%2Fcomments&post=48518"}],"version-history":[{"count":1,"href":"https:\/\/bobvarela.com\/index.php?rest_route=\/wp\/v2\/posts\/48518\/revisions"}],"predecessor-version":[{"id":48519,"href":"https:\/\/bobvarela.com\/index.php?rest_route=\/wp\/v2\/posts\/48518\/revisions\/48519"}],"wp:attachment":[{"href":"https:\/\/bobvarela.com\/index.php?rest_route=%2Fwp%2Fv2%2Fmedia&parent=48518"}],"wp:term":[{"taxonomy":"category","embeddable":true,"href":"https:\/\/bobvarela.com\/index.php?rest_route=%2Fwp%2Fv2%2Fcategories&post=48518"},{"taxonomy":"post_tag","embeddable":true,"href":"https:\/\/bobvarela.com\/index.php?rest_route=%2Fwp%2Fv2%2Ftags&post=48518"}],"curies":[{"name":"wp","href":"https:\/\/api.w.org\/{rel}","templated":true}]}}