{"id":48627,"date":"2014-01-29T04:09:08","date_gmt":"2014-01-29T08:09:08","guid":{"rendered":"https:\/\/bobvarela.com\/?p=48627"},"modified":"2014-01-29T07:03:27","modified_gmt":"2014-01-29T11:03:27","slug":"desigual-temporada-otoo-invierno-2014-2015-en-la-080-barcelona-fashion","status":"publish","type":"post","link":"https:\/\/bobvarela.com\/?p=48627","title":{"rendered":"Desigual temporada oto&ntilde;o-invierno 2014-2015 en la 080 Barcelona Fashion"},"content":{"rendered":"<p><font size=\"3\"><a href=\"https:\/\/bobvarela.com\/wp-content\/uploads\/2014\/01\/Desigual_004.jpg\"><img loading=\"lazy\" decoding=\"async\" title=\"Ready to Wear Fall\/Winter 2014-2015\" style=\"border-top: 0px; border-right: 0px; background-image: none; border-bottom: 0px; padding-top: 0px; padding-left: 0px; border-left: 0px; display: inline; padding-right: 0px\" border=\"0\" alt=\"Ready to Wear Fall\/Winter 2014-2015\" src=\"https:\/\/bobvarela.com\/wp-content\/uploads\/2014\/01\/Desigual_004_thumb.jpg\" width=\"183\" height=\"124\" \/><\/a><a href=\"https:\/\/bobvarela.com\/wp-content\/uploads\/2014\/01\/Desigual_138.jpg\"><img loading=\"lazy\" decoding=\"async\" title=\"Ready to Wear Fall\/Winter 2014-2015\" style=\"border-top: 0px; border-right: 0px; background-image: none; border-bottom: 0px; padding-top: 0px; padding-left: 0px; border-left: 0px; display: inline; padding-right: 0px\" border=\"0\" alt=\"Ready to Wear Fall\/Winter 2014-2015\" src=\"https:\/\/bobvarela.com\/wp-content\/uploads\/2014\/01\/Desigual_138_thumb.jpg\" width=\"183\" height=\"124\" \/><\/a><a href=\"https:\/\/bobvarela.com\/wp-content\/uploads\/2014\/01\/Desigual_141.jpg\"><img loading=\"lazy\" decoding=\"async\" title=\"Ready to Wear Fall\/Winter 2014-2015\" style=\"border-top: 0px; border-right: 0px; background-image: none; border-bottom: 0px; padding-top: 0px; padding-left: 0px; border-left: 0px; display: inline; padding-right: 0px\" border=\"0\" alt=\"Ready to Wear Fall\/Winter 2014-2015\" src=\"https:\/\/bobvarela.com\/wp-content\/uploads\/2014\/01\/Desigual_141_thumb.jpg\" width=\"183\" height=\"124\" \/><\/a><\/font><\/p>\n<p><font size=\"3\">Desigual cierro&#160; la segunda jornada de desfiles de la pasarela 080 Barcelona Fashion con su colecci\u00f3n &quot;Why?&quot;, oto\u00f1o-invierno 2014-2015. De la mano de la top model Irina Shayk, Desigual presento&#160; hasta ahora la &quot;m\u00e1s valiente y reflexiva &quot; colecci\u00f3n creada por la firma.<\/font><\/p>\n<p>&#160;<\/p>\n<div class=\"flagallery photomania_skin\" id=\"FlaGallery_sc1_183\" ><style type=\"text\/css\" class=\"flagallery_skin_style_import\">#FlaGallery_sc1_183 .flagpm_preload {opacity:0;}#FlaGallery_sc1_183 .swiper-big-images img.flagpm_the_photo { max-height:100%; max-width:100%; display:inline; width:auto; height:auto !important; object-fit:unset; vertical-align:middle; border:none; }#FlaGallery_sc1_183 .flagpm_focus .swiper-big-images img.flagpm_the_photo { width:auto; height:auto; object-fit:unset; }#FlaGallery_sc1_183 .swiper-small-images img.flagpm_photo { max-width:none; max-height:none; }#FlaGallery_sc1_183 .swiper-small-images img.flagpm_photo.flagpm_photo_landscape { width:auto; height:100% !important; }#FlaGallery_sc1_183 .swiper-small-images img.flagpm_photo.flagpm_photo_portrait { width:100%; height:auto !important; }#FlaGallery_sc1_183 .flagpm_gallery_sources_list p { margin:7px 0; padding:0; font-size:inherit; }#FlaGallery_sc1_183 .flagpm_photo_details .flagpm_description_wrap a,#FlaGallery_sc1_183 .flagpm_big_button_wrap .flagpm_button.flagpm_like.flagpm_liked,#FlaGallery_sc1_183 .flagpm_big_button_wrap .flagpm_button.flagpm_like.flagpm_liked:hover {color:#0099e5;}#FlaGallery_sc1_183 .flagpm_photo_show .flagpm_big_button {background-color:#0099e5;}#FlaGallery_sc1_183 .swiper-small-images div.flagpm_photo.swiper-slide-active {border-color:#02adea;}#FlaGallery_sc1_183 .flagpm_photo_header .flagpm_name_wrap .flagpm_title_author a:hover,#FlaGallery_sc1_183 .flagpm_photo_details .flagpm_description_wrap a:hover {color:#02adea;}#FlaGallery_sc1_183 .flagpm_photo_show .flagpm_big_button:hover,#FlaGallery_sc1_183 .flagpm_focus_actions ul .flagpm_button.like.flagpm_liked {background-color:#02adea;}<\/style> <div class=\"flagpm_photo_show flagpm_w960 flagpm_w640 flagpm_w480 flagpm_preload\"> <div class=\"flagpm_photo_wrap has_prev_photo has_next_photo\"> <div class=\"swiper-container swiper-big-images\"> <div class=\"flagpm_photo_arrow_next flagpm_photo_arrow flagpm_next\"> <div title=\"Next\" class=\"flagpm_arrow\"><\/div> <\/div> <div class=\"flagpm_photo_arrow_previous flagpm_photo_arrow flagpm_prev\"> <div title=\"Previous\" class=\"flagpm_arrow\"><\/div> <\/div> <div class=\"swiper-wrapper\"><div class=\"swiper-slide\" data-hash=\"flagallery14603\" data-photo-id=\"14603\"><span class=\"flagpm_va\"><\/span><img decoding=\"async\" src=\"https:\/\/bobvarela.com\/wp-content\/flagallery\/desigual-080-barcelona-jan-14\/webview\/desigual_005.jpg\" data-src=\"https:\/\/bobvarela.com\/wp-content\/flagallery\/desigual-080-barcelona-jan-14\/webview\/desigual_005.jpg\" alt=\"Ready to Wear Fall\/Winter 2014-2015\" class=\"noLazy flagpm_the_photo swiper-lazy\"><div class=\"swiper-lazy-preloader swiper-lazy-preloader-black\"><\/div><\/div><div class=\"swiper-slide\" data-hash=\"flagallery14604\" data-photo-id=\"14604\"><span class=\"flagpm_va\"><\/span><img data-src=\"https:\/\/bobvarela.com\/wp-content\/flagallery\/desigual-080-barcelona-jan-14\/webview\/desigual_007.jpg\" alt=\"Ready to Wear Fall\/Winter 2014-2015\" class=\"noLazy flagpm_the_photo swiper-lazy\"><div class=\"swiper-lazy-preloader swiper-lazy-preloader-black\"><\/div><\/div><div class=\"swiper-slide\" data-hash=\"flagallery14605\" data-photo-id=\"14605\"><span class=\"flagpm_va\"><\/span><img data-src=\"https:\/\/bobvarela.com\/wp-content\/flagallery\/desigual-080-barcelona-jan-14\/webview\/desigual_008.jpg\" alt=\"Ready to Wear Fall\/Winter 2014-2015\" class=\"noLazy flagpm_the_photo swiper-lazy\"><div class=\"swiper-lazy-preloader swiper-lazy-preloader-black\"><\/div><\/div><div class=\"swiper-slide\" data-hash=\"flagallery14606\" data-photo-id=\"14606\"><span class=\"flagpm_va\"><\/span><img data-src=\"https:\/\/bobvarela.com\/wp-content\/flagallery\/desigual-080-barcelona-jan-14\/webview\/desigual_010.jpg\" alt=\"Ready to Wear Fall\/Winter 2014-2015\" class=\"noLazy flagpm_the_photo swiper-lazy\"><div class=\"swiper-lazy-preloader swiper-lazy-preloader-black\"><\/div><\/div><div class=\"swiper-slide\" data-hash=\"flagallery14607\" data-photo-id=\"14607\"><span class=\"flagpm_va\"><\/span><img data-src=\"https:\/\/bobvarela.com\/wp-content\/flagallery\/desigual-080-barcelona-jan-14\/webview\/desigual_011.jpg\" alt=\"Ready to Wear Fall\/Winter 2014-2015\" class=\"noLazy flagpm_the_photo swiper-lazy\"><div class=\"swiper-lazy-preloader swiper-lazy-preloader-black\"><\/div><\/div><div class=\"swiper-slide\" data-hash=\"flagallery14608\" data-photo-id=\"14608\"><span class=\"flagpm_va\"><\/span><img data-src=\"https:\/\/bobvarela.com\/wp-content\/flagallery\/desigual-080-barcelona-jan-14\/webview\/desigual_012.jpg\" alt=\"Ready to Wear Fall\/Winter 2014-2015\" class=\"noLazy flagpm_the_photo swiper-lazy\"><div class=\"swiper-lazy-preloader swiper-lazy-preloader-black\"><\/div><\/div><div class=\"swiper-slide\" data-hash=\"flagallery14609\" data-photo-id=\"14609\"><span class=\"flagpm_va\"><\/span><img data-src=\"https:\/\/bobvarela.com\/wp-content\/flagallery\/desigual-080-barcelona-jan-14\/webview\/desigual_015.jpg\" alt=\"Ready to Wear Fall\/Winter 2014-2015\" class=\"noLazy flagpm_the_photo swiper-lazy\"><div class=\"swiper-lazy-preloader swiper-lazy-preloader-black\"><\/div><\/div><div class=\"swiper-slide\" data-hash=\"flagallery14610\" data-photo-id=\"14610\"><span class=\"flagpm_va\"><\/span><img data-src=\"https:\/\/bobvarela.com\/wp-content\/flagallery\/desigual-080-barcelona-jan-14\/webview\/desigual_017.jpg\" alt=\"Ready to Wear Fall\/Winter 2014-2015\" class=\"noLazy flagpm_the_photo swiper-lazy\"><div class=\"swiper-lazy-preloader swiper-lazy-preloader-black\"><\/div><\/div><div class=\"swiper-slide\" data-hash=\"flagallery14611\" data-photo-id=\"14611\"><span class=\"flagpm_va\"><\/span><img data-src=\"https:\/\/bobvarela.com\/wp-content\/flagallery\/desigual-080-barcelona-jan-14\/webview\/desigual_019.jpg\" alt=\"Ready to Wear Fall\/Winter 2014-2015\" class=\"noLazy flagpm_the_photo swiper-lazy\"><div class=\"swiper-lazy-preloader swiper-lazy-preloader-black\"><\/div><\/div><div class=\"swiper-slide\" data-hash=\"flagallery14612\" data-photo-id=\"14612\"><span class=\"flagpm_va\"><\/span><img data-src=\"https:\/\/bobvarela.com\/wp-content\/flagallery\/desigual-080-barcelona-jan-14\/webview\/desigual_020.jpg\" alt=\"Ready to Wear Fall\/Winter 2014-2015\" class=\"noLazy flagpm_the_photo swiper-lazy\"><div class=\"swiper-lazy-preloader swiper-lazy-preloader-black\"><\/div><\/div><div class=\"swiper-slide\" data-hash=\"flagallery14613\" data-photo-id=\"14613\"><span class=\"flagpm_va\"><\/span><img data-src=\"https:\/\/bobvarela.com\/wp-content\/flagallery\/desigual-080-barcelona-jan-14\/webview\/desigual_023.jpg\" alt=\"Ready to Wear Fall\/Winter 2014-2015\" class=\"noLazy flagpm_the_photo swiper-lazy\"><div class=\"swiper-lazy-preloader swiper-lazy-preloader-black\"><\/div><\/div><div class=\"swiper-slide\" data-hash=\"flagallery14614\" data-photo-id=\"14614\"><span class=\"flagpm_va\"><\/span><img data-src=\"https:\/\/bobvarela.com\/wp-content\/flagallery\/desigual-080-barcelona-jan-14\/webview\/desigual_024.jpg\" alt=\"Ready to Wear Fall\/Winter 2014-2015\" class=\"noLazy flagpm_the_photo swiper-lazy\"><div class=\"swiper-lazy-preloader swiper-lazy-preloader-black\"><\/div><\/div><div class=\"swiper-slide\" data-hash=\"flagallery14615\" data-photo-id=\"14615\"><span class=\"flagpm_va\"><\/span><img data-src=\"https:\/\/bobvarela.com\/wp-content\/flagallery\/desigual-080-barcelona-jan-14\/webview\/desigual_026.jpg\" alt=\"Ready to Wear Fall\/Winter 2014-2015\" class=\"noLazy flagpm_the_photo swiper-lazy\"><div class=\"swiper-lazy-preloader swiper-lazy-preloader-black\"><\/div><\/div><div class=\"swiper-slide\" data-hash=\"flagallery14616\" data-photo-id=\"14616\"><span class=\"flagpm_va\"><\/span><img data-src=\"https:\/\/bobvarela.com\/wp-content\/flagallery\/desigual-080-barcelona-jan-14\/webview\/desigual_028.jpg\" alt=\"Ready to Wear Fall\/Winter 2014-2015\" class=\"noLazy flagpm_the_photo swiper-lazy\"><div class=\"swiper-lazy-preloader swiper-lazy-preloader-black\"><\/div><\/div><div class=\"swiper-slide\" data-hash=\"flagallery14617\" data-photo-id=\"14617\"><span class=\"flagpm_va\"><\/span><img data-src=\"https:\/\/bobvarela.com\/wp-content\/flagallery\/desigual-080-barcelona-jan-14\/webview\/desigual_030.jpg\" alt=\"Ready to Wear Fall\/Winter 2014-2015\" class=\"noLazy flagpm_the_photo swiper-lazy\"><div class=\"swiper-lazy-preloader swiper-lazy-preloader-black\"><\/div><\/div><div class=\"swiper-slide\" data-hash=\"flagallery14618\" data-photo-id=\"14618\"><span class=\"flagpm_va\"><\/span><img data-src=\"https:\/\/bobvarela.com\/wp-content\/flagallery\/desigual-080-barcelona-jan-14\/webview\/desigual_031.jpg\" alt=\"Ready to Wear Fall\/Winter 2014-2015\" class=\"noLazy flagpm_the_photo swiper-lazy\"><div class=\"swiper-lazy-preloader swiper-lazy-preloader-black\"><\/div><\/div><div class=\"swiper-slide\" data-hash=\"flagallery14619\" data-photo-id=\"14619\"><span class=\"flagpm_va\"><\/span><img data-src=\"https:\/\/bobvarela.com\/wp-content\/flagallery\/desigual-080-barcelona-jan-14\/webview\/desigual_032.jpg\" alt=\"Ready to Wear Fall\/Winter 2014-2015\" class=\"noLazy flagpm_the_photo swiper-lazy\"><div class=\"swiper-lazy-preloader swiper-lazy-preloader-black\"><\/div><\/div><div class=\"swiper-slide\" data-hash=\"flagallery14620\" data-photo-id=\"14620\"><span class=\"flagpm_va\"><\/span><img data-src=\"https:\/\/bobvarela.com\/wp-content\/flagallery\/desigual-080-barcelona-jan-14\/webview\/desigual_035.jpg\" alt=\"Ready to Wear Fall\/Winter 2014-2015\" class=\"noLazy flagpm_the_photo swiper-lazy\"><div class=\"swiper-lazy-preloader swiper-lazy-preloader-black\"><\/div><\/div><div class=\"swiper-slide\" data-hash=\"flagallery14621\" data-photo-id=\"14621\"><span class=\"flagpm_va\"><\/span><img data-src=\"https:\/\/bobvarela.com\/wp-content\/flagallery\/desigual-080-barcelona-jan-14\/webview\/desigual_036.jpg\" alt=\"Ready to Wear Fall\/Winter 2014-2015\" class=\"noLazy flagpm_the_photo swiper-lazy\"><div class=\"swiper-lazy-preloader swiper-lazy-preloader-black\"><\/div><\/div><div class=\"swiper-slide\" data-hash=\"flagallery14622\" data-photo-id=\"14622\"><span class=\"flagpm_va\"><\/span><img data-src=\"https:\/\/bobvarela.com\/wp-content\/flagallery\/desigual-080-barcelona-jan-14\/webview\/desigual_040.jpg\" alt=\"Ready to Wear Fall\/Winter 2014-2015\" class=\"noLazy flagpm_the_photo swiper-lazy\"><div class=\"swiper-lazy-preloader swiper-lazy-preloader-black\"><\/div><\/div><div class=\"swiper-slide\" data-hash=\"flagallery14623\" data-photo-id=\"14623\"><span class=\"flagpm_va\"><\/span><img data-src=\"https:\/\/bobvarela.com\/wp-content\/flagallery\/desigual-080-barcelona-jan-14\/webview\/desigual_042.jpg\" alt=\"Ready to Wear Fall\/Winter 2014-2015\" class=\"noLazy flagpm_the_photo swiper-lazy\"><div class=\"swiper-lazy-preloader swiper-lazy-preloader-black\"><\/div><\/div><div class=\"swiper-slide\" data-hash=\"flagallery14624\" data-photo-id=\"14624\"><span class=\"flagpm_va\"><\/span><img data-src=\"https:\/\/bobvarela.com\/wp-content\/flagallery\/desigual-080-barcelona-jan-14\/webview\/desigual_044.jpg\" alt=\"Ready to Wear Fall\/Winter 2014-2015\" class=\"noLazy flagpm_the_photo swiper-lazy\"><div class=\"swiper-lazy-preloader swiper-lazy-preloader-black\"><\/div><\/div><div class=\"swiper-slide\" data-hash=\"flagallery14625\" data-photo-id=\"14625\"><span class=\"flagpm_va\"><\/span><img data-src=\"https:\/\/bobvarela.com\/wp-content\/flagallery\/desigual-080-barcelona-jan-14\/webview\/desigual_046.jpg\" alt=\"Ready to Wear Fall\/Winter 2014-2015\" class=\"noLazy flagpm_the_photo swiper-lazy\"><div class=\"swiper-lazy-preloader swiper-lazy-preloader-black\"><\/div><\/div><div class=\"swiper-slide\" data-hash=\"flagallery14626\" data-photo-id=\"14626\"><span class=\"flagpm_va\"><\/span><img data-src=\"https:\/\/bobvarela.com\/wp-content\/flagallery\/desigual-080-barcelona-jan-14\/webview\/desigual_049.jpg\" alt=\"Ready to Wear Fall\/Winter 2014-2015\" class=\"noLazy flagpm_the_photo swiper-lazy\"><div class=\"swiper-lazy-preloader swiper-lazy-preloader-black\"><\/div><\/div><div class=\"swiper-slide\" data-hash=\"flagallery14627\" data-photo-id=\"14627\"><span class=\"flagpm_va\"><\/span><img data-src=\"https:\/\/bobvarela.com\/wp-content\/flagallery\/desigual-080-barcelona-jan-14\/webview\/desigual_050.jpg\" alt=\"Ready to Wear Fall\/Winter 2014-2015\" class=\"noLazy flagpm_the_photo swiper-lazy\"><div class=\"swiper-lazy-preloader swiper-lazy-preloader-black\"><\/div><\/div><div class=\"swiper-slide\" data-hash=\"flagallery14628\" data-photo-id=\"14628\"><span class=\"flagpm_va\"><\/span><img data-src=\"https:\/\/bobvarela.com\/wp-content\/flagallery\/desigual-080-barcelona-jan-14\/webview\/desigual_052.jpg\" alt=\"Ready to Wear Fall\/Winter 2014-2015\" class=\"noLazy flagpm_the_photo swiper-lazy\"><div class=\"swiper-lazy-preloader swiper-lazy-preloader-black\"><\/div><\/div><div class=\"swiper-slide\" data-hash=\"flagallery14629\" data-photo-id=\"14629\"><span class=\"flagpm_va\"><\/span><img data-src=\"https:\/\/bobvarela.com\/wp-content\/flagallery\/desigual-080-barcelona-jan-14\/webview\/desigual_053.jpg\" alt=\"Ready to Wear Fall\/Winter 2014-2015\" class=\"noLazy flagpm_the_photo swiper-lazy\"><div class=\"swiper-lazy-preloader swiper-lazy-preloader-black\"><\/div><\/div><div class=\"swiper-slide\" data-hash=\"flagallery14630\" data-photo-id=\"14630\"><span class=\"flagpm_va\"><\/span><img data-src=\"https:\/\/bobvarela.com\/wp-content\/flagallery\/desigual-080-barcelona-jan-14\/webview\/desigual_056.jpg\" alt=\"Ready to Wear Fall\/Winter 2014-2015\" class=\"noLazy flagpm_the_photo swiper-lazy\"><div class=\"swiper-lazy-preloader swiper-lazy-preloader-black\"><\/div><\/div><div class=\"swiper-slide\" data-hash=\"flagallery14631\" data-photo-id=\"14631\"><span class=\"flagpm_va\"><\/span><img data-src=\"https:\/\/bobvarela.com\/wp-content\/flagallery\/desigual-080-barcelona-jan-14\/webview\/desigual_058.jpg\" alt=\"Ready to Wear Fall\/Winter 2014-2015\" class=\"noLazy flagpm_the_photo swiper-lazy\"><div class=\"swiper-lazy-preloader swiper-lazy-preloader-black\"><\/div><\/div><div class=\"swiper-slide\" data-hash=\"flagallery14632\" data-photo-id=\"14632\"><span class=\"flagpm_va\"><\/span><img data-src=\"https:\/\/bobvarela.com\/wp-content\/flagallery\/desigual-080-barcelona-jan-14\/webview\/desigual_060.jpg\" alt=\"Ready to Wear Fall\/Winter 2014-2015\" class=\"noLazy flagpm_the_photo swiper-lazy\"><div class=\"swiper-lazy-preloader swiper-lazy-preloader-black\"><\/div><\/div><div class=\"swiper-slide\" data-hash=\"flagallery14633\" data-photo-id=\"14633\"><span class=\"flagpm_va\"><\/span><img data-src=\"https:\/\/bobvarela.com\/wp-content\/flagallery\/desigual-080-barcelona-jan-14\/webview\/desigual_061.jpg\" alt=\"Ready to Wear Fall\/Winter 2014-2015\" class=\"noLazy flagpm_the_photo swiper-lazy\"><div class=\"swiper-lazy-preloader swiper-lazy-preloader-black\"><\/div><\/div><div class=\"swiper-slide\" data-hash=\"flagallery14634\" data-photo-id=\"14634\"><span class=\"flagpm_va\"><\/span><img data-src=\"https:\/\/bobvarela.com\/wp-content\/flagallery\/desigual-080-barcelona-jan-14\/webview\/desigual_064.jpg\" alt=\"Ready to Wear Fall\/Winter 2014-2015\" class=\"noLazy flagpm_the_photo swiper-lazy\"><div class=\"swiper-lazy-preloader swiper-lazy-preloader-black\"><\/div><\/div><div class=\"swiper-slide\" data-hash=\"flagallery14635\" data-photo-id=\"14635\"><span class=\"flagpm_va\"><\/span><img data-src=\"https:\/\/bobvarela.com\/wp-content\/flagallery\/desigual-080-barcelona-jan-14\/webview\/desigual_066.jpg\" alt=\"Ready to Wear Fall\/Winter 2014-2015\" class=\"noLazy flagpm_the_photo swiper-lazy\"><div class=\"swiper-lazy-preloader swiper-lazy-preloader-black\"><\/div><\/div><div class=\"swiper-slide\" data-hash=\"flagallery14636\" data-photo-id=\"14636\"><span class=\"flagpm_va\"><\/span><img data-src=\"https:\/\/bobvarela.com\/wp-content\/flagallery\/desigual-080-barcelona-jan-14\/webview\/desigual_069.jpg\" alt=\"Ready to Wear Fall\/Winter 2014-2015\" class=\"noLazy flagpm_the_photo swiper-lazy\"><div class=\"swiper-lazy-preloader swiper-lazy-preloader-black\"><\/div><\/div><div class=\"swiper-slide\" data-hash=\"flagallery14637\" data-photo-id=\"14637\"><span class=\"flagpm_va\"><\/span><img data-src=\"https:\/\/bobvarela.com\/wp-content\/flagallery\/desigual-080-barcelona-jan-14\/webview\/desigual_071.jpg\" alt=\"Ready to Wear Fall\/Winter 2014-2015\" class=\"noLazy flagpm_the_photo swiper-lazy\"><div class=\"swiper-lazy-preloader swiper-lazy-preloader-black\"><\/div><\/div><div class=\"swiper-slide\" data-hash=\"flagallery14638\" data-photo-id=\"14638\"><span class=\"flagpm_va\"><\/span><img data-src=\"https:\/\/bobvarela.com\/wp-content\/flagallery\/desigual-080-barcelona-jan-14\/webview\/desigual_072.jpg\" alt=\"Ready to Wear Fall\/Winter 2014-2015\" class=\"noLazy flagpm_the_photo swiper-lazy\"><div class=\"swiper-lazy-preloader swiper-lazy-preloader-black\"><\/div><\/div><div class=\"swiper-slide\" data-hash=\"flagallery14639\" data-photo-id=\"14639\"><span class=\"flagpm_va\"><\/span><img data-src=\"https:\/\/bobvarela.com\/wp-content\/flagallery\/desigual-080-barcelona-jan-14\/webview\/desigual_074.jpg\" alt=\"Ready to Wear Fall\/Winter 2014-2015\" class=\"noLazy flagpm_the_photo swiper-lazy\"><div class=\"swiper-lazy-preloader swiper-lazy-preloader-black\"><\/div><\/div><div class=\"swiper-slide\" data-hash=\"flagallery14640\" data-photo-id=\"14640\"><span class=\"flagpm_va\"><\/span><img data-src=\"https:\/\/bobvarela.com\/wp-content\/flagallery\/desigual-080-barcelona-jan-14\/webview\/desigual_076.jpg\" alt=\"Ready to Wear Fall\/Winter 2014-2015\" class=\"noLazy flagpm_the_photo swiper-lazy\"><div class=\"swiper-lazy-preloader swiper-lazy-preloader-black\"><\/div><\/div><div class=\"swiper-slide\" data-hash=\"flagallery14641\" data-photo-id=\"14641\"><span class=\"flagpm_va\"><\/span><img data-src=\"https:\/\/bobvarela.com\/wp-content\/flagallery\/desigual-080-barcelona-jan-14\/webview\/desigual_078.jpg\" alt=\"Ready to Wear Fall\/Winter 2014-2015\" class=\"noLazy flagpm_the_photo swiper-lazy\"><div class=\"swiper-lazy-preloader swiper-lazy-preloader-black\"><\/div><\/div><div class=\"swiper-slide\" data-hash=\"flagallery14642\" data-photo-id=\"14642\"><span class=\"flagpm_va\"><\/span><img data-src=\"https:\/\/bobvarela.com\/wp-content\/flagallery\/desigual-080-barcelona-jan-14\/webview\/desigual_080.jpg\" alt=\"Ready to Wear Fall\/Winter 2014-2015\" class=\"noLazy flagpm_the_photo swiper-lazy\"><div class=\"swiper-lazy-preloader swiper-lazy-preloader-black\"><\/div><\/div><div class=\"swiper-slide\" data-hash=\"flagallery14643\" data-photo-id=\"14643\"><span class=\"flagpm_va\"><\/span><img data-src=\"https:\/\/bobvarela.com\/wp-content\/flagallery\/desigual-080-barcelona-jan-14\/webview\/desigual_082.jpg\" alt=\"Ready to Wear Fall\/Winter 2014-2015\" class=\"noLazy flagpm_the_photo swiper-lazy\"><div class=\"swiper-lazy-preloader swiper-lazy-preloader-black\"><\/div><\/div><div class=\"swiper-slide\" data-hash=\"flagallery14644\" data-photo-id=\"14644\"><span class=\"flagpm_va\"><\/span><img data-src=\"https:\/\/bobvarela.com\/wp-content\/flagallery\/desigual-080-barcelona-jan-14\/webview\/desigual_083.jpg\" alt=\"Ready to Wear Fall\/Winter 2014-2015\" class=\"noLazy flagpm_the_photo swiper-lazy\"><div class=\"swiper-lazy-preloader swiper-lazy-preloader-black\"><\/div><\/div><div class=\"swiper-slide\" data-hash=\"flagallery14645\" data-photo-id=\"14645\"><span class=\"flagpm_va\"><\/span><img data-src=\"https:\/\/bobvarela.com\/wp-content\/flagallery\/desigual-080-barcelona-jan-14\/webview\/desigual_085.jpg\" alt=\"Ready to Wear Fall\/Winter 2014-2015\" class=\"noLazy flagpm_the_photo swiper-lazy\"><div class=\"swiper-lazy-preloader swiper-lazy-preloader-black\"><\/div><\/div><div class=\"swiper-slide\" data-hash=\"flagallery14646\" data-photo-id=\"14646\"><span class=\"flagpm_va\"><\/span><img data-src=\"https:\/\/bobvarela.com\/wp-content\/flagallery\/desigual-080-barcelona-jan-14\/webview\/desigual_087.jpg\" alt=\"Ready to Wear Fall\/Winter 2014-2015\" class=\"noLazy flagpm_the_photo swiper-lazy\"><div class=\"swiper-lazy-preloader swiper-lazy-preloader-black\"><\/div><\/div><div class=\"swiper-slide\" data-hash=\"flagallery14647\" data-photo-id=\"14647\"><span class=\"flagpm_va\"><\/span><img data-src=\"https:\/\/bobvarela.com\/wp-content\/flagallery\/desigual-080-barcelona-jan-14\/webview\/desigual_089.jpg\" alt=\"Ready to Wear Fall\/Winter 2014-2015\" class=\"noLazy flagpm_the_photo swiper-lazy\"><div class=\"swiper-lazy-preloader swiper-lazy-preloader-black\"><\/div><\/div><div class=\"swiper-slide\" data-hash=\"flagallery14648\" data-photo-id=\"14648\"><span class=\"flagpm_va\"><\/span><img data-src=\"https:\/\/bobvarela.com\/wp-content\/flagallery\/desigual-080-barcelona-jan-14\/webview\/desigual_091.jpg\" alt=\"Ready to Wear Fall\/Winter 2014-2015\" class=\"noLazy flagpm_the_photo swiper-lazy\"><div class=\"swiper-lazy-preloader swiper-lazy-preloader-black\"><\/div><\/div><div class=\"swiper-slide\" data-hash=\"flagallery14649\" data-photo-id=\"14649\"><span class=\"flagpm_va\"><\/span><img data-src=\"https:\/\/bobvarela.com\/wp-content\/flagallery\/desigual-080-barcelona-jan-14\/webview\/desigual_093.jpg\" alt=\"Ready to Wear Fall\/Winter 2014-2015\" class=\"noLazy flagpm_the_photo swiper-lazy\"><div class=\"swiper-lazy-preloader swiper-lazy-preloader-black\"><\/div><\/div><div class=\"swiper-slide\" data-hash=\"flagallery14650\" data-photo-id=\"14650\"><span class=\"flagpm_va\"><\/span><img data-src=\"https:\/\/bobvarela.com\/wp-content\/flagallery\/desigual-080-barcelona-jan-14\/webview\/desigual_095.jpg\" alt=\"Ready to Wear Fall\/Winter 2014-2015\" class=\"noLazy flagpm_the_photo swiper-lazy\"><div class=\"swiper-lazy-preloader swiper-lazy-preloader-black\"><\/div><\/div><div class=\"swiper-slide\" data-hash=\"flagallery14651\" data-photo-id=\"14651\"><span class=\"flagpm_va\"><\/span><img data-src=\"https:\/\/bobvarela.com\/wp-content\/flagallery\/desigual-080-barcelona-jan-14\/webview\/desigual_097.jpg\" alt=\"Ready to Wear Fall\/Winter 2014-2015\" class=\"noLazy flagpm_the_photo swiper-lazy\"><div class=\"swiper-lazy-preloader swiper-lazy-preloader-black\"><\/div><\/div><div class=\"swiper-slide\" data-hash=\"flagallery14652\" data-photo-id=\"14652\"><span class=\"flagpm_va\"><\/span><img data-src=\"https:\/\/bobvarela.com\/wp-content\/flagallery\/desigual-080-barcelona-jan-14\/webview\/desigual_100.jpg\" alt=\"Ready to Wear Fall\/Winter 2014-2015\" class=\"noLazy flagpm_the_photo swiper-lazy\"><div class=\"swiper-lazy-preloader swiper-lazy-preloader-black\"><\/div><\/div><div class=\"swiper-slide\" data-hash=\"flagallery14653\" data-photo-id=\"14653\"><span class=\"flagpm_va\"><\/span><img data-src=\"https:\/\/bobvarela.com\/wp-content\/flagallery\/desigual-080-barcelona-jan-14\/webview\/desigual_102.jpg\" alt=\"Ready to Wear Fall\/Winter 2014-2015\" class=\"noLazy flagpm_the_photo swiper-lazy\"><div class=\"swiper-lazy-preloader swiper-lazy-preloader-black\"><\/div><\/div><div class=\"swiper-slide\" data-hash=\"flagallery14654\" data-photo-id=\"14654\"><span class=\"flagpm_va\"><\/span><img data-src=\"https:\/\/bobvarela.com\/wp-content\/flagallery\/desigual-080-barcelona-jan-14\/webview\/desigual_104.jpg\" alt=\"Ready to Wear Fall\/Winter 2014-2015\" class=\"noLazy flagpm_the_photo swiper-lazy\"><div class=\"swiper-lazy-preloader swiper-lazy-preloader-black\"><\/div><\/div><div class=\"swiper-slide\" data-hash=\"flagallery14655\" data-photo-id=\"14655\"><span class=\"flagpm_va\"><\/span><img data-src=\"https:\/\/bobvarela.com\/wp-content\/flagallery\/desigual-080-barcelona-jan-14\/webview\/desigual_106.jpg\" alt=\"Ready to Wear Fall\/Winter 2014-2015\" class=\"noLazy flagpm_the_photo swiper-lazy\"><div class=\"swiper-lazy-preloader swiper-lazy-preloader-black\"><\/div><\/div><div class=\"swiper-slide\" data-hash=\"flagallery14656\" data-photo-id=\"14656\"><span class=\"flagpm_va\"><\/span><img data-src=\"https:\/\/bobvarela.com\/wp-content\/flagallery\/desigual-080-barcelona-jan-14\/webview\/desigual_107.jpg\" alt=\"Ready to Wear Fall\/Winter 2014-2015\" class=\"noLazy flagpm_the_photo swiper-lazy\"><div class=\"swiper-lazy-preloader swiper-lazy-preloader-black\"><\/div><\/div><div class=\"swiper-slide\" data-hash=\"flagallery14657\" data-photo-id=\"14657\"><span class=\"flagpm_va\"><\/span><img data-src=\"https:\/\/bobvarela.com\/wp-content\/flagallery\/desigual-080-barcelona-jan-14\/webview\/desigual_110.jpg\" alt=\"Ready to Wear Fall\/Winter 2014-2015\" class=\"noLazy flagpm_the_photo swiper-lazy\"><div class=\"swiper-lazy-preloader swiper-lazy-preloader-black\"><\/div><\/div><div class=\"swiper-slide\" data-hash=\"flagallery14658\" data-photo-id=\"14658\"><span class=\"flagpm_va\"><\/span><img data-src=\"https:\/\/bobvarela.com\/wp-content\/flagallery\/desigual-080-barcelona-jan-14\/webview\/desigual_112.jpg\" alt=\"Ready to Wear Fall\/Winter 2014-2015\" class=\"noLazy flagpm_the_photo swiper-lazy\"><div class=\"swiper-lazy-preloader swiper-lazy-preloader-black\"><\/div><\/div><div class=\"swiper-slide\" data-hash=\"flagallery14659\" data-photo-id=\"14659\"><span class=\"flagpm_va\"><\/span><img data-src=\"https:\/\/bobvarela.com\/wp-content\/flagallery\/desigual-080-barcelona-jan-14\/webview\/desigual_113.jpg\" alt=\"Ready to Wear Fall\/Winter 2014-2015\" class=\"noLazy flagpm_the_photo swiper-lazy\"><div class=\"swiper-lazy-preloader swiper-lazy-preloader-black\"><\/div><\/div><div class=\"swiper-slide\" data-hash=\"flagallery14660\" data-photo-id=\"14660\"><span class=\"flagpm_va\"><\/span><img data-src=\"https:\/\/bobvarela.com\/wp-content\/flagallery\/desigual-080-barcelona-jan-14\/webview\/desigual_116.jpg\" alt=\"Ready to Wear Fall\/Winter 2014-2015\" class=\"noLazy flagpm_the_photo swiper-lazy\"><div class=\"swiper-lazy-preloader swiper-lazy-preloader-black\"><\/div><\/div><div class=\"swiper-slide\" data-hash=\"flagallery14661\" data-photo-id=\"14661\"><span class=\"flagpm_va\"><\/span><img data-src=\"https:\/\/bobvarela.com\/wp-content\/flagallery\/desigual-080-barcelona-jan-14\/webview\/desigual_117.jpg\" alt=\"Ready to Wear Fall\/Winter 2014-2015\" class=\"noLazy flagpm_the_photo swiper-lazy\"><div class=\"swiper-lazy-preloader swiper-lazy-preloader-black\"><\/div><\/div><div class=\"swiper-slide\" data-hash=\"flagallery14662\" data-photo-id=\"14662\"><span class=\"flagpm_va\"><\/span><img data-src=\"https:\/\/bobvarela.com\/wp-content\/flagallery\/desigual-080-barcelona-jan-14\/webview\/desigual_119.jpg\" alt=\"Ready to Wear Fall\/Winter 2014-2015\" class=\"noLazy flagpm_the_photo swiper-lazy\"><div class=\"swiper-lazy-preloader swiper-lazy-preloader-black\"><\/div><\/div> <\/div> <\/div> <\/div> <div class=\"flagpm_photo_header\"> <div class=\"flagpm_wrapper flagpm_clearfix\"> <div class=\"flagpm_focus_actions\"> <ul class=\"flagpm_focus_share\"> <li style=\"list-style:none;\" class=\"flagpm_share_wrapper\"> <a class=\"flagpm_button flagpm_share\">Share<\/a> <ul class=\"flagpm_sharelizers flagpm_clearfix\"> <li style=\"list-style:none;\"><a class=\"flagpm_button flagpm_facebook flagpm_sharelizer\">Facebook<\/a><\/li> <li style=\"list-style:none;\"><a class=\"flagpm_button flagpm_twitter flagpm_sharelizer\">Twitter<\/a><\/li> <li style=\"list-style:none;\"><a class=\"flagpm_button flagpm_pinterest flagpm_sharelizer\">Pinterest<\/a><\/li> <li style=\"list-style:none;\"><a class=\"flagpm_button flagpm_stumbleupon flagpm_sharelizer\">StumbleUpon<\/a><\/li> <\/ul> <\/li> <\/ul> <ul class=\"flagpm_focus_like_fave flagpm_clearfix\"> <li style=\"list-style:none;\"><a class=\"flagpm_button flagpm_like\">Like<\/a><\/li> <\/ul> <ul class=\"flagpm_focus_arrows flagpm_clearfix\"> <li style=\"list-style:none;\"><a class=\"flagpm_button flagpm_photo_arrow_previous flagpm_prev\">Previous<\/a><\/li> <li style=\"list-style:none;\"><a class=\"flagpm_button flagpm_photo_arrow_next flagpm_next\">Next<\/a><\/li> <\/ul> <\/div> <div class=\"flagpm_name_wrap flagpm_clearfix flagpm_no_avatar\"> <div class=\"flagpm_title_author\"> <div class=\"flagpm_title\">Ready to Wear Fall\/Winter 2014-2015<\/div> <\/div> <\/div> <div class=\"flagpm_actions flagpm_clearfix\"> <div class=\"flagpm_carousel flagpm_has_previous flagpm_has_next\"> <div class=\"flagpm_previous_button\"><\/div> <div class=\"flagpm_photo_carousel\"> <div class=\"swiper-container swiper-small-images\"> <div class=\"swiper-wrapper\"><div class=\"swiper-slide flagpm_photo\" data-photo-id=\"14603\"><img decoding=\"async\" src=\"https:\/\/bobvarela.com\/wp-content\/flagallery\/desigual-080-barcelona-jan-14\/thumbs\/thumbs_desigual_005.jpg\" data-src=\"https:\/\/bobvarela.com\/wp-content\/flagallery\/desigual-080-barcelona-jan-14\/thumbs\/thumbs_desigual_005.jpg\" alt=\"Ready to Wear Fall\/Winter 2014-2015\" class=\"noLazy flagpm_photo swiper-lazy flagpm_photo_portrait\"><span class=\"swiper-lazy-preloader swiper-lazy-preloader-black\"><\/span><\/div><div class=\"swiper-slide flagpm_photo\" data-photo-id=\"14604\"><img data-src=\"https:\/\/bobvarela.com\/wp-content\/flagallery\/desigual-080-barcelona-jan-14\/thumbs\/thumbs_desigual_007.jpg\" alt=\"Ready to Wear Fall\/Winter 2014-2015\" class=\"noLazy flagpm_photo swiper-lazy flagpm_photo_portrait\"><span class=\"swiper-lazy-preloader swiper-lazy-preloader-black\"><\/span><\/div><div class=\"swiper-slide flagpm_photo\" data-photo-id=\"14605\"><img data-src=\"https:\/\/bobvarela.com\/wp-content\/flagallery\/desigual-080-barcelona-jan-14\/thumbs\/thumbs_desigual_008.jpg\" alt=\"Ready to Wear Fall\/Winter 2014-2015\" class=\"noLazy flagpm_photo swiper-lazy flagpm_photo_portrait\"><span class=\"swiper-lazy-preloader swiper-lazy-preloader-black\"><\/span><\/div><div class=\"swiper-slide flagpm_photo\" data-photo-id=\"14606\"><img data-src=\"https:\/\/bobvarela.com\/wp-content\/flagallery\/desigual-080-barcelona-jan-14\/thumbs\/thumbs_desigual_010.jpg\" alt=\"Ready to Wear Fall\/Winter 2014-2015\" class=\"noLazy flagpm_photo swiper-lazy flagpm_photo_portrait\"><span class=\"swiper-lazy-preloader swiper-lazy-preloader-black\"><\/span><\/div><div class=\"swiper-slide flagpm_photo\" data-photo-id=\"14607\"><img data-src=\"https:\/\/bobvarela.com\/wp-content\/flagallery\/desigual-080-barcelona-jan-14\/thumbs\/thumbs_desigual_011.jpg\" alt=\"Ready to Wear Fall\/Winter 2014-2015\" class=\"noLazy flagpm_photo swiper-lazy flagpm_photo_portrait\"><span class=\"swiper-lazy-preloader swiper-lazy-preloader-black\"><\/span><\/div><div class=\"swiper-slide flagpm_photo\" data-photo-id=\"14608\"><img data-src=\"https:\/\/bobvarela.com\/wp-content\/flagallery\/desigual-080-barcelona-jan-14\/thumbs\/thumbs_desigual_012.jpg\" alt=\"Ready to Wear Fall\/Winter 2014-2015\" class=\"noLazy flagpm_photo swiper-lazy flagpm_photo_portrait\"><span class=\"swiper-lazy-preloader swiper-lazy-preloader-black\"><\/span><\/div><div class=\"swiper-slide flagpm_photo\" data-photo-id=\"14609\"><img data-src=\"https:\/\/bobvarela.com\/wp-content\/flagallery\/desigual-080-barcelona-jan-14\/thumbs\/thumbs_desigual_015.jpg\" alt=\"Ready to Wear Fall\/Winter 2014-2015\" class=\"noLazy flagpm_photo swiper-lazy flagpm_photo_portrait\"><span class=\"swiper-lazy-preloader swiper-lazy-preloader-black\"><\/span><\/div><div class=\"swiper-slide flagpm_photo\" data-photo-id=\"14610\"><img data-src=\"https:\/\/bobvarela.com\/wp-content\/flagallery\/desigual-080-barcelona-jan-14\/thumbs\/thumbs_desigual_017.jpg\" alt=\"Ready to Wear Fall\/Winter 2014-2015\" class=\"noLazy flagpm_photo swiper-lazy flagpm_photo_portrait\"><span class=\"swiper-lazy-preloader swiper-lazy-preloader-black\"><\/span><\/div><div class=\"swiper-slide flagpm_photo\" data-photo-id=\"14611\"><img data-src=\"https:\/\/bobvarela.com\/wp-content\/flagallery\/desigual-080-barcelona-jan-14\/thumbs\/thumbs_desigual_019.jpg\" alt=\"Ready to Wear Fall\/Winter 2014-2015\" class=\"noLazy flagpm_photo swiper-lazy flagpm_photo_portrait\"><span class=\"swiper-lazy-preloader swiper-lazy-preloader-black\"><\/span><\/div><div class=\"swiper-slide flagpm_photo\" data-photo-id=\"14612\"><img data-src=\"https:\/\/bobvarela.com\/wp-content\/flagallery\/desigual-080-barcelona-jan-14\/thumbs\/thumbs_desigual_020.jpg\" alt=\"Ready to Wear Fall\/Winter 2014-2015\" class=\"noLazy flagpm_photo swiper-lazy flagpm_photo_portrait\"><span class=\"swiper-lazy-preloader swiper-lazy-preloader-black\"><\/span><\/div><div class=\"swiper-slide flagpm_photo\" data-photo-id=\"14613\"><img data-src=\"https:\/\/bobvarela.com\/wp-content\/flagallery\/desigual-080-barcelona-jan-14\/thumbs\/thumbs_desigual_023.jpg\" alt=\"Ready to Wear Fall\/Winter 2014-2015\" class=\"noLazy flagpm_photo swiper-lazy flagpm_photo_portrait\"><span class=\"swiper-lazy-preloader swiper-lazy-preloader-black\"><\/span><\/div><div class=\"swiper-slide flagpm_photo\" data-photo-id=\"14614\"><img data-src=\"https:\/\/bobvarela.com\/wp-content\/flagallery\/desigual-080-barcelona-jan-14\/thumbs\/thumbs_desigual_024.jpg\" alt=\"Ready to Wear Fall\/Winter 2014-2015\" class=\"noLazy flagpm_photo swiper-lazy flagpm_photo_portrait\"><span class=\"swiper-lazy-preloader swiper-lazy-preloader-black\"><\/span><\/div><div class=\"swiper-slide flagpm_photo\" data-photo-id=\"14615\"><img data-src=\"https:\/\/bobvarela.com\/wp-content\/flagallery\/desigual-080-barcelona-jan-14\/thumbs\/thumbs_desigual_026.jpg\" alt=\"Ready to Wear Fall\/Winter 2014-2015\" class=\"noLazy flagpm_photo swiper-lazy flagpm_photo_portrait\"><span class=\"swiper-lazy-preloader swiper-lazy-preloader-black\"><\/span><\/div><div class=\"swiper-slide flagpm_photo\" data-photo-id=\"14616\"><img data-src=\"https:\/\/bobvarela.com\/wp-content\/flagallery\/desigual-080-barcelona-jan-14\/thumbs\/thumbs_desigual_028.jpg\" alt=\"Ready to Wear Fall\/Winter 2014-2015\" class=\"noLazy flagpm_photo swiper-lazy flagpm_photo_portrait\"><span class=\"swiper-lazy-preloader swiper-lazy-preloader-black\"><\/span><\/div><div class=\"swiper-slide flagpm_photo\" data-photo-id=\"14617\"><img data-src=\"https:\/\/bobvarela.com\/wp-content\/flagallery\/desigual-080-barcelona-jan-14\/thumbs\/thumbs_desigual_030.jpg\" alt=\"Ready to Wear Fall\/Winter 2014-2015\" class=\"noLazy flagpm_photo swiper-lazy flagpm_photo_portrait\"><span class=\"swiper-lazy-preloader swiper-lazy-preloader-black\"><\/span><\/div><div class=\"swiper-slide flagpm_photo\" data-photo-id=\"14618\"><img data-src=\"https:\/\/bobvarela.com\/wp-content\/flagallery\/desigual-080-barcelona-jan-14\/thumbs\/thumbs_desigual_031.jpg\" alt=\"Ready to Wear Fall\/Winter 2014-2015\" class=\"noLazy flagpm_photo swiper-lazy flagpm_photo_portrait\"><span class=\"swiper-lazy-preloader swiper-lazy-preloader-black\"><\/span><\/div><div class=\"swiper-slide flagpm_photo\" data-photo-id=\"14619\"><img data-src=\"https:\/\/bobvarela.com\/wp-content\/flagallery\/desigual-080-barcelona-jan-14\/thumbs\/thumbs_desigual_032.jpg\" alt=\"Ready to Wear Fall\/Winter 2014-2015\" class=\"noLazy flagpm_photo swiper-lazy flagpm_photo_portrait\"><span class=\"swiper-lazy-preloader swiper-lazy-preloader-black\"><\/span><\/div><div class=\"swiper-slide flagpm_photo\" data-photo-id=\"14620\"><img data-src=\"https:\/\/bobvarela.com\/wp-content\/flagallery\/desigual-080-barcelona-jan-14\/thumbs\/thumbs_desigual_035.jpg\" alt=\"Ready to Wear Fall\/Winter 2014-2015\" class=\"noLazy flagpm_photo swiper-lazy flagpm_photo_portrait\"><span class=\"swiper-lazy-preloader swiper-lazy-preloader-black\"><\/span><\/div><div class=\"swiper-slide flagpm_photo\" data-photo-id=\"14621\"><img data-src=\"https:\/\/bobvarela.com\/wp-content\/flagallery\/desigual-080-barcelona-jan-14\/thumbs\/thumbs_desigual_036.jpg\" alt=\"Ready to Wear Fall\/Winter 2014-2015\" class=\"noLazy flagpm_photo swiper-lazy flagpm_photo_portrait\"><span class=\"swiper-lazy-preloader swiper-lazy-preloader-black\"><\/span><\/div><div class=\"swiper-slide flagpm_photo\" data-photo-id=\"14622\"><img data-src=\"https:\/\/bobvarela.com\/wp-content\/flagallery\/desigual-080-barcelona-jan-14\/thumbs\/thumbs_desigual_040.jpg\" alt=\"Ready to Wear Fall\/Winter 2014-2015\" class=\"noLazy flagpm_photo swiper-lazy flagpm_photo_portrait\"><span class=\"swiper-lazy-preloader swiper-lazy-preloader-black\"><\/span><\/div><div class=\"swiper-slide flagpm_photo\" data-photo-id=\"14623\"><img data-src=\"https:\/\/bobvarela.com\/wp-content\/flagallery\/desigual-080-barcelona-jan-14\/thumbs\/thumbs_desigual_042.jpg\" alt=\"Ready to Wear Fall\/Winter 2014-2015\" class=\"noLazy flagpm_photo swiper-lazy flagpm_photo_portrait\"><span class=\"swiper-lazy-preloader swiper-lazy-preloader-black\"><\/span><\/div><div class=\"swiper-slide flagpm_photo\" data-photo-id=\"14624\"><img data-src=\"https:\/\/bobvarela.com\/wp-content\/flagallery\/desigual-080-barcelona-jan-14\/thumbs\/thumbs_desigual_044.jpg\" alt=\"Ready to Wear Fall\/Winter 2014-2015\" class=\"noLazy flagpm_photo swiper-lazy flagpm_photo_portrait\"><span class=\"swiper-lazy-preloader swiper-lazy-preloader-black\"><\/span><\/div><div class=\"swiper-slide flagpm_photo\" data-photo-id=\"14625\"><img data-src=\"https:\/\/bobvarela.com\/wp-content\/flagallery\/desigual-080-barcelona-jan-14\/thumbs\/thumbs_desigual_046.jpg\" alt=\"Ready to Wear Fall\/Winter 2014-2015\" class=\"noLazy flagpm_photo swiper-lazy flagpm_photo_portrait\"><span class=\"swiper-lazy-preloader swiper-lazy-preloader-black\"><\/span><\/div><div class=\"swiper-slide flagpm_photo\" data-photo-id=\"14626\"><img data-src=\"https:\/\/bobvarela.com\/wp-content\/flagallery\/desigual-080-barcelona-jan-14\/thumbs\/thumbs_desigual_049.jpg\" alt=\"Ready to Wear Fall\/Winter 2014-2015\" class=\"noLazy flagpm_photo swiper-lazy flagpm_photo_portrait\"><span class=\"swiper-lazy-preloader swiper-lazy-preloader-black\"><\/span><\/div><div class=\"swiper-slide flagpm_photo\" data-photo-id=\"14627\"><img data-src=\"https:\/\/bobvarela.com\/wp-content\/flagallery\/desigual-080-barcelona-jan-14\/thumbs\/thumbs_desigual_050.jpg\" alt=\"Ready to Wear Fall\/Winter 2014-2015\" class=\"noLazy flagpm_photo swiper-lazy flagpm_photo_portrait\"><span class=\"swiper-lazy-preloader swiper-lazy-preloader-black\"><\/span><\/div><div class=\"swiper-slide flagpm_photo\" data-photo-id=\"14628\"><img data-src=\"https:\/\/bobvarela.com\/wp-content\/flagallery\/desigual-080-barcelona-jan-14\/thumbs\/thumbs_desigual_052.jpg\" alt=\"Ready to Wear Fall\/Winter 2014-2015\" class=\"noLazy flagpm_photo swiper-lazy flagpm_photo_portrait\"><span class=\"swiper-lazy-preloader swiper-lazy-preloader-black\"><\/span><\/div><div class=\"swiper-slide flagpm_photo\" data-photo-id=\"14629\"><img data-src=\"https:\/\/bobvarela.com\/wp-content\/flagallery\/desigual-080-barcelona-jan-14\/thumbs\/thumbs_desigual_053.jpg\" alt=\"Ready to Wear Fall\/Winter 2014-2015\" class=\"noLazy flagpm_photo swiper-lazy flagpm_photo_portrait\"><span class=\"swiper-lazy-preloader swiper-lazy-preloader-black\"><\/span><\/div><div class=\"swiper-slide flagpm_photo\" data-photo-id=\"14630\"><img data-src=\"https:\/\/bobvarela.com\/wp-content\/flagallery\/desigual-080-barcelona-jan-14\/thumbs\/thumbs_desigual_056.jpg\" alt=\"Ready to Wear Fall\/Winter 2014-2015\" class=\"noLazy flagpm_photo swiper-lazy flagpm_photo_portrait\"><span class=\"swiper-lazy-preloader swiper-lazy-preloader-black\"><\/span><\/div><div class=\"swiper-slide flagpm_photo\" data-photo-id=\"14631\"><img data-src=\"https:\/\/bobvarela.com\/wp-content\/flagallery\/desigual-080-barcelona-jan-14\/thumbs\/thumbs_desigual_058.jpg\" alt=\"Ready to Wear Fall\/Winter 2014-2015\" class=\"noLazy flagpm_photo swiper-lazy flagpm_photo_portrait\"><span class=\"swiper-lazy-preloader swiper-lazy-preloader-black\"><\/span><\/div><div class=\"swiper-slide flagpm_photo\" data-photo-id=\"14632\"><img data-src=\"https:\/\/bobvarela.com\/wp-content\/flagallery\/desigual-080-barcelona-jan-14\/thumbs\/thumbs_desigual_060.jpg\" alt=\"Ready to Wear Fall\/Winter 2014-2015\" class=\"noLazy flagpm_photo swiper-lazy flagpm_photo_portrait\"><span class=\"swiper-lazy-preloader swiper-lazy-preloader-black\"><\/span><\/div><div class=\"swiper-slide flagpm_photo\" data-photo-id=\"14633\"><img data-src=\"https:\/\/bobvarela.com\/wp-content\/flagallery\/desigual-080-barcelona-jan-14\/thumbs\/thumbs_desigual_061.jpg\" alt=\"Ready to Wear Fall\/Winter 2014-2015\" class=\"noLazy flagpm_photo swiper-lazy flagpm_photo_portrait\"><span class=\"swiper-lazy-preloader swiper-lazy-preloader-black\"><\/span><\/div><div class=\"swiper-slide flagpm_photo\" data-photo-id=\"14634\"><img data-src=\"https:\/\/bobvarela.com\/wp-content\/flagallery\/desigual-080-barcelona-jan-14\/thumbs\/thumbs_desigual_064.jpg\" alt=\"Ready to Wear Fall\/Winter 2014-2015\" class=\"noLazy flagpm_photo swiper-lazy flagpm_photo_portrait\"><span class=\"swiper-lazy-preloader swiper-lazy-preloader-black\"><\/span><\/div><div class=\"swiper-slide flagpm_photo\" data-photo-id=\"14635\"><img data-src=\"https:\/\/bobvarela.com\/wp-content\/flagallery\/desigual-080-barcelona-jan-14\/thumbs\/thumbs_desigual_066.jpg\" alt=\"Ready to Wear Fall\/Winter 2014-2015\" class=\"noLazy flagpm_photo swiper-lazy flagpm_photo_portrait\"><span class=\"swiper-lazy-preloader swiper-lazy-preloader-black\"><\/span><\/div><div class=\"swiper-slide flagpm_photo\" data-photo-id=\"14636\"><img data-src=\"https:\/\/bobvarela.com\/wp-content\/flagallery\/desigual-080-barcelona-jan-14\/thumbs\/thumbs_desigual_069.jpg\" alt=\"Ready to Wear Fall\/Winter 2014-2015\" class=\"noLazy flagpm_photo swiper-lazy flagpm_photo_portrait\"><span class=\"swiper-lazy-preloader swiper-lazy-preloader-black\"><\/span><\/div><div class=\"swiper-slide flagpm_photo\" data-photo-id=\"14637\"><img data-src=\"https:\/\/bobvarela.com\/wp-content\/flagallery\/desigual-080-barcelona-jan-14\/thumbs\/thumbs_desigual_071.jpg\" alt=\"Ready to Wear Fall\/Winter 2014-2015\" class=\"noLazy flagpm_photo swiper-lazy flagpm_photo_portrait\"><span class=\"swiper-lazy-preloader swiper-lazy-preloader-black\"><\/span><\/div><div class=\"swiper-slide flagpm_photo\" data-photo-id=\"14638\"><img data-src=\"https:\/\/bobvarela.com\/wp-content\/flagallery\/desigual-080-barcelona-jan-14\/thumbs\/thumbs_desigual_072.jpg\" alt=\"Ready to Wear Fall\/Winter 2014-2015\" class=\"noLazy flagpm_photo swiper-lazy flagpm_photo_portrait\"><span class=\"swiper-lazy-preloader swiper-lazy-preloader-black\"><\/span><\/div><div class=\"swiper-slide flagpm_photo\" data-photo-id=\"14639\"><img data-src=\"https:\/\/bobvarela.com\/wp-content\/flagallery\/desigual-080-barcelona-jan-14\/thumbs\/thumbs_desigual_074.jpg\" alt=\"Ready to Wear Fall\/Winter 2014-2015\" class=\"noLazy flagpm_photo swiper-lazy flagpm_photo_portrait\"><span class=\"swiper-lazy-preloader swiper-lazy-preloader-black\"><\/span><\/div><div class=\"swiper-slide flagpm_photo\" data-photo-id=\"14640\"><img data-src=\"https:\/\/bobvarela.com\/wp-content\/flagallery\/desigual-080-barcelona-jan-14\/thumbs\/thumbs_desigual_076.jpg\" alt=\"Ready to Wear Fall\/Winter 2014-2015\" class=\"noLazy flagpm_photo swiper-lazy flagpm_photo_portrait\"><span class=\"swiper-lazy-preloader swiper-lazy-preloader-black\"><\/span><\/div><div class=\"swiper-slide flagpm_photo\" data-photo-id=\"14641\"><img data-src=\"https:\/\/bobvarela.com\/wp-content\/flagallery\/desigual-080-barcelona-jan-14\/thumbs\/thumbs_desigual_078.jpg\" alt=\"Ready to Wear Fall\/Winter 2014-2015\" class=\"noLazy flagpm_photo swiper-lazy flagpm_photo_portrait\"><span class=\"swiper-lazy-preloader swiper-lazy-preloader-black\"><\/span><\/div><div class=\"swiper-slide flagpm_photo\" data-photo-id=\"14642\"><img data-src=\"https:\/\/bobvarela.com\/wp-content\/flagallery\/desigual-080-barcelona-jan-14\/thumbs\/thumbs_desigual_080.jpg\" alt=\"Ready to Wear Fall\/Winter 2014-2015\" class=\"noLazy flagpm_photo swiper-lazy flagpm_photo_portrait\"><span class=\"swiper-lazy-preloader swiper-lazy-preloader-black\"><\/span><\/div><div class=\"swiper-slide flagpm_photo\" data-photo-id=\"14643\"><img data-src=\"https:\/\/bobvarela.com\/wp-content\/flagallery\/desigual-080-barcelona-jan-14\/thumbs\/thumbs_desigual_082.jpg\" alt=\"Ready to Wear Fall\/Winter 2014-2015\" class=\"noLazy flagpm_photo swiper-lazy flagpm_photo_portrait\"><span class=\"swiper-lazy-preloader swiper-lazy-preloader-black\"><\/span><\/div><div class=\"swiper-slide flagpm_photo\" data-photo-id=\"14644\"><img data-src=\"https:\/\/bobvarela.com\/wp-content\/flagallery\/desigual-080-barcelona-jan-14\/thumbs\/thumbs_desigual_083.jpg\" alt=\"Ready to Wear Fall\/Winter 2014-2015\" class=\"noLazy flagpm_photo swiper-lazy flagpm_photo_portrait\"><span class=\"swiper-lazy-preloader swiper-lazy-preloader-black\"><\/span><\/div><div class=\"swiper-slide flagpm_photo\" data-photo-id=\"14645\"><img data-src=\"https:\/\/bobvarela.com\/wp-content\/flagallery\/desigual-080-barcelona-jan-14\/thumbs\/thumbs_desigual_085.jpg\" alt=\"Ready to Wear Fall\/Winter 2014-2015\" class=\"noLazy flagpm_photo swiper-lazy flagpm_photo_portrait\"><span class=\"swiper-lazy-preloader swiper-lazy-preloader-black\"><\/span><\/div><div class=\"swiper-slide flagpm_photo\" data-photo-id=\"14646\"><img data-src=\"https:\/\/bobvarela.com\/wp-content\/flagallery\/desigual-080-barcelona-jan-14\/thumbs\/thumbs_desigual_087.jpg\" alt=\"Ready to Wear Fall\/Winter 2014-2015\" class=\"noLazy flagpm_photo swiper-lazy flagpm_photo_portrait\"><span class=\"swiper-lazy-preloader swiper-lazy-preloader-black\"><\/span><\/div><div class=\"swiper-slide flagpm_photo\" data-photo-id=\"14647\"><img data-src=\"https:\/\/bobvarela.com\/wp-content\/flagallery\/desigual-080-barcelona-jan-14\/thumbs\/thumbs_desigual_089.jpg\" alt=\"Ready to Wear Fall\/Winter 2014-2015\" class=\"noLazy flagpm_photo swiper-lazy flagpm_photo_portrait\"><span class=\"swiper-lazy-preloader swiper-lazy-preloader-black\"><\/span><\/div><div class=\"swiper-slide flagpm_photo\" data-photo-id=\"14648\"><img data-src=\"https:\/\/bobvarela.com\/wp-content\/flagallery\/desigual-080-barcelona-jan-14\/thumbs\/thumbs_desigual_091.jpg\" alt=\"Ready to Wear Fall\/Winter 2014-2015\" class=\"noLazy flagpm_photo swiper-lazy flagpm_photo_portrait\"><span class=\"swiper-lazy-preloader swiper-lazy-preloader-black\"><\/span><\/div><div class=\"swiper-slide flagpm_photo\" data-photo-id=\"14649\"><img data-src=\"https:\/\/bobvarela.com\/wp-content\/flagallery\/desigual-080-barcelona-jan-14\/thumbs\/thumbs_desigual_093.jpg\" alt=\"Ready to Wear Fall\/Winter 2014-2015\" class=\"noLazy flagpm_photo swiper-lazy flagpm_photo_portrait\"><span class=\"swiper-lazy-preloader swiper-lazy-preloader-black\"><\/span><\/div><div class=\"swiper-slide flagpm_photo\" data-photo-id=\"14650\"><img data-src=\"https:\/\/bobvarela.com\/wp-content\/flagallery\/desigual-080-barcelona-jan-14\/thumbs\/thumbs_desigual_095.jpg\" alt=\"Ready to Wear Fall\/Winter 2014-2015\" class=\"noLazy flagpm_photo swiper-lazy flagpm_photo_portrait\"><span class=\"swiper-lazy-preloader swiper-lazy-preloader-black\"><\/span><\/div><div class=\"swiper-slide flagpm_photo\" data-photo-id=\"14651\"><img data-src=\"https:\/\/bobvarela.com\/wp-content\/flagallery\/desigual-080-barcelona-jan-14\/thumbs\/thumbs_desigual_097.jpg\" alt=\"Ready to Wear Fall\/Winter 2014-2015\" class=\"noLazy flagpm_photo swiper-lazy flagpm_photo_portrait\"><span class=\"swiper-lazy-preloader swiper-lazy-preloader-black\"><\/span><\/div><div class=\"swiper-slide flagpm_photo\" data-photo-id=\"14652\"><img data-src=\"https:\/\/bobvarela.com\/wp-content\/flagallery\/desigual-080-barcelona-jan-14\/thumbs\/thumbs_desigual_100.jpg\" alt=\"Ready to Wear Fall\/Winter 2014-2015\" class=\"noLazy flagpm_photo swiper-lazy flagpm_photo_portrait\"><span class=\"swiper-lazy-preloader swiper-lazy-preloader-black\"><\/span><\/div><div class=\"swiper-slide flagpm_photo\" data-photo-id=\"14653\"><img data-src=\"https:\/\/bobvarela.com\/wp-content\/flagallery\/desigual-080-barcelona-jan-14\/thumbs\/thumbs_desigual_102.jpg\" alt=\"Ready to Wear Fall\/Winter 2014-2015\" class=\"noLazy flagpm_photo swiper-lazy flagpm_photo_portrait\"><span class=\"swiper-lazy-preloader swiper-lazy-preloader-black\"><\/span><\/div><div class=\"swiper-slide flagpm_photo\" data-photo-id=\"14654\"><img data-src=\"https:\/\/bobvarela.com\/wp-content\/flagallery\/desigual-080-barcelona-jan-14\/thumbs\/thumbs_desigual_104.jpg\" alt=\"Ready to Wear Fall\/Winter 2014-2015\" class=\"noLazy flagpm_photo swiper-lazy flagpm_photo_portrait\"><span class=\"swiper-lazy-preloader swiper-lazy-preloader-black\"><\/span><\/div><div class=\"swiper-slide flagpm_photo\" data-photo-id=\"14655\"><img data-src=\"https:\/\/bobvarela.com\/wp-content\/flagallery\/desigual-080-barcelona-jan-14\/thumbs\/thumbs_desigual_106.jpg\" alt=\"Ready to Wear Fall\/Winter 2014-2015\" class=\"noLazy flagpm_photo swiper-lazy flagpm_photo_portrait\"><span class=\"swiper-lazy-preloader swiper-lazy-preloader-black\"><\/span><\/div><div class=\"swiper-slide flagpm_photo\" data-photo-id=\"14656\"><img data-src=\"https:\/\/bobvarela.com\/wp-content\/flagallery\/desigual-080-barcelona-jan-14\/thumbs\/thumbs_desigual_107.jpg\" alt=\"Ready to Wear Fall\/Winter 2014-2015\" class=\"noLazy flagpm_photo swiper-lazy flagpm_photo_portrait\"><span class=\"swiper-lazy-preloader swiper-lazy-preloader-black\"><\/span><\/div><div class=\"swiper-slide flagpm_photo\" data-photo-id=\"14657\"><img data-src=\"https:\/\/bobvarela.com\/wp-content\/flagallery\/desigual-080-barcelona-jan-14\/thumbs\/thumbs_desigual_110.jpg\" alt=\"Ready to Wear Fall\/Winter 2014-2015\" class=\"noLazy flagpm_photo swiper-lazy flagpm_photo_portrait\"><span class=\"swiper-lazy-preloader swiper-lazy-preloader-black\"><\/span><\/div><div class=\"swiper-slide flagpm_photo\" data-photo-id=\"14658\"><img data-src=\"https:\/\/bobvarela.com\/wp-content\/flagallery\/desigual-080-barcelona-jan-14\/thumbs\/thumbs_desigual_112.jpg\" alt=\"Ready to Wear Fall\/Winter 2014-2015\" class=\"noLazy flagpm_photo swiper-lazy flagpm_photo_portrait\"><span class=\"swiper-lazy-preloader swiper-lazy-preloader-black\"><\/span><\/div><div class=\"swiper-slide flagpm_photo\" data-photo-id=\"14659\"><img data-src=\"https:\/\/bobvarela.com\/wp-content\/flagallery\/desigual-080-barcelona-jan-14\/thumbs\/thumbs_desigual_113.jpg\" alt=\"Ready to Wear Fall\/Winter 2014-2015\" class=\"noLazy flagpm_photo swiper-lazy flagpm_photo_portrait\"><span class=\"swiper-lazy-preloader swiper-lazy-preloader-black\"><\/span><\/div><div class=\"swiper-slide flagpm_photo\" data-photo-id=\"14660\"><img data-src=\"https:\/\/bobvarela.com\/wp-content\/flagallery\/desigual-080-barcelona-jan-14\/thumbs\/thumbs_desigual_116.jpg\" alt=\"Ready to Wear Fall\/Winter 2014-2015\" class=\"noLazy flagpm_photo swiper-lazy flagpm_photo_portrait\"><span class=\"swiper-lazy-preloader swiper-lazy-preloader-black\"><\/span><\/div><div class=\"swiper-slide flagpm_photo\" data-photo-id=\"14661\"><img data-src=\"https:\/\/bobvarela.com\/wp-content\/flagallery\/desigual-080-barcelona-jan-14\/thumbs\/thumbs_desigual_117.jpg\" alt=\"Ready to Wear Fall\/Winter 2014-2015\" class=\"noLazy flagpm_photo swiper-lazy flagpm_photo_portrait\"><span class=\"swiper-lazy-preloader swiper-lazy-preloader-black\"><\/span><\/div><div class=\"swiper-slide flagpm_photo\" data-photo-id=\"14662\"><img data-src=\"https:\/\/bobvarela.com\/wp-content\/flagallery\/desigual-080-barcelona-jan-14\/thumbs\/thumbs_desigual_119.jpg\" alt=\"Ready to Wear Fall\/Winter 2014-2015\" class=\"noLazy flagpm_photo swiper-lazy flagpm_photo_portrait\"><span class=\"swiper-lazy-preloader swiper-lazy-preloader-black\"><\/span><\/div> <\/div> <\/div> <\/div> <div class=\"flagpm_next_button\"><\/div> <\/div> <div class=\"flagpm_big_button_wrap\"> <div class=\"flagpm_share_wrapper\"> <a class=\"flagpm_button flagpm_share\">Share<\/a> <div class=\"flagpm_sharelizers_wrap\"> <ul class=\"flagpm_sharelizers\"> <li style=\"list-style:none;\"><a class=\"flagpm_button flagpm_facebook flagpm_sharelizer\">Facebook<\/a><\/li> <li style=\"list-style:none;\"><a class=\"flagpm_button flagpm_twitter flagpm_sharelizer\">Twitter<\/a><\/li> <li style=\"list-style:none;\"><a class=\"flagpm_button flagpm_pinterest flagpm_sharelizer\">Pinterest<\/a><\/li> <li style=\"list-style:none;\"><a class=\"flagpm_button flagpm_stumbleupon flagpm_sharelizer\">StumbleUpon<\/a><\/li> <\/ul> <\/div> <\/div> <a class=\"flagpm_button flagpm_like\">Like<\/a> <\/div> <div class=\"flagpm_big_button_wrap\"> <a class=\"flagpm_big_button flagpm_download_button\" href=\"https:\/\/bobvarela.com\/wp-content\/flagallery\/desigual-080-barcelona-jan-14\/desigual_005.jpg\" download=\"desigual_005.jpg\"> <span class=\"flagpm_icon\"><\/span> <span class=\"flagpm_label\">Download<\/span> <\/a> <\/div> <div class=\"flagpm_big_button_wrap\"> <a class=\"flagpm_big_button flagpm_link_button flagpm_inactive\" > <span class=\"flagpm_icon\"><\/span> <span class=\"flagpm_label\">Open Link<\/span> <\/a> <\/div> <\/div> <\/div> <\/div> <div class=\"flagpm_focus_close_full\"> <span><a class=\"flagpm_button flagpm_close\">Close<\/a><\/span> <span><a class=\"flagpm_button flagpm_full\">Full<\/a><\/span> <\/div> <div class=\"flagpm_photo_details\"> <div class=\"flagpm_description_wrap\"> <div class=\"details_title\">Description<\/div> <div class=\"flagpm_description_text_wrap\"> <div class=\"flagpm_slide_description\"><p>Ready to Wear Fall\/Winter 2014-2015<\/p><\/div> <\/div> <\/div> <\/div> <div class=\"flagpm_focus_footer\"> <div class=\"flagpm_focus_keyboard\"> <div class=\"flagpm_focus_keyboard_title\">Keyboard Shortcuts <a class=\"flagpm_focus_keyboard_dismiss\">Dismiss<\/a><\/div> <ul> <li style=\"list-style:none;\"><a data-key=\"p\" class=\"flagpm_key\">S<\/a><span class=\"flagpm_label\">Slideshow<\/span><\/li> <li style=\"list-style:none;\"><a data-key=\"m\" class=\"flagpm_key\">M<\/a><span class=\"flagpm_label\">Maximize<\/span><\/li> <li style=\"list-style:none;\"><a data-key=\"left\" class=\"flagpm_key\">&nbsp;<\/a><span class=\"flagpm_label\">Previous<\/span><\/li> <li style=\"list-style:none;\"><a data-key=\"right\" class=\"flagpm_key\">&nbsp;<\/a><span class=\"flagpm_label\">Next<\/span><\/li> <li style=\"list-style:none;\"><a data-key=\"escape\" class=\"flagpm_key flagpm_esc\">esc<\/a><span class=\"flagpm_label\">Close<\/span><\/li> <\/ul> <\/div> <\/div> <\/div> <script type=\"text\/javascript\"> jQuery(function($) { var settings = {\"base_gallery_width\":\"800\",\"base_gallery_height\":\"500\",\"gallery_min_height\":\"230\",\"scale_mode\":\"fit\",\"initial_slide\":0,\"slideshow_autoplay\":\"0\",\"slideshow_delay\":\"7000\",\"gallery_focus\":\"0\",\"gallery_maximized\":\"0\",\"gallery_focus_maximized\":\"0\",\"keyboard_help\":\"1\",\"show_download_button\":\"1\",\"show_link_button\":\"1\",\"show_description\":\"1\",\"show_share_button\":\"1\",\"show_like_button\":\"1\",\"link_color\":\"#0099e5\",\"link_color_hover\":\"#02adea\",\"download_button_text\":\"Download\",\"link_button_text\":\"Open Link\",\"description_title\":\"Description\",\"key\":\"\",\"name\":\"\",\"gallID\":\"sc1_183\"}; var content = {\"data\":[{\"id\":\"14603\",\"image\":\"https:\\\/\\\/bobvarela.com\\\/wp-content\\\/flagallery\\\/desigual-080-barcelona-jan-14\\\/webview\\\/desigual_005.jpg\",\"thumb\":\"https:\\\/\\\/bobvarela.com\\\/wp-content\\\/flagallery\\\/desigual-080-barcelona-jan-14\\\/thumbs\\\/thumbs_desigual_005.jpg\",\"file\":\"desigual_005.jpg\",\"meta\":{\"aperture\":\"F 4\",\"credit\":false,\"camera\":\"Canon EOS-1D Mark IV\",\"caption\":\"Ready to Wear Fall\\\/Winter 2014-2015\",\"created_timestamp\":\"January 28, 2014 9:24 pm\",\"copyright\":\"PHOTOGRAPH FOR EDITORIAL USE ONLY\",\"focal_length\":\"280 mm\",\"iso\":1600,\"shutter_speed\":\"1\\\/320 sec\",\"flash\":false,\"title\":\"Ready to Wear Fall\\\/Winter 2014-2015\",\"keywords\":\"2014-2015,Fall\\\/Winter,Ready to Wear\",\"width\":480,\"height\":720,\"saved\":true,\"thumbnail\":{\"width\":220,\"height\":220},\"webview\":{\"0\":480,\"1\":720,\"2\":2,\"3\":\"width=\\\"480\\\" height=\\\"720\\\"\",\"bits\":8,\"channels\":3,\"mime\":\"image\\\/jpeg\"},\"views\":\"156\",\"likes\":\"0\"},\"title\":\"Ready to Wear Fall\\\/Winter 2014-2015\",\"description\":\"<p>Ready to Wear Fall\\\/Winter 2014-2015<\\\/p>\",\"link\":null,\"link_target\":\"\",\"download\":\"https:\\\/\\\/bobvarela.com\\\/wp-content\\\/flagallery\\\/desigual-080-barcelona-jan-14\\\/desigual_005.jpg\",\"ratio\":0.66666666666666662965923251249478198587894439697265625},{\"id\":\"14604\",\"image\":\"https:\\\/\\\/bobvarela.com\\\/wp-content\\\/flagallery\\\/desigual-080-barcelona-jan-14\\\/webview\\\/desigual_007.jpg\",\"thumb\":\"https:\\\/\\\/bobvarela.com\\\/wp-content\\\/flagallery\\\/desigual-080-barcelona-jan-14\\\/thumbs\\\/thumbs_desigual_007.jpg\",\"file\":\"desigual_007.jpg\",\"meta\":{\"aperture\":\"F 4\",\"credit\":false,\"camera\":\"Canon EOS-1D Mark IV\",\"caption\":\"Ready to Wear Fall\\\/Winter 2014-2015\",\"created_timestamp\":\"January 28, 2014 9:24 pm\",\"copyright\":\"PHOTOGRAPH FOR EDITORIAL USE ONLY\",\"focal_length\":\"280 mm\",\"iso\":1600,\"shutter_speed\":\"1\\\/320 sec\",\"flash\":false,\"title\":\"Ready to Wear Fall\\\/Winter 2014-2015\",\"keywords\":\"2014-2015,Fall\\\/Winter,Ready to Wear\",\"width\":480,\"height\":720,\"saved\":true,\"thumbnail\":{\"width\":220,\"height\":220},\"webview\":{\"0\":480,\"1\":720,\"2\":2,\"3\":\"width=\\\"480\\\" height=\\\"720\\\"\",\"bits\":8,\"channels\":3,\"mime\":\"image\\\/jpeg\"},\"views\":\"36\",\"likes\":\"0\"},\"title\":\"Ready to Wear Fall\\\/Winter 2014-2015\",\"description\":\"<p>Ready to Wear Fall\\\/Winter 2014-2015<\\\/p>\",\"link\":null,\"link_target\":\"\",\"download\":\"https:\\\/\\\/bobvarela.com\\\/wp-content\\\/flagallery\\\/desigual-080-barcelona-jan-14\\\/desigual_007.jpg\",\"ratio\":0.66666666666666662965923251249478198587894439697265625},{\"id\":\"14605\",\"image\":\"https:\\\/\\\/bobvarela.com\\\/wp-content\\\/flagallery\\\/desigual-080-barcelona-jan-14\\\/webview\\\/desigual_008.jpg\",\"thumb\":\"https:\\\/\\\/bobvarela.com\\\/wp-content\\\/flagallery\\\/desigual-080-barcelona-jan-14\\\/thumbs\\\/thumbs_desigual_008.jpg\",\"file\":\"desigual_008.jpg\",\"meta\":{\"aperture\":\"F 4\",\"credit\":false,\"camera\":\"Canon EOS-1D Mark IV\",\"caption\":\"Ready to Wear Fall\\\/Winter 2014-2015\",\"created_timestamp\":\"January 28, 2014 9:24 pm\",\"copyright\":\"PHOTOGRAPH FOR EDITORIAL USE ONLY\",\"focal_length\":\"245 mm\",\"iso\":1600,\"shutter_speed\":\"1\\\/320 sec\",\"flash\":false,\"title\":\"Ready to Wear Fall\\\/Winter 2014-2015\",\"keywords\":\"2014-2015,Fall\\\/Winter,Ready to Wear\",\"width\":480,\"height\":720,\"saved\":true,\"thumbnail\":{\"width\":220,\"height\":220},\"webview\":{\"0\":480,\"1\":720,\"2\":2,\"3\":\"width=\\\"480\\\" height=\\\"720\\\"\",\"bits\":8,\"channels\":3,\"mime\":\"image\\\/jpeg\"},\"views\":\"28\",\"likes\":\"0\"},\"title\":\"Ready to Wear Fall\\\/Winter 2014-2015\",\"description\":\"<p>Ready to Wear Fall\\\/Winter 2014-2015<\\\/p>\",\"link\":null,\"link_target\":\"\",\"download\":\"https:\\\/\\\/bobvarela.com\\\/wp-content\\\/flagallery\\\/desigual-080-barcelona-jan-14\\\/desigual_008.jpg\",\"ratio\":0.66666666666666662965923251249478198587894439697265625},{\"id\":\"14606\",\"image\":\"https:\\\/\\\/bobvarela.com\\\/wp-content\\\/flagallery\\\/desigual-080-barcelona-jan-14\\\/webview\\\/desigual_010.jpg\",\"thumb\":\"https:\\\/\\\/bobvarela.com\\\/wp-content\\\/flagallery\\\/desigual-080-barcelona-jan-14\\\/thumbs\\\/thumbs_desigual_010.jpg\",\"file\":\"desigual_010.jpg\",\"meta\":{\"aperture\":\"F 4\",\"credit\":false,\"camera\":\"Canon EOS-1D Mark IV\",\"caption\":\"Ready to Wear Fall\\\/Winter 2014-2015\",\"created_timestamp\":\"January 28, 2014 9:25 pm\",\"copyright\":\"PHOTOGRAPH FOR EDITORIAL USE ONLY\",\"focal_length\":\"225 mm\",\"iso\":1600,\"shutter_speed\":\"1\\\/400 sec\",\"flash\":false,\"title\":\"Ready to Wear Fall\\\/Winter 2014-2015\",\"keywords\":\"2014-2015,Fall\\\/Winter,Ready to Wear\",\"width\":480,\"height\":720,\"saved\":true,\"thumbnail\":{\"width\":220,\"height\":220},\"webview\":{\"0\":480,\"1\":720,\"2\":2,\"3\":\"width=\\\"480\\\" height=\\\"720\\\"\",\"bits\":8,\"channels\":3,\"mime\":\"image\\\/jpeg\"},\"views\":\"22\",\"likes\":\"0\"},\"title\":\"Ready to Wear Fall\\\/Winter 2014-2015\",\"description\":\"<p>Ready to Wear Fall\\\/Winter 2014-2015<\\\/p>\",\"link\":null,\"link_target\":\"\",\"download\":\"https:\\\/\\\/bobvarela.com\\\/wp-content\\\/flagallery\\\/desigual-080-barcelona-jan-14\\\/desigual_010.jpg\",\"ratio\":0.66666666666666662965923251249478198587894439697265625},{\"id\":\"14607\",\"image\":\"https:\\\/\\\/bobvarela.com\\\/wp-content\\\/flagallery\\\/desigual-080-barcelona-jan-14\\\/webview\\\/desigual_011.jpg\",\"thumb\":\"https:\\\/\\\/bobvarela.com\\\/wp-content\\\/flagallery\\\/desigual-080-barcelona-jan-14\\\/thumbs\\\/thumbs_desigual_011.jpg\",\"file\":\"desigual_011.jpg\",\"meta\":{\"aperture\":\"F 4\",\"credit\":false,\"camera\":\"Canon EOS-1D Mark IV\",\"caption\":\"Ready to Wear Fall\\\/Winter 2014-2015\",\"created_timestamp\":\"January 28, 2014 9:25 pm\",\"copyright\":\"PHOTOGRAPH FOR EDITORIAL USE ONLY\",\"focal_length\":\"280 mm\",\"iso\":1600,\"shutter_speed\":\"1\\\/400 sec\",\"flash\":false,\"title\":\"Ready to Wear Fall\\\/Winter 2014-2015\",\"keywords\":\"2014-2015,Fall\\\/Winter,Ready to Wear\",\"width\":480,\"height\":720,\"saved\":true,\"thumbnail\":{\"width\":220,\"height\":220},\"webview\":{\"0\":480,\"1\":720,\"2\":2,\"3\":\"width=\\\"480\\\" height=\\\"720\\\"\",\"bits\":8,\"channels\":3,\"mime\":\"image\\\/jpeg\"},\"views\":\"18\",\"likes\":\"0\"},\"title\":\"Ready to Wear Fall\\\/Winter 2014-2015\",\"description\":\"<p>Ready to Wear Fall\\\/Winter 2014-2015<\\\/p>\",\"link\":null,\"link_target\":\"\",\"download\":\"https:\\\/\\\/bobvarela.com\\\/wp-content\\\/flagallery\\\/desigual-080-barcelona-jan-14\\\/desigual_011.jpg\",\"ratio\":0.66666666666666662965923251249478198587894439697265625},{\"id\":\"14608\",\"image\":\"https:\\\/\\\/bobvarela.com\\\/wp-content\\\/flagallery\\\/desigual-080-barcelona-jan-14\\\/webview\\\/desigual_012.jpg\",\"thumb\":\"https:\\\/\\\/bobvarela.com\\\/wp-content\\\/flagallery\\\/desigual-080-barcelona-jan-14\\\/thumbs\\\/thumbs_desigual_012.jpg\",\"file\":\"desigual_012.jpg\",\"meta\":{\"aperture\":\"F 4\",\"credit\":false,\"camera\":\"Canon EOS-1D Mark IV\",\"caption\":\"Ready to Wear Fall\\\/Winter 2014-2015\",\"created_timestamp\":\"January 28, 2014 9:25 pm\",\"copyright\":\"PHOTOGRAPH FOR EDITORIAL USE ONLY\",\"focal_length\":\"280 mm\",\"iso\":1600,\"shutter_speed\":\"1\\\/400 sec\",\"flash\":false,\"title\":\"Ready to Wear Fall\\\/Winter 2014-2015\",\"keywords\":\"2014-2015,Fall\\\/Winter,Ready to Wear\",\"width\":480,\"height\":720,\"saved\":true,\"thumbnail\":{\"width\":220,\"height\":220},\"webview\":{\"0\":480,\"1\":720,\"2\":2,\"3\":\"width=\\\"480\\\" height=\\\"720\\\"\",\"bits\":8,\"channels\":3,\"mime\":\"image\\\/jpeg\"},\"views\":\"19\",\"likes\":\"0\"},\"title\":\"Ready to Wear Fall\\\/Winter 2014-2015\",\"description\":\"<p>Ready to Wear Fall\\\/Winter 2014-2015<\\\/p>\",\"link\":null,\"link_target\":\"\",\"download\":\"https:\\\/\\\/bobvarela.com\\\/wp-content\\\/flagallery\\\/desigual-080-barcelona-jan-14\\\/desigual_012.jpg\",\"ratio\":0.66666666666666662965923251249478198587894439697265625},{\"id\":\"14609\",\"image\":\"https:\\\/\\\/bobvarela.com\\\/wp-content\\\/flagallery\\\/desigual-080-barcelona-jan-14\\\/webview\\\/desigual_015.jpg\",\"thumb\":\"https:\\\/\\\/bobvarela.com\\\/wp-content\\\/flagallery\\\/desigual-080-barcelona-jan-14\\\/thumbs\\\/thumbs_desigual_015.jpg\",\"file\":\"desigual_015.jpg\",\"meta\":{\"aperture\":\"F 4\",\"credit\":false,\"camera\":\"Canon EOS-1D Mark IV\",\"caption\":\"Ready to Wear Fall\\\/Winter 2014-2015\",\"created_timestamp\":\"January 28, 2014 9:25 pm\",\"copyright\":\"PHOTOGRAPH FOR EDITORIAL USE ONLY\",\"focal_length\":\"280 mm\",\"iso\":1600,\"shutter_speed\":\"1\\\/320 sec\",\"flash\":false,\"title\":\"Ready to Wear Fall\\\/Winter 2014-2015\",\"keywords\":\"2014-2015,Fall\\\/Winter,Ready to Wear\",\"width\":480,\"height\":720,\"saved\":true,\"thumbnail\":{\"width\":220,\"height\":220},\"webview\":{\"0\":480,\"1\":720,\"2\":2,\"3\":\"width=\\\"480\\\" height=\\\"720\\\"\",\"bits\":8,\"channels\":3,\"mime\":\"image\\\/jpeg\"},\"views\":\"18\",\"likes\":\"0\"},\"title\":\"Ready to Wear Fall\\\/Winter 2014-2015\",\"description\":\"<p>Ready to Wear Fall\\\/Winter 2014-2015<\\\/p>\",\"link\":null,\"link_target\":\"\",\"download\":\"https:\\\/\\\/bobvarela.com\\\/wp-content\\\/flagallery\\\/desigual-080-barcelona-jan-14\\\/desigual_015.jpg\",\"ratio\":0.66666666666666662965923251249478198587894439697265625},{\"id\":\"14610\",\"image\":\"https:\\\/\\\/bobvarela.com\\\/wp-content\\\/flagallery\\\/desigual-080-barcelona-jan-14\\\/webview\\\/desigual_017.jpg\",\"thumb\":\"https:\\\/\\\/bobvarela.com\\\/wp-content\\\/flagallery\\\/desigual-080-barcelona-jan-14\\\/thumbs\\\/thumbs_desigual_017.jpg\",\"file\":\"desigual_017.jpg\",\"meta\":{\"aperture\":\"F 4\",\"credit\":false,\"camera\":\"Canon EOS-1D Mark IV\",\"caption\":\"Ready to Wear Fall\\\/Winter 2014-2015\",\"created_timestamp\":\"January 28, 2014 9:25 pm\",\"copyright\":\"PHOTOGRAPH FOR EDITORIAL USE ONLY\",\"focal_length\":\"238 mm\",\"iso\":1600,\"shutter_speed\":\"1\\\/400 sec\",\"flash\":false,\"title\":\"Ready to Wear Fall\\\/Winter 2014-2015\",\"keywords\":\"2014-2015,Fall\\\/Winter,Ready to Wear\",\"width\":480,\"height\":720,\"saved\":true,\"thumbnail\":{\"width\":220,\"height\":220},\"webview\":{\"0\":480,\"1\":720,\"2\":2,\"3\":\"width=\\\"480\\\" height=\\\"720\\\"\",\"bits\":8,\"channels\":3,\"mime\":\"image\\\/jpeg\"},\"views\":\"18\",\"likes\":\"0\"},\"title\":\"Ready to Wear Fall\\\/Winter 2014-2015\",\"description\":\"<p>Ready to Wear Fall\\\/Winter 2014-2015<\\\/p>\",\"link\":null,\"link_target\":\"\",\"download\":\"https:\\\/\\\/bobvarela.com\\\/wp-content\\\/flagallery\\\/desigual-080-barcelona-jan-14\\\/desigual_017.jpg\",\"ratio\":0.66666666666666662965923251249478198587894439697265625},{\"id\":\"14611\",\"image\":\"https:\\\/\\\/bobvarela.com\\\/wp-content\\\/flagallery\\\/desigual-080-barcelona-jan-14\\\/webview\\\/desigual_019.jpg\",\"thumb\":\"https:\\\/\\\/bobvarela.com\\\/wp-content\\\/flagallery\\\/desigual-080-barcelona-jan-14\\\/thumbs\\\/thumbs_desigual_019.jpg\",\"file\":\"desigual_019.jpg\",\"meta\":{\"aperture\":\"F 4\",\"credit\":false,\"camera\":\"Canon EOS-1D Mark IV\",\"caption\":\"Ready to Wear Fall\\\/Winter 2014-2015\",\"created_timestamp\":\"January 28, 2014 9:25 pm\",\"copyright\":\"PHOTOGRAPH FOR EDITORIAL USE ONLY\",\"focal_length\":\"280 mm\",\"iso\":1600,\"shutter_speed\":\"1\\\/400 sec\",\"flash\":false,\"title\":\"Ready to Wear Fall\\\/Winter 2014-2015\",\"keywords\":\"2014-2015,Fall\\\/Winter,Ready to Wear\",\"width\":480,\"height\":720,\"saved\":true,\"thumbnail\":{\"width\":220,\"height\":220},\"webview\":{\"0\":480,\"1\":720,\"2\":2,\"3\":\"width=\\\"480\\\" height=\\\"720\\\"\",\"bits\":8,\"channels\":3,\"mime\":\"image\\\/jpeg\"},\"views\":\"12\",\"likes\":\"0\"},\"title\":\"Ready to Wear Fall\\\/Winter 2014-2015\",\"description\":\"<p>Ready to Wear Fall\\\/Winter 2014-2015<\\\/p>\",\"link\":null,\"link_target\":\"\",\"download\":\"https:\\\/\\\/bobvarela.com\\\/wp-content\\\/flagallery\\\/desigual-080-barcelona-jan-14\\\/desigual_019.jpg\",\"ratio\":0.66666666666666662965923251249478198587894439697265625},{\"id\":\"14612\",\"image\":\"https:\\\/\\\/bobvarela.com\\\/wp-content\\\/flagallery\\\/desigual-080-barcelona-jan-14\\\/webview\\\/desigual_020.jpg\",\"thumb\":\"https:\\\/\\\/bobvarela.com\\\/wp-content\\\/flagallery\\\/desigual-080-barcelona-jan-14\\\/thumbs\\\/thumbs_desigual_020.jpg\",\"file\":\"desigual_020.jpg\",\"meta\":{\"aperture\":\"F 4\",\"credit\":false,\"camera\":\"Canon EOS-1D Mark IV\",\"caption\":\"Ready to Wear Fall\\\/Winter 2014-2015\",\"created_timestamp\":\"January 28, 2014 9:26 pm\",\"copyright\":\"PHOTOGRAPH FOR EDITORIAL USE ONLY\",\"focal_length\":\"280 mm\",\"iso\":1600,\"shutter_speed\":\"1\\\/320 sec\",\"flash\":false,\"title\":\"Ready to Wear Fall\\\/Winter 2014-2015\",\"keywords\":\"2014-2015,Fall\\\/Winter,Ready to Wear\",\"width\":480,\"height\":720,\"saved\":true,\"thumbnail\":{\"width\":220,\"height\":220},\"webview\":{\"0\":480,\"1\":720,\"2\":2,\"3\":\"width=\\\"480\\\" height=\\\"720\\\"\",\"bits\":8,\"channels\":3,\"mime\":\"image\\\/jpeg\"},\"views\":\"15\",\"likes\":\"0\"},\"title\":\"Ready to Wear Fall\\\/Winter 2014-2015\",\"description\":\"<p>Ready to Wear Fall\\\/Winter 2014-2015<\\\/p>\",\"link\":null,\"link_target\":\"\",\"download\":\"https:\\\/\\\/bobvarela.com\\\/wp-content\\\/flagallery\\\/desigual-080-barcelona-jan-14\\\/desigual_020.jpg\",\"ratio\":0.66666666666666662965923251249478198587894439697265625},{\"id\":\"14613\",\"image\":\"https:\\\/\\\/bobvarela.com\\\/wp-content\\\/flagallery\\\/desigual-080-barcelona-jan-14\\\/webview\\\/desigual_023.jpg\",\"thumb\":\"https:\\\/\\\/bobvarela.com\\\/wp-content\\\/flagallery\\\/desigual-080-barcelona-jan-14\\\/thumbs\\\/thumbs_desigual_023.jpg\",\"file\":\"desigual_023.jpg\",\"meta\":{\"aperture\":\"F 4\",\"credit\":false,\"camera\":\"Canon EOS-1D Mark IV\",\"caption\":\"Ready to Wear Fall\\\/Winter 2014-2015\",\"created_timestamp\":\"January 28, 2014 9:26 pm\",\"copyright\":\"PHOTOGRAPH FOR EDITORIAL USE ONLY\",\"focal_length\":\"260 mm\",\"iso\":1600,\"shutter_speed\":\"1\\\/400 sec\",\"flash\":false,\"title\":\"Ready to Wear Fall\\\/Winter 2014-2015\",\"keywords\":\"2014-2015,Fall\\\/Winter,Ready to Wear\",\"width\":480,\"height\":720,\"saved\":true,\"thumbnail\":{\"width\":220,\"height\":220},\"webview\":{\"0\":480,\"1\":720,\"2\":2,\"3\":\"width=\\\"480\\\" height=\\\"720\\\"\",\"bits\":8,\"channels\":3,\"mime\":\"image\\\/jpeg\"},\"views\":\"13\",\"likes\":\"0\"},\"title\":\"Ready to Wear Fall\\\/Winter 2014-2015\",\"description\":\"<p>Ready to Wear Fall\\\/Winter 2014-2015<\\\/p>\",\"link\":null,\"link_target\":\"\",\"download\":\"https:\\\/\\\/bobvarela.com\\\/wp-content\\\/flagallery\\\/desigual-080-barcelona-jan-14\\\/desigual_023.jpg\",\"ratio\":0.66666666666666662965923251249478198587894439697265625},{\"id\":\"14614\",\"image\":\"https:\\\/\\\/bobvarela.com\\\/wp-content\\\/flagallery\\\/desigual-080-barcelona-jan-14\\\/webview\\\/desigual_024.jpg\",\"thumb\":\"https:\\\/\\\/bobvarela.com\\\/wp-content\\\/flagallery\\\/desigual-080-barcelona-jan-14\\\/thumbs\\\/thumbs_desigual_024.jpg\",\"file\":\"desigual_024.jpg\",\"meta\":{\"aperture\":\"F 4\",\"credit\":false,\"camera\":\"Canon EOS-1D Mark IV\",\"caption\":\"Ready to Wear Fall\\\/Winter 2014-2015\",\"created_timestamp\":\"January 28, 2014 9:26 pm\",\"copyright\":\"PHOTOGRAPH FOR EDITORIAL USE ONLY\",\"focal_length\":\"137 mm\",\"iso\":1600,\"shutter_speed\":\"1\\\/400 sec\",\"flash\":false,\"title\":\"Ready to Wear Fall\\\/Winter 2014-2015\",\"keywords\":\"2014-2015,Fall\\\/Winter,Ready to Wear\",\"width\":480,\"height\":720,\"saved\":true,\"thumbnail\":{\"width\":220,\"height\":220},\"webview\":{\"0\":480,\"1\":720,\"2\":2,\"3\":\"width=\\\"480\\\" height=\\\"720\\\"\",\"bits\":8,\"channels\":3,\"mime\":\"image\\\/jpeg\"},\"views\":\"12\",\"likes\":\"0\"},\"title\":\"Ready to Wear Fall\\\/Winter 2014-2015\",\"description\":\"<p>Ready to Wear Fall\\\/Winter 2014-2015<\\\/p>\",\"link\":null,\"link_target\":\"\",\"download\":\"https:\\\/\\\/bobvarela.com\\\/wp-content\\\/flagallery\\\/desigual-080-barcelona-jan-14\\\/desigual_024.jpg\",\"ratio\":0.66666666666666662965923251249478198587894439697265625},{\"id\":\"14615\",\"image\":\"https:\\\/\\\/bobvarela.com\\\/wp-content\\\/flagallery\\\/desigual-080-barcelona-jan-14\\\/webview\\\/desigual_026.jpg\",\"thumb\":\"https:\\\/\\\/bobvarela.com\\\/wp-content\\\/flagallery\\\/desigual-080-barcelona-jan-14\\\/thumbs\\\/thumbs_desigual_026.jpg\",\"file\":\"desigual_026.jpg\",\"meta\":{\"aperture\":\"F 4\",\"credit\":false,\"camera\":\"Canon EOS-1D Mark IV\",\"caption\":\"Ready to Wear Fall\\\/Winter 2014-2015\",\"created_timestamp\":\"January 28, 2014 9:26 pm\",\"copyright\":\"PHOTOGRAPH FOR EDITORIAL USE ONLY\",\"focal_length\":\"217 mm\",\"iso\":1600,\"shutter_speed\":\"1\\\/400 sec\",\"flash\":false,\"title\":\"Ready to Wear Fall\\\/Winter 2014-2015\",\"keywords\":\"2014-2015,Fall\\\/Winter,Ready to Wear\",\"width\":480,\"height\":720,\"saved\":true,\"thumbnail\":{\"width\":220,\"height\":220},\"webview\":{\"0\":480,\"1\":720,\"2\":2,\"3\":\"width=\\\"480\\\" height=\\\"720\\\"\",\"bits\":8,\"channels\":3,\"mime\":\"image\\\/jpeg\"},\"views\":\"11\",\"likes\":\"0\"},\"title\":\"Ready to Wear Fall\\\/Winter 2014-2015\",\"description\":\"<p>Ready to Wear Fall\\\/Winter 2014-2015<\\\/p>\",\"link\":null,\"link_target\":\"\",\"download\":\"https:\\\/\\\/bobvarela.com\\\/wp-content\\\/flagallery\\\/desigual-080-barcelona-jan-14\\\/desigual_026.jpg\",\"ratio\":0.66666666666666662965923251249478198587894439697265625},{\"id\":\"14616\",\"image\":\"https:\\\/\\\/bobvarela.com\\\/wp-content\\\/flagallery\\\/desigual-080-barcelona-jan-14\\\/webview\\\/desigual_028.jpg\",\"thumb\":\"https:\\\/\\\/bobvarela.com\\\/wp-content\\\/flagallery\\\/desigual-080-barcelona-jan-14\\\/thumbs\\\/thumbs_desigual_028.jpg\",\"file\":\"desigual_028.jpg\",\"meta\":{\"aperture\":\"F 4\",\"credit\":false,\"camera\":\"Canon EOS-1D Mark IV\",\"caption\":\"Ready to Wear Fall\\\/Winter 2014-2015\",\"created_timestamp\":\"January 28, 2014 9:26 pm\",\"copyright\":\"PHOTOGRAPH FOR EDITORIAL USE ONLY\",\"focal_length\":\"238 mm\",\"iso\":1600,\"shutter_speed\":\"1\\\/400 sec\",\"flash\":false,\"title\":\"Ready to Wear Fall\\\/Winter 2014-2015\",\"keywords\":\"2014-2015,Fall\\\/Winter,Ready to Wear\",\"width\":480,\"height\":720,\"saved\":true,\"thumbnail\":{\"width\":220,\"height\":220},\"webview\":{\"0\":480,\"1\":720,\"2\":2,\"3\":\"width=\\\"480\\\" height=\\\"720\\\"\",\"bits\":8,\"channels\":3,\"mime\":\"image\\\/jpeg\"},\"views\":\"12\",\"likes\":\"0\"},\"title\":\"Ready to Wear Fall\\\/Winter 2014-2015\",\"description\":\"<p>Ready to Wear Fall\\\/Winter 2014-2015<\\\/p>\",\"link\":null,\"link_target\":\"\",\"download\":\"https:\\\/\\\/bobvarela.com\\\/wp-content\\\/flagallery\\\/desigual-080-barcelona-jan-14\\\/desigual_028.jpg\",\"ratio\":0.66666666666666662965923251249478198587894439697265625},{\"id\":\"14617\",\"image\":\"https:\\\/\\\/bobvarela.com\\\/wp-content\\\/flagallery\\\/desigual-080-barcelona-jan-14\\\/webview\\\/desigual_030.jpg\",\"thumb\":\"https:\\\/\\\/bobvarela.com\\\/wp-content\\\/flagallery\\\/desigual-080-barcelona-jan-14\\\/thumbs\\\/thumbs_desigual_030.jpg\",\"file\":\"desigual_030.jpg\",\"meta\":{\"aperture\":\"F 4\",\"credit\":false,\"camera\":\"Canon EOS-1D Mark IV\",\"caption\":\"Ready to Wear Fall\\\/Winter 2014-2015\",\"created_timestamp\":\"January 28, 2014 9:27 pm\",\"copyright\":\"PHOTOGRAPH FOR EDITORIAL USE ONLY\",\"focal_length\":\"260 mm\",\"iso\":1600,\"shutter_speed\":\"1\\\/400 sec\",\"flash\":false,\"title\":\"Ready to Wear Fall\\\/Winter 2014-2015\",\"keywords\":\"2014-2015,Fall\\\/Winter,Ready to Wear\",\"width\":480,\"height\":720,\"saved\":true,\"thumbnail\":{\"width\":220,\"height\":220},\"webview\":{\"0\":480,\"1\":720,\"2\":2,\"3\":\"width=\\\"480\\\" height=\\\"720\\\"\",\"bits\":8,\"channels\":3,\"mime\":\"image\\\/jpeg\"},\"views\":\"13\",\"likes\":\"0\"},\"title\":\"Ready to Wear Fall\\\/Winter 2014-2015\",\"description\":\"<p>Ready to Wear Fall\\\/Winter 2014-2015<\\\/p>\",\"link\":null,\"link_target\":\"\",\"download\":\"https:\\\/\\\/bobvarela.com\\\/wp-content\\\/flagallery\\\/desigual-080-barcelona-jan-14\\\/desigual_030.jpg\",\"ratio\":0.66666666666666662965923251249478198587894439697265625},{\"id\":\"14618\",\"image\":\"https:\\\/\\\/bobvarela.com\\\/wp-content\\\/flagallery\\\/desigual-080-barcelona-jan-14\\\/webview\\\/desigual_031.jpg\",\"thumb\":\"https:\\\/\\\/bobvarela.com\\\/wp-content\\\/flagallery\\\/desigual-080-barcelona-jan-14\\\/thumbs\\\/thumbs_desigual_031.jpg\",\"file\":\"desigual_031.jpg\",\"meta\":{\"aperture\":\"F 4\",\"credit\":false,\"camera\":\"Canon EOS-1D Mark IV\",\"caption\":\"Ready to Wear Fall\\\/Winter 2014-2015\",\"created_timestamp\":\"January 28, 2014 9:27 pm\",\"copyright\":\"PHOTOGRAPH FOR EDITORIAL USE ONLY\",\"focal_length\":\"175 mm\",\"iso\":1600,\"shutter_speed\":\"1\\\/400 sec\",\"flash\":false,\"title\":\"Ready to Wear Fall\\\/Winter 2014-2015\",\"keywords\":\"2014-2015,Fall\\\/Winter,Ready to Wear\",\"width\":480,\"height\":720,\"saved\":true,\"thumbnail\":{\"width\":220,\"height\":220},\"webview\":{\"0\":480,\"1\":720,\"2\":2,\"3\":\"width=\\\"480\\\" height=\\\"720\\\"\",\"bits\":8,\"channels\":3,\"mime\":\"image\\\/jpeg\"},\"views\":\"11\",\"likes\":\"0\"},\"title\":\"Ready to Wear Fall\\\/Winter 2014-2015\",\"description\":\"<p>Ready to Wear Fall\\\/Winter 2014-2015<\\\/p>\",\"link\":null,\"link_target\":\"\",\"download\":\"https:\\\/\\\/bobvarela.com\\\/wp-content\\\/flagallery\\\/desigual-080-barcelona-jan-14\\\/desigual_031.jpg\",\"ratio\":0.66666666666666662965923251249478198587894439697265625},{\"id\":\"14619\",\"image\":\"https:\\\/\\\/bobvarela.com\\\/wp-content\\\/flagallery\\\/desigual-080-barcelona-jan-14\\\/webview\\\/desigual_032.jpg\",\"thumb\":\"https:\\\/\\\/bobvarela.com\\\/wp-content\\\/flagallery\\\/desigual-080-barcelona-jan-14\\\/thumbs\\\/thumbs_desigual_032.jpg\",\"file\":\"desigual_032.jpg\",\"meta\":{\"aperture\":\"F 4\",\"credit\":false,\"camera\":\"Canon EOS-1D Mark IV\",\"caption\":\"Ready to Wear Fall\\\/Winter 2014-2015\",\"created_timestamp\":\"January 28, 2014 9:27 pm\",\"copyright\":\"PHOTOGRAPH FOR EDITORIAL USE ONLY\",\"focal_length\":\"238 mm\",\"iso\":1600,\"shutter_speed\":\"1\\\/320 sec\",\"flash\":false,\"title\":\"Ready to Wear Fall\\\/Winter 2014-2015\",\"keywords\":\"2014-2015,Fall\\\/Winter,Ready to Wear\",\"width\":480,\"height\":720,\"saved\":true,\"thumbnail\":{\"width\":220,\"height\":220},\"webview\":{\"0\":480,\"1\":720,\"2\":2,\"3\":\"width=\\\"480\\\" height=\\\"720\\\"\",\"bits\":8,\"channels\":3,\"mime\":\"image\\\/jpeg\"},\"views\":\"12\",\"likes\":\"0\"},\"title\":\"Ready to Wear Fall\\\/Winter 2014-2015\",\"description\":\"<p>Ready to Wear Fall\\\/Winter 2014-2015<\\\/p>\",\"link\":null,\"link_target\":\"\",\"download\":\"https:\\\/\\\/bobvarela.com\\\/wp-content\\\/flagallery\\\/desigual-080-barcelona-jan-14\\\/desigual_032.jpg\",\"ratio\":0.66666666666666662965923251249478198587894439697265625},{\"id\":\"14620\",\"image\":\"https:\\\/\\\/bobvarela.com\\\/wp-content\\\/flagallery\\\/desigual-080-barcelona-jan-14\\\/webview\\\/desigual_035.jpg\",\"thumb\":\"https:\\\/\\\/bobvarela.com\\\/wp-content\\\/flagallery\\\/desigual-080-barcelona-jan-14\\\/thumbs\\\/thumbs_desigual_035.jpg\",\"file\":\"desigual_035.jpg\",\"meta\":{\"aperture\":\"F 4\",\"credit\":false,\"camera\":\"Canon EOS-1D Mark IV\",\"caption\":\"Ready to Wear Fall\\\/Winter 2014-2015\",\"created_timestamp\":\"January 28, 2014 9:27 pm\",\"copyright\":\"PHOTOGRAPH FOR EDITORIAL USE ONLY\",\"focal_length\":\"203 mm\",\"iso\":1600,\"shutter_speed\":\"1\\\/400 sec\",\"flash\":false,\"title\":\"Ready to Wear Fall\\\/Winter 2014-2015\",\"keywords\":\"2014-2015,Fall\\\/Winter,Ready to Wear\",\"width\":480,\"height\":720,\"saved\":true,\"thumbnail\":{\"width\":220,\"height\":220},\"webview\":{\"0\":480,\"1\":720,\"2\":2,\"3\":\"width=\\\"480\\\" height=\\\"720\\\"\",\"bits\":8,\"channels\":3,\"mime\":\"image\\\/jpeg\"},\"views\":\"13\",\"likes\":\"0\"},\"title\":\"Ready to Wear Fall\\\/Winter 2014-2015\",\"description\":\"<p>Ready to Wear Fall\\\/Winter 2014-2015<\\\/p>\",\"link\":null,\"link_target\":\"\",\"download\":\"https:\\\/\\\/bobvarela.com\\\/wp-content\\\/flagallery\\\/desigual-080-barcelona-jan-14\\\/desigual_035.jpg\",\"ratio\":0.66666666666666662965923251249478198587894439697265625},{\"id\":\"14621\",\"image\":\"https:\\\/\\\/bobvarela.com\\\/wp-content\\\/flagallery\\\/desigual-080-barcelona-jan-14\\\/webview\\\/desigual_036.jpg\",\"thumb\":\"https:\\\/\\\/bobvarela.com\\\/wp-content\\\/flagallery\\\/desigual-080-barcelona-jan-14\\\/thumbs\\\/thumbs_desigual_036.jpg\",\"file\":\"desigual_036.jpg\",\"meta\":{\"aperture\":\"F 4\",\"credit\":false,\"camera\":\"Canon EOS-1D Mark IV\",\"caption\":\"Ready to Wear Fall\\\/Winter 2014-2015\",\"created_timestamp\":\"January 28, 2014 9:27 pm\",\"copyright\":\"PHOTOGRAPH FOR EDITORIAL USE ONLY\",\"focal_length\":\"280 mm\",\"iso\":1600,\"shutter_speed\":\"1\\\/320 sec\",\"flash\":false,\"title\":\"Ready to Wear Fall\\\/Winter 2014-2015\",\"keywords\":\"2014-2015,Fall\\\/Winter,Ready to Wear\",\"width\":480,\"height\":720,\"saved\":true,\"thumbnail\":{\"width\":220,\"height\":220},\"webview\":{\"0\":480,\"1\":720,\"2\":2,\"3\":\"width=\\\"480\\\" height=\\\"720\\\"\",\"bits\":8,\"channels\":3,\"mime\":\"image\\\/jpeg\"},\"views\":\"13\",\"likes\":\"0\"},\"title\":\"Ready to Wear Fall\\\/Winter 2014-2015\",\"description\":\"<p>Ready to Wear Fall\\\/Winter 2014-2015<\\\/p>\",\"link\":null,\"link_target\":\"\",\"download\":\"https:\\\/\\\/bobvarela.com\\\/wp-content\\\/flagallery\\\/desigual-080-barcelona-jan-14\\\/desigual_036.jpg\",\"ratio\":0.66666666666666662965923251249478198587894439697265625},{\"id\":\"14622\",\"image\":\"https:\\\/\\\/bobvarela.com\\\/wp-content\\\/flagallery\\\/desigual-080-barcelona-jan-14\\\/webview\\\/desigual_040.jpg\",\"thumb\":\"https:\\\/\\\/bobvarela.com\\\/wp-content\\\/flagallery\\\/desigual-080-barcelona-jan-14\\\/thumbs\\\/thumbs_desigual_040.jpg\",\"file\":\"desigual_040.jpg\",\"meta\":{\"aperture\":\"F 4\",\"credit\":false,\"camera\":\"Canon EOS-1D Mark IV\",\"caption\":\"Ready to Wear Fall\\\/Winter 2014-2015\",\"created_timestamp\":\"January 28, 2014 9:28 pm\",\"copyright\":\"PHOTOGRAPH FOR EDITORIAL USE ONLY\",\"focal_length\":\"280 mm\",\"iso\":1600,\"shutter_speed\":\"1\\\/320 sec\",\"flash\":false,\"title\":\"Ready to Wear Fall\\\/Winter 2014-2015\",\"keywords\":\"2014-2015,Fall\\\/Winter,Ready to Wear\",\"width\":480,\"height\":720,\"saved\":true,\"thumbnail\":{\"width\":220,\"height\":220},\"webview\":{\"0\":480,\"1\":720,\"2\":2,\"3\":\"width=\\\"480\\\" height=\\\"720\\\"\",\"bits\":8,\"channels\":3,\"mime\":\"image\\\/jpeg\"},\"views\":\"9\",\"likes\":\"0\"},\"title\":\"Ready to Wear Fall\\\/Winter 2014-2015\",\"description\":\"<p>Ready to Wear Fall\\\/Winter 2014-2015<\\\/p>\",\"link\":null,\"link_target\":\"\",\"download\":\"https:\\\/\\\/bobvarela.com\\\/wp-content\\\/flagallery\\\/desigual-080-barcelona-jan-14\\\/desigual_040.jpg\",\"ratio\":0.66666666666666662965923251249478198587894439697265625},{\"id\":\"14623\",\"image\":\"https:\\\/\\\/bobvarela.com\\\/wp-content\\\/flagallery\\\/desigual-080-barcelona-jan-14\\\/webview\\\/desigual_042.jpg\",\"thumb\":\"https:\\\/\\\/bobvarela.com\\\/wp-content\\\/flagallery\\\/desigual-080-barcelona-jan-14\\\/thumbs\\\/thumbs_desigual_042.jpg\",\"file\":\"desigual_042.jpg\",\"meta\":{\"aperture\":\"F 4\",\"credit\":false,\"camera\":\"Canon EOS-1D Mark IV\",\"caption\":\"Ready to Wear Fall\\\/Winter 2014-2015\",\"created_timestamp\":\"January 28, 2014 9:28 pm\",\"copyright\":\"PHOTOGRAPH FOR EDITORIAL USE ONLY\",\"focal_length\":\"137 mm\",\"iso\":1600,\"shutter_speed\":\"1\\\/400 sec\",\"flash\":false,\"title\":\"Ready to Wear Fall\\\/Winter 2014-2015\",\"keywords\":\"2014-2015,Fall\\\/Winter,Ready to Wear\",\"width\":480,\"height\":720,\"saved\":true,\"thumbnail\":{\"width\":220,\"height\":220},\"webview\":{\"0\":480,\"1\":720,\"2\":2,\"3\":\"width=\\\"480\\\" height=\\\"720\\\"\",\"bits\":8,\"channels\":3,\"mime\":\"image\\\/jpeg\"},\"views\":\"11\",\"likes\":\"0\"},\"title\":\"Ready to Wear Fall\\\/Winter 2014-2015\",\"description\":\"<p>Ready to Wear Fall\\\/Winter 2014-2015<\\\/p>\",\"link\":null,\"link_target\":\"\",\"download\":\"https:\\\/\\\/bobvarela.com\\\/wp-content\\\/flagallery\\\/desigual-080-barcelona-jan-14\\\/desigual_042.jpg\",\"ratio\":0.66666666666666662965923251249478198587894439697265625},{\"id\":\"14624\",\"image\":\"https:\\\/\\\/bobvarela.com\\\/wp-content\\\/flagallery\\\/desigual-080-barcelona-jan-14\\\/webview\\\/desigual_044.jpg\",\"thumb\":\"https:\\\/\\\/bobvarela.com\\\/wp-content\\\/flagallery\\\/desigual-080-barcelona-jan-14\\\/thumbs\\\/thumbs_desigual_044.jpg\",\"file\":\"desigual_044.jpg\",\"meta\":{\"aperture\":\"F 4\",\"credit\":false,\"camera\":\"Canon EOS-1D Mark IV\",\"caption\":\"Ready to Wear Fall\\\/Winter 2014-2015\",\"created_timestamp\":\"January 28, 2014 9:28 pm\",\"copyright\":\"PHOTOGRAPH FOR EDITORIAL USE ONLY\",\"focal_length\":\"225 mm\",\"iso\":1600,\"shutter_speed\":\"1\\\/400 sec\",\"flash\":false,\"title\":\"Ready to Wear Fall\\\/Winter 2014-2015\",\"keywords\":\"2014-2015,Fall\\\/Winter,Ready to Wear\",\"width\":480,\"height\":720,\"saved\":true,\"thumbnail\":{\"width\":220,\"height\":220},\"webview\":{\"0\":480,\"1\":720,\"2\":2,\"3\":\"width=\\\"480\\\" height=\\\"720\\\"\",\"bits\":8,\"channels\":3,\"mime\":\"image\\\/jpeg\"},\"views\":\"12\",\"likes\":\"0\"},\"title\":\"Ready to Wear Fall\\\/Winter 2014-2015\",\"description\":\"<p>Ready to Wear Fall\\\/Winter 2014-2015<\\\/p>\",\"link\":null,\"link_target\":\"\",\"download\":\"https:\\\/\\\/bobvarela.com\\\/wp-content\\\/flagallery\\\/desigual-080-barcelona-jan-14\\\/desigual_044.jpg\",\"ratio\":0.66666666666666662965923251249478198587894439697265625},{\"id\":\"14625\",\"image\":\"https:\\\/\\\/bobvarela.com\\\/wp-content\\\/flagallery\\\/desigual-080-barcelona-jan-14\\\/webview\\\/desigual_046.jpg\",\"thumb\":\"https:\\\/\\\/bobvarela.com\\\/wp-content\\\/flagallery\\\/desigual-080-barcelona-jan-14\\\/thumbs\\\/thumbs_desigual_046.jpg\",\"file\":\"desigual_046.jpg\",\"meta\":{\"aperture\":\"F 4\",\"credit\":false,\"camera\":\"Canon EOS-1D Mark IV\",\"caption\":\"Ready to Wear Fall\\\/Winter 2014-2015\",\"created_timestamp\":\"January 28, 2014 9:29 pm\",\"copyright\":\"PHOTOGRAPH FOR EDITORIAL USE ONLY\",\"focal_length\":\"217 mm\",\"iso\":1600,\"shutter_speed\":\"1\\\/400 sec\",\"flash\":false,\"title\":\"Ready to Wear Fall\\\/Winter 2014-2015\",\"keywords\":\"2014-2015,Fall\\\/Winter,Ready to Wear\",\"width\":480,\"height\":720,\"saved\":true,\"thumbnail\":{\"width\":220,\"height\":220},\"webview\":{\"0\":480,\"1\":720,\"2\":2,\"3\":\"width=\\\"480\\\" height=\\\"720\\\"\",\"bits\":8,\"channels\":3,\"mime\":\"image\\\/jpeg\"},\"views\":\"9\",\"likes\":\"0\"},\"title\":\"Ready to Wear Fall\\\/Winter 2014-2015\",\"description\":\"<p>Ready to Wear Fall\\\/Winter 2014-2015<\\\/p>\",\"link\":null,\"link_target\":\"\",\"download\":\"https:\\\/\\\/bobvarela.com\\\/wp-content\\\/flagallery\\\/desigual-080-barcelona-jan-14\\\/desigual_046.jpg\",\"ratio\":0.66666666666666662965923251249478198587894439697265625},{\"id\":\"14626\",\"image\":\"https:\\\/\\\/bobvarela.com\\\/wp-content\\\/flagallery\\\/desigual-080-barcelona-jan-14\\\/webview\\\/desigual_049.jpg\",\"thumb\":\"https:\\\/\\\/bobvarela.com\\\/wp-content\\\/flagallery\\\/desigual-080-barcelona-jan-14\\\/thumbs\\\/thumbs_desigual_049.jpg\",\"file\":\"desigual_049.jpg\",\"meta\":{\"aperture\":\"F 4\",\"credit\":false,\"camera\":\"Canon EOS-1D Mark IV\",\"caption\":\"Ready to Wear Fall\\\/Winter 2014-2015\",\"created_timestamp\":\"January 28, 2014 9:29 pm\",\"copyright\":\"PHOTOGRAPH FOR EDITORIAL USE ONLY\",\"focal_length\":\"252 mm\",\"iso\":1600,\"shutter_speed\":\"1\\\/320 sec\",\"flash\":false,\"title\":\"Ready to Wear Fall\\\/Winter 2014-2015\",\"keywords\":\"2014-2015,Fall\\\/Winter,Ready to Wear\",\"width\":480,\"height\":720,\"saved\":true,\"thumbnail\":{\"width\":220,\"height\":220},\"webview\":{\"0\":480,\"1\":720,\"2\":2,\"3\":\"width=\\\"480\\\" height=\\\"720\\\"\",\"bits\":8,\"channels\":3,\"mime\":\"image\\\/jpeg\"},\"views\":\"10\",\"likes\":\"0\"},\"title\":\"Ready to Wear Fall\\\/Winter 2014-2015\",\"description\":\"<p>Ready to Wear Fall\\\/Winter 2014-2015<\\\/p>\",\"link\":null,\"link_target\":\"\",\"download\":\"https:\\\/\\\/bobvarela.com\\\/wp-content\\\/flagallery\\\/desigual-080-barcelona-jan-14\\\/desigual_049.jpg\",\"ratio\":0.66666666666666662965923251249478198587894439697265625},{\"id\":\"14627\",\"image\":\"https:\\\/\\\/bobvarela.com\\\/wp-content\\\/flagallery\\\/desigual-080-barcelona-jan-14\\\/webview\\\/desigual_050.jpg\",\"thumb\":\"https:\\\/\\\/bobvarela.com\\\/wp-content\\\/flagallery\\\/desigual-080-barcelona-jan-14\\\/thumbs\\\/thumbs_desigual_050.jpg\",\"file\":\"desigual_050.jpg\",\"meta\":{\"aperture\":\"F 4\",\"credit\":false,\"camera\":\"Canon EOS-1D Mark IV\",\"caption\":\"Ready to Wear Fall\\\/Winter 2014-2015\",\"created_timestamp\":\"January 28, 2014 9:29 pm\",\"copyright\":\"PHOTOGRAPH FOR EDITORIAL USE ONLY\",\"focal_length\":\"217 mm\",\"iso\":1600,\"shutter_speed\":\"1\\\/400 sec\",\"flash\":false,\"title\":\"Ready to Wear Fall\\\/Winter 2014-2015\",\"keywords\":\"2014-2015,Fall\\\/Winter,Ready to Wear\",\"width\":480,\"height\":720,\"saved\":true,\"thumbnail\":{\"width\":220,\"height\":220},\"webview\":{\"0\":480,\"1\":720,\"2\":2,\"3\":\"width=\\\"480\\\" height=\\\"720\\\"\",\"bits\":8,\"channels\":3,\"mime\":\"image\\\/jpeg\"},\"views\":\"9\",\"likes\":\"0\"},\"title\":\"Ready to Wear Fall\\\/Winter 2014-2015\",\"description\":\"<p>Ready to Wear Fall\\\/Winter 2014-2015<\\\/p>\",\"link\":null,\"link_target\":\"\",\"download\":\"https:\\\/\\\/bobvarela.com\\\/wp-content\\\/flagallery\\\/desigual-080-barcelona-jan-14\\\/desigual_050.jpg\",\"ratio\":0.66666666666666662965923251249478198587894439697265625},{\"id\":\"14628\",\"image\":\"https:\\\/\\\/bobvarela.com\\\/wp-content\\\/flagallery\\\/desigual-080-barcelona-jan-14\\\/webview\\\/desigual_052.jpg\",\"thumb\":\"https:\\\/\\\/bobvarela.com\\\/wp-content\\\/flagallery\\\/desigual-080-barcelona-jan-14\\\/thumbs\\\/thumbs_desigual_052.jpg\",\"file\":\"desigual_052.jpg\",\"meta\":{\"aperture\":\"F 4\",\"credit\":false,\"camera\":\"Canon EOS-1D Mark IV\",\"caption\":\"Ready to Wear Fall\\\/Winter 2014-2015\",\"created_timestamp\":\"January 28, 2014 9:29 pm\",\"copyright\":\"PHOTOGRAPH FOR EDITORIAL USE ONLY\",\"focal_length\":\"150 mm\",\"iso\":1600,\"shutter_speed\":\"1\\\/400 sec\",\"flash\":false,\"title\":\"Ready to Wear Fall\\\/Winter 2014-2015\",\"keywords\":\"2014-2015,Fall\\\/Winter,Ready to Wear\",\"width\":480,\"height\":720,\"saved\":true,\"thumbnail\":{\"width\":220,\"height\":220},\"webview\":{\"0\":480,\"1\":720,\"2\":2,\"3\":\"width=\\\"480\\\" height=\\\"720\\\"\",\"bits\":8,\"channels\":3,\"mime\":\"image\\\/jpeg\"},\"views\":\"12\",\"likes\":\"0\"},\"title\":\"Ready to Wear Fall\\\/Winter 2014-2015\",\"description\":\"<p>Ready to Wear Fall\\\/Winter 2014-2015<\\\/p>\",\"link\":null,\"link_target\":\"\",\"download\":\"https:\\\/\\\/bobvarela.com\\\/wp-content\\\/flagallery\\\/desigual-080-barcelona-jan-14\\\/desigual_052.jpg\",\"ratio\":0.66666666666666662965923251249478198587894439697265625},{\"id\":\"14629\",\"image\":\"https:\\\/\\\/bobvarela.com\\\/wp-content\\\/flagallery\\\/desigual-080-barcelona-jan-14\\\/webview\\\/desigual_053.jpg\",\"thumb\":\"https:\\\/\\\/bobvarela.com\\\/wp-content\\\/flagallery\\\/desigual-080-barcelona-jan-14\\\/thumbs\\\/thumbs_desigual_053.jpg\",\"file\":\"desigual_053.jpg\",\"meta\":{\"aperture\":\"F 4\",\"credit\":false,\"camera\":\"Canon EOS-1D Mark IV\",\"caption\":\"Ready to Wear Fall\\\/Winter 2014-2015\",\"created_timestamp\":\"January 28, 2014 9:30 pm\",\"copyright\":\"PHOTOGRAPH FOR EDITORIAL USE ONLY\",\"focal_length\":\"168 mm\",\"iso\":1600,\"shutter_speed\":\"1\\\/400 sec\",\"flash\":false,\"title\":\"Ready to Wear Fall\\\/Winter 2014-2015\",\"keywords\":\"2014-2015,Fall\\\/Winter,Ready to Wear\",\"width\":480,\"height\":720,\"saved\":true,\"thumbnail\":{\"width\":220,\"height\":220},\"webview\":{\"0\":480,\"1\":720,\"2\":2,\"3\":\"width=\\\"480\\\" height=\\\"720\\\"\",\"bits\":8,\"channels\":3,\"mime\":\"image\\\/jpeg\"},\"views\":\"8\",\"likes\":\"0\"},\"title\":\"Ready to Wear Fall\\\/Winter 2014-2015\",\"description\":\"<p>Ready to Wear Fall\\\/Winter 2014-2015<\\\/p>\",\"link\":null,\"link_target\":\"\",\"download\":\"https:\\\/\\\/bobvarela.com\\\/wp-content\\\/flagallery\\\/desigual-080-barcelona-jan-14\\\/desigual_053.jpg\",\"ratio\":0.66666666666666662965923251249478198587894439697265625},{\"id\":\"14630\",\"image\":\"https:\\\/\\\/bobvarela.com\\\/wp-content\\\/flagallery\\\/desigual-080-barcelona-jan-14\\\/webview\\\/desigual_056.jpg\",\"thumb\":\"https:\\\/\\\/bobvarela.com\\\/wp-content\\\/flagallery\\\/desigual-080-barcelona-jan-14\\\/thumbs\\\/thumbs_desigual_056.jpg\",\"file\":\"desigual_056.jpg\",\"meta\":{\"aperture\":\"F 4\",\"credit\":false,\"camera\":\"Canon EOS-1D Mark IV\",\"caption\":\"Ready to Wear Fall\\\/Winter 2014-2015\",\"created_timestamp\":\"January 28, 2014 9:30 pm\",\"copyright\":\"PHOTOGRAPH FOR EDITORIAL USE ONLY\",\"focal_length\":\"280 mm\",\"iso\":1600,\"shutter_speed\":\"1\\\/400 sec\",\"flash\":false,\"title\":\"Ready to Wear Fall\\\/Winter 2014-2015\",\"keywords\":\"2014-2015,Fall\\\/Winter,Ready to Wear\",\"width\":480,\"height\":720,\"saved\":true,\"thumbnail\":{\"width\":220,\"height\":220},\"webview\":{\"0\":480,\"1\":720,\"2\":2,\"3\":\"width=\\\"480\\\" height=\\\"720\\\"\",\"bits\":8,\"channels\":3,\"mime\":\"image\\\/jpeg\"},\"views\":\"11\",\"likes\":\"0\"},\"title\":\"Ready to Wear Fall\\\/Winter 2014-2015\",\"description\":\"<p>Ready to Wear Fall\\\/Winter 2014-2015<\\\/p>\",\"link\":null,\"link_target\":\"\",\"download\":\"https:\\\/\\\/bobvarela.com\\\/wp-content\\\/flagallery\\\/desigual-080-barcelona-jan-14\\\/desigual_056.jpg\",\"ratio\":0.66666666666666662965923251249478198587894439697265625},{\"id\":\"14631\",\"image\":\"https:\\\/\\\/bobvarela.com\\\/wp-content\\\/flagallery\\\/desigual-080-barcelona-jan-14\\\/webview\\\/desigual_058.jpg\",\"thumb\":\"https:\\\/\\\/bobvarela.com\\\/wp-content\\\/flagallery\\\/desigual-080-barcelona-jan-14\\\/thumbs\\\/thumbs_desigual_058.jpg\",\"file\":\"desigual_058.jpg\",\"meta\":{\"aperture\":\"F 4\",\"credit\":false,\"camera\":\"Canon EOS-1D Mark IV\",\"caption\":\"Ready to Wear Fall\\\/Winter 2014-2015\",\"created_timestamp\":\"January 28, 2014 9:30 pm\",\"copyright\":\"PHOTOGRAPH FOR EDITORIAL USE ONLY\",\"focal_length\":\"252 mm\",\"iso\":1600,\"shutter_speed\":\"1\\\/400 sec\",\"flash\":false,\"title\":\"Ready to Wear Fall\\\/Winter 2014-2015\",\"keywords\":\"2014-2015,Fall\\\/Winter,Ready to Wear\",\"width\":480,\"height\":720,\"saved\":true,\"thumbnail\":{\"width\":220,\"height\":220},\"webview\":{\"0\":480,\"1\":720,\"2\":2,\"3\":\"width=\\\"480\\\" height=\\\"720\\\"\",\"bits\":8,\"channels\":3,\"mime\":\"image\\\/jpeg\"},\"views\":\"8\",\"likes\":\"0\"},\"title\":\"Ready to Wear Fall\\\/Winter 2014-2015\",\"description\":\"<p>Ready to Wear Fall\\\/Winter 2014-2015<\\\/p>\",\"link\":null,\"link_target\":\"\",\"download\":\"https:\\\/\\\/bobvarela.com\\\/wp-content\\\/flagallery\\\/desigual-080-barcelona-jan-14\\\/desigual_058.jpg\",\"ratio\":0.66666666666666662965923251249478198587894439697265625},{\"id\":\"14632\",\"image\":\"https:\\\/\\\/bobvarela.com\\\/wp-content\\\/flagallery\\\/desigual-080-barcelona-jan-14\\\/webview\\\/desigual_060.jpg\",\"thumb\":\"https:\\\/\\\/bobvarela.com\\\/wp-content\\\/flagallery\\\/desigual-080-barcelona-jan-14\\\/thumbs\\\/thumbs_desigual_060.jpg\",\"file\":\"desigual_060.jpg\",\"meta\":{\"aperture\":\"F 4\",\"credit\":false,\"camera\":\"Canon EOS-1D Mark IV\",\"caption\":\"Ready to Wear Fall\\\/Winter 2014-2015\",\"created_timestamp\":\"January 28, 2014 9:31 pm\",\"copyright\":\"PHOTOGRAPH FOR EDITORIAL USE ONLY\",\"focal_length\":\"225 mm\",\"iso\":1600,\"shutter_speed\":\"1\\\/400 sec\",\"flash\":false,\"title\":\"Ready to Wear Fall\\\/Winter 2014-2015\",\"keywords\":\"2014-2015,Fall\\\/Winter,Ready to Wear\",\"width\":480,\"height\":720,\"saved\":true,\"thumbnail\":{\"width\":220,\"height\":220},\"webview\":{\"0\":480,\"1\":720,\"2\":2,\"3\":\"width=\\\"480\\\" height=\\\"720\\\"\",\"bits\":8,\"channels\":3,\"mime\":\"image\\\/jpeg\"},\"views\":\"10\",\"likes\":\"0\"},\"title\":\"Ready to Wear Fall\\\/Winter 2014-2015\",\"description\":\"<p>Ready to Wear Fall\\\/Winter 2014-2015<\\\/p>\",\"link\":null,\"link_target\":\"\",\"download\":\"https:\\\/\\\/bobvarela.com\\\/wp-content\\\/flagallery\\\/desigual-080-barcelona-jan-14\\\/desigual_060.jpg\",\"ratio\":0.66666666666666662965923251249478198587894439697265625},{\"id\":\"14633\",\"image\":\"https:\\\/\\\/bobvarela.com\\\/wp-content\\\/flagallery\\\/desigual-080-barcelona-jan-14\\\/webview\\\/desigual_061.jpg\",\"thumb\":\"https:\\\/\\\/bobvarela.com\\\/wp-content\\\/flagallery\\\/desigual-080-barcelona-jan-14\\\/thumbs\\\/thumbs_desigual_061.jpg\",\"file\":\"desigual_061.jpg\",\"meta\":{\"aperture\":\"F 4\",\"credit\":false,\"camera\":\"Canon EOS-1D Mark IV\",\"caption\":\"Ready to Wear Fall\\\/Winter 2014-2015\",\"created_timestamp\":\"January 28, 2014 9:31 pm\",\"copyright\":\"PHOTOGRAPH FOR EDITORIAL USE ONLY\",\"focal_length\":\"245 mm\",\"iso\":1600,\"shutter_speed\":\"1\\\/320 sec\",\"flash\":false,\"title\":\"Ready to Wear Fall\\\/Winter 2014-2015\",\"keywords\":\"2014-2015,Fall\\\/Winter,Ready to Wear\",\"width\":480,\"height\":720,\"saved\":true,\"thumbnail\":{\"width\":220,\"height\":220},\"webview\":{\"0\":480,\"1\":720,\"2\":2,\"3\":\"width=\\\"480\\\" height=\\\"720\\\"\",\"bits\":8,\"channels\":3,\"mime\":\"image\\\/jpeg\"},\"views\":\"8\",\"likes\":\"0\"},\"title\":\"Ready to Wear Fall\\\/Winter 2014-2015\",\"description\":\"<p>Ready to Wear Fall\\\/Winter 2014-2015<\\\/p>\",\"link\":null,\"link_target\":\"\",\"download\":\"https:\\\/\\\/bobvarela.com\\\/wp-content\\\/flagallery\\\/desigual-080-barcelona-jan-14\\\/desigual_061.jpg\",\"ratio\":0.66666666666666662965923251249478198587894439697265625},{\"id\":\"14634\",\"image\":\"https:\\\/\\\/bobvarela.com\\\/wp-content\\\/flagallery\\\/desigual-080-barcelona-jan-14\\\/webview\\\/desigual_064.jpg\",\"thumb\":\"https:\\\/\\\/bobvarela.com\\\/wp-content\\\/flagallery\\\/desigual-080-barcelona-jan-14\\\/thumbs\\\/thumbs_desigual_064.jpg\",\"file\":\"desigual_064.jpg\",\"meta\":{\"aperture\":\"F 4\",\"credit\":false,\"camera\":\"Canon EOS-1D Mark IV\",\"caption\":\"Ready to Wear Fall\\\/Winter 2014-2015\",\"created_timestamp\":\"January 28, 2014 9:31 pm\",\"copyright\":\"PHOTOGRAPH FOR EDITORIAL USE ONLY\",\"focal_length\":\"190 mm\",\"iso\":1600,\"shutter_speed\":\"1\\\/400 sec\",\"flash\":false,\"title\":\"Ready to Wear Fall\\\/Winter 2014-2015\",\"keywords\":\"2014-2015,Fall\\\/Winter,Ready to Wear\",\"width\":480,\"height\":720,\"saved\":true,\"thumbnail\":{\"width\":220,\"height\":220},\"webview\":{\"0\":480,\"1\":720,\"2\":2,\"3\":\"width=\\\"480\\\" height=\\\"720\\\"\",\"bits\":8,\"channels\":3,\"mime\":\"image\\\/jpeg\"},\"views\":\"10\",\"likes\":\"0\"},\"title\":\"Ready to Wear Fall\\\/Winter 2014-2015\",\"description\":\"<p>Ready to Wear Fall\\\/Winter 2014-2015<\\\/p>\",\"link\":null,\"link_target\":\"\",\"download\":\"https:\\\/\\\/bobvarela.com\\\/wp-content\\\/flagallery\\\/desigual-080-barcelona-jan-14\\\/desigual_064.jpg\",\"ratio\":0.66666666666666662965923251249478198587894439697265625},{\"id\":\"14635\",\"image\":\"https:\\\/\\\/bobvarela.com\\\/wp-content\\\/flagallery\\\/desigual-080-barcelona-jan-14\\\/webview\\\/desigual_066.jpg\",\"thumb\":\"https:\\\/\\\/bobvarela.com\\\/wp-content\\\/flagallery\\\/desigual-080-barcelona-jan-14\\\/thumbs\\\/thumbs_desigual_066.jpg\",\"file\":\"desigual_066.jpg\",\"meta\":{\"aperture\":\"F 4\",\"credit\":false,\"camera\":\"Canon EOS-1D Mark IV\",\"caption\":\"Ready to Wear Fall\\\/Winter 2014-2015\",\"created_timestamp\":\"January 28, 2014 9:31 pm\",\"copyright\":\"PHOTOGRAPH FOR EDITORIAL USE ONLY\",\"focal_length\":\"225 mm\",\"iso\":1600,\"shutter_speed\":\"1\\\/320 sec\",\"flash\":false,\"title\":\"Ready to Wear Fall\\\/Winter 2014-2015\",\"keywords\":\"2014-2015,Fall\\\/Winter,Ready to Wear\",\"width\":480,\"height\":720,\"saved\":true,\"thumbnail\":{\"width\":220,\"height\":220},\"webview\":{\"0\":480,\"1\":720,\"2\":2,\"3\":\"width=\\\"480\\\" height=\\\"720\\\"\",\"bits\":8,\"channels\":3,\"mime\":\"image\\\/jpeg\"},\"views\":\"9\",\"likes\":\"0\"},\"title\":\"Ready to Wear Fall\\\/Winter 2014-2015\",\"description\":\"<p>Ready to Wear Fall\\\/Winter 2014-2015<\\\/p>\",\"link\":null,\"link_target\":\"\",\"download\":\"https:\\\/\\\/bobvarela.com\\\/wp-content\\\/flagallery\\\/desigual-080-barcelona-jan-14\\\/desigual_066.jpg\",\"ratio\":0.66666666666666662965923251249478198587894439697265625},{\"id\":\"14636\",\"image\":\"https:\\\/\\\/bobvarela.com\\\/wp-content\\\/flagallery\\\/desigual-080-barcelona-jan-14\\\/webview\\\/desigual_069.jpg\",\"thumb\":\"https:\\\/\\\/bobvarela.com\\\/wp-content\\\/flagallery\\\/desigual-080-barcelona-jan-14\\\/thumbs\\\/thumbs_desigual_069.jpg\",\"file\":\"desigual_069.jpg\",\"meta\":{\"aperture\":\"F 4\",\"credit\":false,\"camera\":\"Canon EOS-1D Mark IV\",\"caption\":\"Ready to Wear Fall\\\/Winter 2014-2015\",\"created_timestamp\":\"January 28, 2014 9:32 pm\",\"copyright\":\"PHOTOGRAPH FOR EDITORIAL USE ONLY\",\"focal_length\":\"280 mm\",\"iso\":1600,\"shutter_speed\":\"1\\\/400 sec\",\"flash\":false,\"title\":\"Ready to Wear Fall\\\/Winter 2014-2015\",\"keywords\":\"2014-2015,Fall\\\/Winter,Ready to Wear\",\"width\":480,\"height\":720,\"saved\":true,\"thumbnail\":{\"width\":220,\"height\":220},\"webview\":{\"0\":480,\"1\":720,\"2\":2,\"3\":\"width=\\\"480\\\" height=\\\"720\\\"\",\"bits\":8,\"channels\":3,\"mime\":\"image\\\/jpeg\"},\"views\":\"10\",\"likes\":\"0\"},\"title\":\"Ready to Wear Fall\\\/Winter 2014-2015\",\"description\":\"<p>Ready to Wear Fall\\\/Winter 2014-2015<\\\/p>\",\"link\":null,\"link_target\":\"\",\"download\":\"https:\\\/\\\/bobvarela.com\\\/wp-content\\\/flagallery\\\/desigual-080-barcelona-jan-14\\\/desigual_069.jpg\",\"ratio\":0.66666666666666662965923251249478198587894439697265625},{\"id\":\"14637\",\"image\":\"https:\\\/\\\/bobvarela.com\\\/wp-content\\\/flagallery\\\/desigual-080-barcelona-jan-14\\\/webview\\\/desigual_071.jpg\",\"thumb\":\"https:\\\/\\\/bobvarela.com\\\/wp-content\\\/flagallery\\\/desigual-080-barcelona-jan-14\\\/thumbs\\\/thumbs_desigual_071.jpg\",\"file\":\"desigual_071.jpg\",\"meta\":{\"aperture\":\"F 4\",\"credit\":false,\"camera\":\"Canon EOS-1D Mark IV\",\"caption\":\"Ready to Wear Fall\\\/Winter 2014-2015\",\"created_timestamp\":\"January 28, 2014 9:32 pm\",\"copyright\":\"PHOTOGRAPH FOR EDITORIAL USE ONLY\",\"focal_length\":\"280 mm\",\"iso\":1600,\"shutter_speed\":\"1\\\/400 sec\",\"flash\":false,\"title\":\"Ready to Wear Fall\\\/Winter 2014-2015\",\"keywords\":\"2014-2015,Fall\\\/Winter,Ready to Wear\",\"width\":480,\"height\":720,\"saved\":true,\"thumbnail\":{\"width\":220,\"height\":220},\"webview\":{\"0\":480,\"1\":720,\"2\":2,\"3\":\"width=\\\"480\\\" height=\\\"720\\\"\",\"bits\":8,\"channels\":3,\"mime\":\"image\\\/jpeg\"},\"views\":\"9\",\"likes\":\"0\"},\"title\":\"Ready to Wear Fall\\\/Winter 2014-2015\",\"description\":\"<p>Ready to Wear Fall\\\/Winter 2014-2015<\\\/p>\",\"link\":null,\"link_target\":\"\",\"download\":\"https:\\\/\\\/bobvarela.com\\\/wp-content\\\/flagallery\\\/desigual-080-barcelona-jan-14\\\/desigual_071.jpg\",\"ratio\":0.66666666666666662965923251249478198587894439697265625},{\"id\":\"14638\",\"image\":\"https:\\\/\\\/bobvarela.com\\\/wp-content\\\/flagallery\\\/desigual-080-barcelona-jan-14\\\/webview\\\/desigual_072.jpg\",\"thumb\":\"https:\\\/\\\/bobvarela.com\\\/wp-content\\\/flagallery\\\/desigual-080-barcelona-jan-14\\\/thumbs\\\/thumbs_desigual_072.jpg\",\"file\":\"desigual_072.jpg\",\"meta\":{\"aperture\":\"F 4\",\"credit\":false,\"camera\":\"Canon EOS-1D Mark IV\",\"caption\":\"Ready to Wear Fall\\\/Winter 2014-2015\",\"created_timestamp\":\"January 28, 2014 9:32 pm\",\"copyright\":\"PHOTOGRAPH FOR EDITORIAL USE ONLY\",\"focal_length\":\"175 mm\",\"iso\":1600,\"shutter_speed\":\"1\\\/400 sec\",\"flash\":false,\"title\":\"Ready to Wear Fall\\\/Winter 2014-2015\",\"keywords\":\"2014-2015,Fall\\\/Winter,Ready to Wear\",\"width\":480,\"height\":720,\"saved\":true,\"thumbnail\":{\"width\":220,\"height\":220},\"webview\":{\"0\":480,\"1\":720,\"2\":2,\"3\":\"width=\\\"480\\\" height=\\\"720\\\"\",\"bits\":8,\"channels\":3,\"mime\":\"image\\\/jpeg\"},\"views\":\"9\",\"likes\":\"0\"},\"title\":\"Ready to Wear Fall\\\/Winter 2014-2015\",\"description\":\"<p>Ready to Wear Fall\\\/Winter 2014-2015<\\\/p>\",\"link\":null,\"link_target\":\"\",\"download\":\"https:\\\/\\\/bobvarela.com\\\/wp-content\\\/flagallery\\\/desigual-080-barcelona-jan-14\\\/desigual_072.jpg\",\"ratio\":0.66666666666666662965923251249478198587894439697265625},{\"id\":\"14639\",\"image\":\"https:\\\/\\\/bobvarela.com\\\/wp-content\\\/flagallery\\\/desigual-080-barcelona-jan-14\\\/webview\\\/desigual_074.jpg\",\"thumb\":\"https:\\\/\\\/bobvarela.com\\\/wp-content\\\/flagallery\\\/desigual-080-barcelona-jan-14\\\/thumbs\\\/thumbs_desigual_074.jpg\",\"file\":\"desigual_074.jpg\",\"meta\":{\"aperture\":\"F 4\",\"credit\":false,\"camera\":\"Canon EOS-1D Mark IV\",\"caption\":\"Ready to Wear Fall\\\/Winter 2014-2015\",\"created_timestamp\":\"January 28, 2014 9:32 pm\",\"copyright\":\"PHOTOGRAPH FOR EDITORIAL USE ONLY\",\"focal_length\":\"245 mm\",\"iso\":1600,\"shutter_speed\":\"1\\\/400 sec\",\"flash\":false,\"title\":\"Ready to Wear Fall\\\/Winter 2014-2015\",\"keywords\":\"2014-2015,Fall\\\/Winter,Ready to Wear\",\"width\":480,\"height\":720,\"saved\":true,\"thumbnail\":{\"width\":220,\"height\":220},\"webview\":{\"0\":480,\"1\":720,\"2\":2,\"3\":\"width=\\\"480\\\" height=\\\"720\\\"\",\"bits\":8,\"channels\":3,\"mime\":\"image\\\/jpeg\"},\"views\":\"9\",\"likes\":\"0\"},\"title\":\"Ready to Wear Fall\\\/Winter 2014-2015\",\"description\":\"<p>Ready to Wear Fall\\\/Winter 2014-2015<\\\/p>\",\"link\":null,\"link_target\":\"\",\"download\":\"https:\\\/\\\/bobvarela.com\\\/wp-content\\\/flagallery\\\/desigual-080-barcelona-jan-14\\\/desigual_074.jpg\",\"ratio\":0.66666666666666662965923251249478198587894439697265625},{\"id\":\"14640\",\"image\":\"https:\\\/\\\/bobvarela.com\\\/wp-content\\\/flagallery\\\/desigual-080-barcelona-jan-14\\\/webview\\\/desigual_076.jpg\",\"thumb\":\"https:\\\/\\\/bobvarela.com\\\/wp-content\\\/flagallery\\\/desigual-080-barcelona-jan-14\\\/thumbs\\\/thumbs_desigual_076.jpg\",\"file\":\"desigual_076.jpg\",\"meta\":{\"aperture\":\"F 4\",\"credit\":false,\"camera\":\"Canon EOS-1D Mark IV\",\"caption\":\"Ready to Wear Fall\\\/Winter 2014-2015\",\"created_timestamp\":\"January 28, 2014 9:33 pm\",\"copyright\":\"PHOTOGRAPH FOR EDITORIAL USE ONLY\",\"focal_length\":\"230 mm\",\"iso\":1600,\"shutter_speed\":\"1\\\/400 sec\",\"flash\":false,\"title\":\"Ready to Wear Fall\\\/Winter 2014-2015\",\"keywords\":\"2014-2015,Fall\\\/Winter,Ready to Wear\",\"width\":480,\"height\":720,\"saved\":true,\"thumbnail\":{\"width\":220,\"height\":220},\"webview\":{\"0\":480,\"1\":720,\"2\":2,\"3\":\"width=\\\"480\\\" height=\\\"720\\\"\",\"bits\":8,\"channels\":3,\"mime\":\"image\\\/jpeg\"},\"views\":\"9\",\"likes\":\"0\"},\"title\":\"Ready to Wear Fall\\\/Winter 2014-2015\",\"description\":\"<p>Ready to Wear Fall\\\/Winter 2014-2015<\\\/p>\",\"link\":null,\"link_target\":\"\",\"download\":\"https:\\\/\\\/bobvarela.com\\\/wp-content\\\/flagallery\\\/desigual-080-barcelona-jan-14\\\/desigual_076.jpg\",\"ratio\":0.66666666666666662965923251249478198587894439697265625},{\"id\":\"14641\",\"image\":\"https:\\\/\\\/bobvarela.com\\\/wp-content\\\/flagallery\\\/desigual-080-barcelona-jan-14\\\/webview\\\/desigual_078.jpg\",\"thumb\":\"https:\\\/\\\/bobvarela.com\\\/wp-content\\\/flagallery\\\/desigual-080-barcelona-jan-14\\\/thumbs\\\/thumbs_desigual_078.jpg\",\"file\":\"desigual_078.jpg\",\"meta\":{\"aperture\":\"F 4\",\"credit\":false,\"camera\":\"Canon EOS-1D Mark IV\",\"caption\":\"Ready to Wear Fall\\\/Winter 2014-2015\",\"created_timestamp\":\"January 28, 2014 9:33 pm\",\"copyright\":\"PHOTOGRAPH FOR EDITORIAL USE ONLY\",\"focal_length\":\"160 mm\",\"iso\":1600,\"shutter_speed\":\"1\\\/400 sec\",\"flash\":false,\"title\":\"Ready to Wear Fall\\\/Winter 2014-2015\",\"keywords\":\"2014-2015,Fall\\\/Winter,Ready to Wear\",\"width\":480,\"height\":720,\"saved\":true,\"thumbnail\":{\"width\":220,\"height\":220},\"webview\":{\"0\":480,\"1\":720,\"2\":2,\"3\":\"width=\\\"480\\\" height=\\\"720\\\"\",\"bits\":8,\"channels\":3,\"mime\":\"image\\\/jpeg\"},\"views\":\"9\",\"likes\":\"0\"},\"title\":\"Ready to Wear Fall\\\/Winter 2014-2015\",\"description\":\"<p>Ready to Wear Fall\\\/Winter 2014-2015<\\\/p>\",\"link\":null,\"link_target\":\"\",\"download\":\"https:\\\/\\\/bobvarela.com\\\/wp-content\\\/flagallery\\\/desigual-080-barcelona-jan-14\\\/desigual_078.jpg\",\"ratio\":0.66666666666666662965923251249478198587894439697265625},{\"id\":\"14642\",\"image\":\"https:\\\/\\\/bobvarela.com\\\/wp-content\\\/flagallery\\\/desigual-080-barcelona-jan-14\\\/webview\\\/desigual_080.jpg\",\"thumb\":\"https:\\\/\\\/bobvarela.com\\\/wp-content\\\/flagallery\\\/desigual-080-barcelona-jan-14\\\/thumbs\\\/thumbs_desigual_080.jpg\",\"file\":\"desigual_080.jpg\",\"meta\":{\"aperture\":\"F 4\",\"credit\":false,\"camera\":\"Canon EOS-1D Mark IV\",\"caption\":\"Ready to Wear Fall\\\/Winter 2014-2015\",\"created_timestamp\":\"January 28, 2014 9:33 pm\",\"copyright\":\"PHOTOGRAPH FOR EDITORIAL USE ONLY\",\"focal_length\":\"230 mm\",\"iso\":1600,\"shutter_speed\":\"1\\\/400 sec\",\"flash\":false,\"title\":\"Ready to Wear Fall\\\/Winter 2014-2015\",\"keywords\":\"2014-2015,Fall\\\/Winter,Ready to Wear\",\"width\":480,\"height\":720,\"saved\":true,\"thumbnail\":{\"width\":220,\"height\":220},\"webview\":{\"0\":480,\"1\":720,\"2\":2,\"3\":\"width=\\\"480\\\" height=\\\"720\\\"\",\"bits\":8,\"channels\":3,\"mime\":\"image\\\/jpeg\"},\"views\":\"9\",\"likes\":\"0\"},\"title\":\"Ready to Wear Fall\\\/Winter 2014-2015\",\"description\":\"<p>Ready to Wear Fall\\\/Winter 2014-2015<\\\/p>\",\"link\":null,\"link_target\":\"\",\"download\":\"https:\\\/\\\/bobvarela.com\\\/wp-content\\\/flagallery\\\/desigual-080-barcelona-jan-14\\\/desigual_080.jpg\",\"ratio\":0.66666666666666662965923251249478198587894439697265625},{\"id\":\"14643\",\"image\":\"https:\\\/\\\/bobvarela.com\\\/wp-content\\\/flagallery\\\/desigual-080-barcelona-jan-14\\\/webview\\\/desigual_082.jpg\",\"thumb\":\"https:\\\/\\\/bobvarela.com\\\/wp-content\\\/flagallery\\\/desigual-080-barcelona-jan-14\\\/thumbs\\\/thumbs_desigual_082.jpg\",\"file\":\"desigual_082.jpg\",\"meta\":{\"aperture\":\"F 4\",\"credit\":false,\"camera\":\"Canon EOS-1D Mark IV\",\"caption\":\"Ready to Wear Fall\\\/Winter 2014-2015\",\"created_timestamp\":\"January 28, 2014 9:33 pm\",\"copyright\":\"PHOTOGRAPH FOR EDITORIAL USE ONLY\",\"focal_length\":\"280 mm\",\"iso\":1600,\"shutter_speed\":\"1\\\/400 sec\",\"flash\":false,\"title\":\"Ready to Wear Fall\\\/Winter 2014-2015\",\"keywords\":\"2014-2015,Fall\\\/Winter,Ready to Wear\",\"width\":480,\"height\":720,\"saved\":true,\"thumbnail\":{\"width\":220,\"height\":220},\"webview\":{\"0\":480,\"1\":720,\"2\":2,\"3\":\"width=\\\"480\\\" height=\\\"720\\\"\",\"bits\":8,\"channels\":3,\"mime\":\"image\\\/jpeg\"},\"views\":\"8\",\"likes\":\"0\"},\"title\":\"Ready to Wear Fall\\\/Winter 2014-2015\",\"description\":\"<p>Ready to Wear Fall\\\/Winter 2014-2015<\\\/p>\",\"link\":null,\"link_target\":\"\",\"download\":\"https:\\\/\\\/bobvarela.com\\\/wp-content\\\/flagallery\\\/desigual-080-barcelona-jan-14\\\/desigual_082.jpg\",\"ratio\":0.66666666666666662965923251249478198587894439697265625},{\"id\":\"14644\",\"image\":\"https:\\\/\\\/bobvarela.com\\\/wp-content\\\/flagallery\\\/desigual-080-barcelona-jan-14\\\/webview\\\/desigual_083.jpg\",\"thumb\":\"https:\\\/\\\/bobvarela.com\\\/wp-content\\\/flagallery\\\/desigual-080-barcelona-jan-14\\\/thumbs\\\/thumbs_desigual_083.jpg\",\"file\":\"desigual_083.jpg\",\"meta\":{\"aperture\":\"F 4\",\"credit\":false,\"camera\":\"Canon EOS-1D Mark IV\",\"caption\":\"Ready to Wear Fall\\\/Winter 2014-2015\",\"created_timestamp\":\"January 28, 2014 9:33 pm\",\"copyright\":\"PHOTOGRAPH FOR EDITORIAL USE ONLY\",\"focal_length\":\"225 mm\",\"iso\":1600,\"shutter_speed\":\"1\\\/320 sec\",\"flash\":false,\"title\":\"Ready to Wear Fall\\\/Winter 2014-2015\",\"keywords\":\"2014-2015,Fall\\\/Winter,Ready to Wear\",\"width\":480,\"height\":720,\"saved\":true,\"thumbnail\":{\"width\":220,\"height\":220},\"webview\":{\"0\":480,\"1\":720,\"2\":2,\"3\":\"width=\\\"480\\\" height=\\\"720\\\"\",\"bits\":8,\"channels\":3,\"mime\":\"image\\\/jpeg\"},\"views\":\"10\",\"likes\":\"0\"},\"title\":\"Ready to Wear Fall\\\/Winter 2014-2015\",\"description\":\"<p>Ready to Wear Fall\\\/Winter 2014-2015<\\\/p>\",\"link\":null,\"link_target\":\"\",\"download\":\"https:\\\/\\\/bobvarela.com\\\/wp-content\\\/flagallery\\\/desigual-080-barcelona-jan-14\\\/desigual_083.jpg\",\"ratio\":0.66666666666666662965923251249478198587894439697265625},{\"id\":\"14645\",\"image\":\"https:\\\/\\\/bobvarela.com\\\/wp-content\\\/flagallery\\\/desigual-080-barcelona-jan-14\\\/webview\\\/desigual_085.jpg\",\"thumb\":\"https:\\\/\\\/bobvarela.com\\\/wp-content\\\/flagallery\\\/desigual-080-barcelona-jan-14\\\/thumbs\\\/thumbs_desigual_085.jpg\",\"file\":\"desigual_085.jpg\",\"meta\":{\"aperture\":\"F 4\",\"credit\":false,\"camera\":\"Canon EOS-1D Mark IV\",\"caption\":\"Ready to Wear Fall\\\/Winter 2014-2015\",\"created_timestamp\":\"January 28, 2014 9:33 pm\",\"copyright\":\"PHOTOGRAPH FOR EDITORIAL USE ONLY\",\"focal_length\":\"155 mm\",\"iso\":1600,\"shutter_speed\":\"1\\\/400 sec\",\"flash\":false,\"title\":\"Ready to Wear Fall\\\/Winter 2014-2015\",\"keywords\":\"2014-2015,Fall\\\/Winter,Ready to Wear\",\"width\":480,\"height\":720,\"saved\":true,\"thumbnail\":{\"width\":220,\"height\":220},\"webview\":{\"0\":480,\"1\":720,\"2\":2,\"3\":\"width=\\\"480\\\" height=\\\"720\\\"\",\"bits\":8,\"channels\":3,\"mime\":\"image\\\/jpeg\"},\"views\":\"8\",\"likes\":\"0\"},\"title\":\"Ready to Wear Fall\\\/Winter 2014-2015\",\"description\":\"<p>Ready to Wear Fall\\\/Winter 2014-2015<\\\/p>\",\"link\":null,\"link_target\":\"\",\"download\":\"https:\\\/\\\/bobvarela.com\\\/wp-content\\\/flagallery\\\/desigual-080-barcelona-jan-14\\\/desigual_085.jpg\",\"ratio\":0.66666666666666662965923251249478198587894439697265625},{\"id\":\"14646\",\"image\":\"https:\\\/\\\/bobvarela.com\\\/wp-content\\\/flagallery\\\/desigual-080-barcelona-jan-14\\\/webview\\\/desigual_087.jpg\",\"thumb\":\"https:\\\/\\\/bobvarela.com\\\/wp-content\\\/flagallery\\\/desigual-080-barcelona-jan-14\\\/thumbs\\\/thumbs_desigual_087.jpg\",\"file\":\"desigual_087.jpg\",\"meta\":{\"aperture\":\"F 4\",\"credit\":false,\"camera\":\"Canon EOS-1D Mark IV\",\"caption\":\"Ready to Wear Fall\\\/Winter 2014-2015\",\"created_timestamp\":\"January 28, 2014 9:34 pm\",\"copyright\":\"PHOTOGRAPH FOR EDITORIAL USE ONLY\",\"focal_length\":\"265 mm\",\"iso\":1600,\"shutter_speed\":\"1\\\/400 sec\",\"flash\":false,\"title\":\"Ready to Wear Fall\\\/Winter 2014-2015\",\"keywords\":\"2014-2015,Fall\\\/Winter,Ready to Wear\",\"width\":480,\"height\":720,\"saved\":true,\"thumbnail\":{\"width\":220,\"height\":220},\"webview\":{\"0\":480,\"1\":720,\"2\":2,\"3\":\"width=\\\"480\\\" height=\\\"720\\\"\",\"bits\":8,\"channels\":3,\"mime\":\"image\\\/jpeg\"},\"views\":\"8\",\"likes\":\"0\"},\"title\":\"Ready to Wear Fall\\\/Winter 2014-2015\",\"description\":\"<p>Ready to Wear Fall\\\/Winter 2014-2015<\\\/p>\",\"link\":null,\"link_target\":\"\",\"download\":\"https:\\\/\\\/bobvarela.com\\\/wp-content\\\/flagallery\\\/desigual-080-barcelona-jan-14\\\/desigual_087.jpg\",\"ratio\":0.66666666666666662965923251249478198587894439697265625},{\"id\":\"14647\",\"image\":\"https:\\\/\\\/bobvarela.com\\\/wp-content\\\/flagallery\\\/desigual-080-barcelona-jan-14\\\/webview\\\/desigual_089.jpg\",\"thumb\":\"https:\\\/\\\/bobvarela.com\\\/wp-content\\\/flagallery\\\/desigual-080-barcelona-jan-14\\\/thumbs\\\/thumbs_desigual_089.jpg\",\"file\":\"desigual_089.jpg\",\"meta\":{\"aperture\":\"F 4\",\"credit\":false,\"camera\":\"Canon EOS-1D Mark IV\",\"caption\":\"Ready to Wear Fall\\\/Winter 2014-2015\",\"created_timestamp\":\"January 28, 2014 9:34 pm\",\"copyright\":\"PHOTOGRAPH FOR EDITORIAL USE ONLY\",\"focal_length\":\"280 mm\",\"iso\":1600,\"shutter_speed\":\"1\\\/320 sec\",\"flash\":false,\"title\":\"Ready to Wear Fall\\\/Winter 2014-2015\",\"keywords\":\"2014-2015,Fall\\\/Winter,Ready to Wear\",\"width\":480,\"height\":720,\"saved\":true,\"thumbnail\":{\"width\":220,\"height\":220},\"webview\":{\"0\":480,\"1\":720,\"2\":2,\"3\":\"width=\\\"480\\\" height=\\\"720\\\"\",\"bits\":8,\"channels\":3,\"mime\":\"image\\\/jpeg\"},\"views\":\"7\",\"likes\":\"0\"},\"title\":\"Ready to Wear Fall\\\/Winter 2014-2015\",\"description\":\"<p>Ready to Wear Fall\\\/Winter 2014-2015<\\\/p>\",\"link\":null,\"link_target\":\"\",\"download\":\"https:\\\/\\\/bobvarela.com\\\/wp-content\\\/flagallery\\\/desigual-080-barcelona-jan-14\\\/desigual_089.jpg\",\"ratio\":0.66666666666666662965923251249478198587894439697265625},{\"id\":\"14648\",\"image\":\"https:\\\/\\\/bobvarela.com\\\/wp-content\\\/flagallery\\\/desigual-080-barcelona-jan-14\\\/webview\\\/desigual_091.jpg\",\"thumb\":\"https:\\\/\\\/bobvarela.com\\\/wp-content\\\/flagallery\\\/desigual-080-barcelona-jan-14\\\/thumbs\\\/thumbs_desigual_091.jpg\",\"file\":\"desigual_091.jpg\",\"meta\":{\"aperture\":\"F 4\",\"credit\":false,\"camera\":\"Canon EOS-1D Mark IV\",\"caption\":\"Ready to Wear Fall\\\/Winter 2014-2015\",\"created_timestamp\":\"January 28, 2014 9:34 pm\",\"copyright\":\"PHOTOGRAPH FOR EDITORIAL USE ONLY\",\"focal_length\":\"260 mm\",\"iso\":1600,\"shutter_speed\":\"1\\\/320 sec\",\"flash\":false,\"title\":\"Ready to Wear Fall\\\/Winter 2014-2015\",\"keywords\":\"2014-2015,Fall\\\/Winter,Ready to Wear\",\"width\":480,\"height\":720,\"saved\":true,\"thumbnail\":{\"width\":220,\"height\":220},\"webview\":{\"0\":480,\"1\":720,\"2\":2,\"3\":\"width=\\\"480\\\" height=\\\"720\\\"\",\"bits\":8,\"channels\":3,\"mime\":\"image\\\/jpeg\"},\"views\":\"8\",\"likes\":\"0\"},\"title\":\"Ready to Wear Fall\\\/Winter 2014-2015\",\"description\":\"<p>Ready to Wear Fall\\\/Winter 2014-2015<\\\/p>\",\"link\":null,\"link_target\":\"\",\"download\":\"https:\\\/\\\/bobvarela.com\\\/wp-content\\\/flagallery\\\/desigual-080-barcelona-jan-14\\\/desigual_091.jpg\",\"ratio\":0.66666666666666662965923251249478198587894439697265625},{\"id\":\"14649\",\"image\":\"https:\\\/\\\/bobvarela.com\\\/wp-content\\\/flagallery\\\/desigual-080-barcelona-jan-14\\\/webview\\\/desigual_093.jpg\",\"thumb\":\"https:\\\/\\\/bobvarela.com\\\/wp-content\\\/flagallery\\\/desigual-080-barcelona-jan-14\\\/thumbs\\\/thumbs_desigual_093.jpg\",\"file\":\"desigual_093.jpg\",\"meta\":{\"aperture\":\"F 4\",\"credit\":false,\"camera\":\"Canon EOS-1D Mark IV\",\"caption\":\"Ready to Wear Fall\\\/Winter 2014-2015\",\"created_timestamp\":\"January 28, 2014 9:35 pm\",\"copyright\":\"PHOTOGRAPH FOR EDITORIAL USE ONLY\",\"focal_length\":\"280 mm\",\"iso\":1600,\"shutter_speed\":\"1\\\/400 sec\",\"flash\":false,\"title\":\"Ready to Wear Fall\\\/Winter 2014-2015\",\"keywords\":\"2014-2015,Fall\\\/Winter,Ready to Wear\",\"width\":480,\"height\":720,\"saved\":true,\"thumbnail\":{\"width\":220,\"height\":220},\"webview\":{\"0\":480,\"1\":720,\"2\":2,\"3\":\"width=\\\"480\\\" height=\\\"720\\\"\",\"bits\":8,\"channels\":3,\"mime\":\"image\\\/jpeg\"},\"views\":\"9\",\"likes\":\"0\"},\"title\":\"Ready to Wear Fall\\\/Winter 2014-2015\",\"description\":\"<p>Ready to Wear Fall\\\/Winter 2014-2015<\\\/p>\",\"link\":null,\"link_target\":\"\",\"download\":\"https:\\\/\\\/bobvarela.com\\\/wp-content\\\/flagallery\\\/desigual-080-barcelona-jan-14\\\/desigual_093.jpg\",\"ratio\":0.66666666666666662965923251249478198587894439697265625},{\"id\":\"14650\",\"image\":\"https:\\\/\\\/bobvarela.com\\\/wp-content\\\/flagallery\\\/desigual-080-barcelona-jan-14\\\/webview\\\/desigual_095.jpg\",\"thumb\":\"https:\\\/\\\/bobvarela.com\\\/wp-content\\\/flagallery\\\/desigual-080-barcelona-jan-14\\\/thumbs\\\/thumbs_desigual_095.jpg\",\"file\":\"desigual_095.jpg\",\"meta\":{\"aperture\":\"F 4\",\"credit\":false,\"camera\":\"Canon EOS-1D Mark IV\",\"caption\":\"Ready to Wear Fall\\\/Winter 2014-2015\",\"created_timestamp\":\"January 28, 2014 9:35 pm\",\"copyright\":\"PHOTOGRAPH FOR EDITORIAL USE ONLY\",\"focal_length\":\"280 mm\",\"iso\":1600,\"shutter_speed\":\"1\\\/320 sec\",\"flash\":false,\"title\":\"Ready to Wear Fall\\\/Winter 2014-2015\",\"keywords\":\"2014-2015,Fall\\\/Winter,Ready to Wear\",\"width\":480,\"height\":720,\"saved\":true,\"thumbnail\":{\"width\":220,\"height\":220},\"webview\":{\"0\":480,\"1\":720,\"2\":2,\"3\":\"width=\\\"480\\\" height=\\\"720\\\"\",\"bits\":8,\"channels\":3,\"mime\":\"image\\\/jpeg\"},\"views\":\"9\",\"likes\":\"0\"},\"title\":\"Ready to Wear Fall\\\/Winter 2014-2015\",\"description\":\"<p>Ready to Wear Fall\\\/Winter 2014-2015<\\\/p>\",\"link\":null,\"link_target\":\"\",\"download\":\"https:\\\/\\\/bobvarela.com\\\/wp-content\\\/flagallery\\\/desigual-080-barcelona-jan-14\\\/desigual_095.jpg\",\"ratio\":0.66666666666666662965923251249478198587894439697265625},{\"id\":\"14651\",\"image\":\"https:\\\/\\\/bobvarela.com\\\/wp-content\\\/flagallery\\\/desigual-080-barcelona-jan-14\\\/webview\\\/desigual_097.jpg\",\"thumb\":\"https:\\\/\\\/bobvarela.com\\\/wp-content\\\/flagallery\\\/desigual-080-barcelona-jan-14\\\/thumbs\\\/thumbs_desigual_097.jpg\",\"file\":\"desigual_097.jpg\",\"meta\":{\"aperture\":\"F 4\",\"credit\":false,\"camera\":\"Canon EOS-1D Mark IV\",\"caption\":\"Ready to Wear Fall\\\/Winter 2014-2015\",\"created_timestamp\":\"January 28, 2014 9:35 pm\",\"copyright\":\"PHOTOGRAPH FOR EDITORIAL USE ONLY\",\"focal_length\":\"245 mm\",\"iso\":1600,\"shutter_speed\":\"1\\\/400 sec\",\"flash\":false,\"title\":\"Ready to Wear Fall\\\/Winter 2014-2015\",\"keywords\":\"2014-2015,Fall\\\/Winter,Ready to Wear\",\"width\":480,\"height\":720,\"saved\":true,\"thumbnail\":{\"width\":220,\"height\":220},\"webview\":{\"0\":480,\"1\":720,\"2\":2,\"3\":\"width=\\\"480\\\" height=\\\"720\\\"\",\"bits\":8,\"channels\":3,\"mime\":\"image\\\/jpeg\"},\"views\":\"8\",\"likes\":\"0\"},\"title\":\"Ready to Wear Fall\\\/Winter 2014-2015\",\"description\":\"<p>Ready to Wear Fall\\\/Winter 2014-2015<\\\/p>\",\"link\":null,\"link_target\":\"\",\"download\":\"https:\\\/\\\/bobvarela.com\\\/wp-content\\\/flagallery\\\/desigual-080-barcelona-jan-14\\\/desigual_097.jpg\",\"ratio\":0.66666666666666662965923251249478198587894439697265625},{\"id\":\"14652\",\"image\":\"https:\\\/\\\/bobvarela.com\\\/wp-content\\\/flagallery\\\/desigual-080-barcelona-jan-14\\\/webview\\\/desigual_100.jpg\",\"thumb\":\"https:\\\/\\\/bobvarela.com\\\/wp-content\\\/flagallery\\\/desigual-080-barcelona-jan-14\\\/thumbs\\\/thumbs_desigual_100.jpg\",\"file\":\"desigual_100.jpg\",\"meta\":{\"aperture\":\"F 4\",\"credit\":false,\"camera\":\"Canon EOS-1D Mark IV\",\"caption\":\"Ready to Wear Fall\\\/Winter 2014-2015\",\"created_timestamp\":\"January 28, 2014 9:36 pm\",\"copyright\":\"PHOTOGRAPH FOR EDITORIAL USE ONLY\",\"focal_length\":\"217 mm\",\"iso\":1600,\"shutter_speed\":\"1\\\/400 sec\",\"flash\":false,\"title\":\"Ready to Wear Fall\\\/Winter 2014-2015\",\"keywords\":\"2014-2015,Fall\\\/Winter,Ready to Wear\",\"width\":480,\"height\":720,\"saved\":true,\"thumbnail\":{\"width\":220,\"height\":220},\"webview\":{\"0\":480,\"1\":720,\"2\":2,\"3\":\"width=\\\"480\\\" height=\\\"720\\\"\",\"bits\":8,\"channels\":3,\"mime\":\"image\\\/jpeg\"},\"views\":\"10\",\"likes\":\"0\"},\"title\":\"Ready to Wear Fall\\\/Winter 2014-2015\",\"description\":\"<p>Ready to Wear Fall\\\/Winter 2014-2015<\\\/p>\",\"link\":null,\"link_target\":\"\",\"download\":\"https:\\\/\\\/bobvarela.com\\\/wp-content\\\/flagallery\\\/desigual-080-barcelona-jan-14\\\/desigual_100.jpg\",\"ratio\":0.66666666666666662965923251249478198587894439697265625},{\"id\":\"14653\",\"image\":\"https:\\\/\\\/bobvarela.com\\\/wp-content\\\/flagallery\\\/desigual-080-barcelona-jan-14\\\/webview\\\/desigual_102.jpg\",\"thumb\":\"https:\\\/\\\/bobvarela.com\\\/wp-content\\\/flagallery\\\/desigual-080-barcelona-jan-14\\\/thumbs\\\/thumbs_desigual_102.jpg\",\"file\":\"desigual_102.jpg\",\"meta\":{\"aperture\":\"F 4\",\"credit\":false,\"camera\":\"Canon EOS-1D Mark IV\",\"caption\":\"Ready to Wear Fall\\\/Winter 2014-2015\",\"created_timestamp\":\"January 28, 2014 9:36 pm\",\"copyright\":\"PHOTOGRAPH FOR EDITORIAL USE ONLY\",\"focal_length\":\"280 mm\",\"iso\":1600,\"shutter_speed\":\"1\\\/320 sec\",\"flash\":false,\"title\":\"Ready to Wear Fall\\\/Winter 2014-2015\",\"keywords\":\"2014-2015,Fall\\\/Winter,Ready to Wear\",\"width\":480,\"height\":720,\"saved\":true,\"thumbnail\":{\"width\":220,\"height\":220},\"webview\":{\"0\":480,\"1\":720,\"2\":2,\"3\":\"width=\\\"480\\\" height=\\\"720\\\"\",\"bits\":8,\"channels\":3,\"mime\":\"image\\\/jpeg\"},\"views\":\"9\",\"likes\":\"0\"},\"title\":\"Ready to Wear Fall\\\/Winter 2014-2015\",\"description\":\"<p>Ready to Wear Fall\\\/Winter 2014-2015<\\\/p>\",\"link\":null,\"link_target\":\"\",\"download\":\"https:\\\/\\\/bobvarela.com\\\/wp-content\\\/flagallery\\\/desigual-080-barcelona-jan-14\\\/desigual_102.jpg\",\"ratio\":0.66666666666666662965923251249478198587894439697265625},{\"id\":\"14654\",\"image\":\"https:\\\/\\\/bobvarela.com\\\/wp-content\\\/flagallery\\\/desigual-080-barcelona-jan-14\\\/webview\\\/desigual_104.jpg\",\"thumb\":\"https:\\\/\\\/bobvarela.com\\\/wp-content\\\/flagallery\\\/desigual-080-barcelona-jan-14\\\/thumbs\\\/thumbs_desigual_104.jpg\",\"file\":\"desigual_104.jpg\",\"meta\":{\"aperture\":\"F 4\",\"credit\":false,\"camera\":\"Canon EOS-1D Mark IV\",\"caption\":\"Ready to Wear Fall\\\/Winter 2014-2015\",\"created_timestamp\":\"January 28, 2014 9:36 pm\",\"copyright\":\"PHOTOGRAPH FOR EDITORIAL USE ONLY\",\"focal_length\":\"230 mm\",\"iso\":1600,\"shutter_speed\":\"1\\\/320 sec\",\"flash\":false,\"title\":\"Ready to Wear Fall\\\/Winter 2014-2015\",\"keywords\":\"2014-2015,Fall\\\/Winter,Ready to Wear\",\"width\":480,\"height\":720,\"saved\":true,\"thumbnail\":{\"width\":220,\"height\":220},\"webview\":{\"0\":480,\"1\":720,\"2\":2,\"3\":\"width=\\\"480\\\" height=\\\"720\\\"\",\"bits\":8,\"channels\":3,\"mime\":\"image\\\/jpeg\"},\"views\":\"9\",\"likes\":\"0\"},\"title\":\"Ready to Wear Fall\\\/Winter 2014-2015\",\"description\":\"<p>Ready to Wear Fall\\\/Winter 2014-2015<\\\/p>\",\"link\":null,\"link_target\":\"\",\"download\":\"https:\\\/\\\/bobvarela.com\\\/wp-content\\\/flagallery\\\/desigual-080-barcelona-jan-14\\\/desigual_104.jpg\",\"ratio\":0.66666666666666662965923251249478198587894439697265625},{\"id\":\"14655\",\"image\":\"https:\\\/\\\/bobvarela.com\\\/wp-content\\\/flagallery\\\/desigual-080-barcelona-jan-14\\\/webview\\\/desigual_106.jpg\",\"thumb\":\"https:\\\/\\\/bobvarela.com\\\/wp-content\\\/flagallery\\\/desigual-080-barcelona-jan-14\\\/thumbs\\\/thumbs_desigual_106.jpg\",\"file\":\"desigual_106.jpg\",\"meta\":{\"aperture\":\"F 4\",\"credit\":false,\"camera\":\"Canon EOS-1D Mark IV\",\"caption\":\"Ready to Wear Fall\\\/Winter 2014-2015\",\"created_timestamp\":\"January 28, 2014 9:37 pm\",\"copyright\":\"PHOTOGRAPH FOR EDITORIAL USE ONLY\",\"focal_length\":\"280 mm\",\"iso\":1600,\"shutter_speed\":\"1\\\/320 sec\",\"flash\":false,\"title\":\"Ready to Wear Fall\\\/Winter 2014-2015\",\"keywords\":\"2014-2015,Fall\\\/Winter,Ready to Wear\",\"width\":480,\"height\":720,\"saved\":true,\"thumbnail\":{\"width\":220,\"height\":220},\"webview\":{\"0\":480,\"1\":720,\"2\":2,\"3\":\"width=\\\"480\\\" height=\\\"720\\\"\",\"bits\":8,\"channels\":3,\"mime\":\"image\\\/jpeg\"},\"views\":\"10\",\"likes\":\"0\"},\"title\":\"Ready to Wear Fall\\\/Winter 2014-2015\",\"description\":\"<p>Ready to Wear Fall\\\/Winter 2014-2015<\\\/p>\",\"link\":null,\"link_target\":\"\",\"download\":\"https:\\\/\\\/bobvarela.com\\\/wp-content\\\/flagallery\\\/desigual-080-barcelona-jan-14\\\/desigual_106.jpg\",\"ratio\":0.66666666666666662965923251249478198587894439697265625},{\"id\":\"14656\",\"image\":\"https:\\\/\\\/bobvarela.com\\\/wp-content\\\/flagallery\\\/desigual-080-barcelona-jan-14\\\/webview\\\/desigual_107.jpg\",\"thumb\":\"https:\\\/\\\/bobvarela.com\\\/wp-content\\\/flagallery\\\/desigual-080-barcelona-jan-14\\\/thumbs\\\/thumbs_desigual_107.jpg\",\"file\":\"desigual_107.jpg\",\"meta\":{\"aperture\":\"F 4\",\"credit\":false,\"camera\":\"Canon EOS-1D Mark IV\",\"caption\":\"Ready to Wear Fall\\\/Winter 2014-2015\",\"created_timestamp\":\"January 28, 2014 9:37 pm\",\"copyright\":\"PHOTOGRAPH FOR EDITORIAL USE ONLY\",\"focal_length\":\"238 mm\",\"iso\":1600,\"shutter_speed\":\"1\\\/320 sec\",\"flash\":false,\"title\":\"Ready to Wear Fall\\\/Winter 2014-2015\",\"keywords\":\"2014-2015,Fall\\\/Winter,Ready to Wear\",\"width\":480,\"height\":720,\"saved\":true,\"thumbnail\":{\"width\":220,\"height\":220},\"webview\":{\"0\":480,\"1\":720,\"2\":2,\"3\":\"width=\\\"480\\\" height=\\\"720\\\"\",\"bits\":8,\"channels\":3,\"mime\":\"image\\\/jpeg\"},\"views\":\"10\",\"likes\":\"0\"},\"title\":\"Ready to Wear Fall\\\/Winter 2014-2015\",\"description\":\"<p>Ready to Wear Fall\\\/Winter 2014-2015<\\\/p>\",\"link\":null,\"link_target\":\"\",\"download\":\"https:\\\/\\\/bobvarela.com\\\/wp-content\\\/flagallery\\\/desigual-080-barcelona-jan-14\\\/desigual_107.jpg\",\"ratio\":0.66666666666666662965923251249478198587894439697265625},{\"id\":\"14657\",\"image\":\"https:\\\/\\\/bobvarela.com\\\/wp-content\\\/flagallery\\\/desigual-080-barcelona-jan-14\\\/webview\\\/desigual_110.jpg\",\"thumb\":\"https:\\\/\\\/bobvarela.com\\\/wp-content\\\/flagallery\\\/desigual-080-barcelona-jan-14\\\/thumbs\\\/thumbs_desigual_110.jpg\",\"file\":\"desigual_110.jpg\",\"meta\":{\"aperture\":\"F 4\",\"credit\":false,\"camera\":\"Canon EOS-1D Mark IV\",\"caption\":\"Ready to Wear Fall\\\/Winter 2014-2015\",\"created_timestamp\":\"January 28, 2014 9:37 pm\",\"copyright\":\"PHOTOGRAPH FOR EDITORIAL USE ONLY\",\"focal_length\":\"225 mm\",\"iso\":1600,\"shutter_speed\":\"1\\\/400 sec\",\"flash\":false,\"title\":\"Ready to Wear Fall\\\/Winter 2014-2015\",\"keywords\":\"2014-2015,Fall\\\/Winter,Ready to Wear\",\"width\":480,\"height\":720,\"saved\":true,\"thumbnail\":{\"width\":220,\"height\":220},\"webview\":{\"0\":480,\"1\":720,\"2\":2,\"3\":\"width=\\\"480\\\" height=\\\"720\\\"\",\"bits\":8,\"channels\":3,\"mime\":\"image\\\/jpeg\"},\"views\":\"8\",\"likes\":\"0\"},\"title\":\"Ready to Wear Fall\\\/Winter 2014-2015\",\"description\":\"<p>Ready to Wear Fall\\\/Winter 2014-2015<\\\/p>\",\"link\":null,\"link_target\":\"\",\"download\":\"https:\\\/\\\/bobvarela.com\\\/wp-content\\\/flagallery\\\/desigual-080-barcelona-jan-14\\\/desigual_110.jpg\",\"ratio\":0.66666666666666662965923251249478198587894439697265625},{\"id\":\"14658\",\"image\":\"https:\\\/\\\/bobvarela.com\\\/wp-content\\\/flagallery\\\/desigual-080-barcelona-jan-14\\\/webview\\\/desigual_112.jpg\",\"thumb\":\"https:\\\/\\\/bobvarela.com\\\/wp-content\\\/flagallery\\\/desigual-080-barcelona-jan-14\\\/thumbs\\\/thumbs_desigual_112.jpg\",\"file\":\"desigual_112.jpg\",\"meta\":{\"aperture\":\"F 4\",\"credit\":false,\"camera\":\"Canon EOS-1D Mark IV\",\"caption\":\"Ready to Wear Fall\\\/Winter 2014-2015\",\"created_timestamp\":\"January 28, 2014 9:37 pm\",\"copyright\":\"PHOTOGRAPH FOR EDITORIAL USE ONLY\",\"focal_length\":\"195 mm\",\"iso\":1600,\"shutter_speed\":\"1\\\/320 sec\",\"flash\":false,\"title\":\"Ready to Wear Fall\\\/Winter 2014-2015\",\"keywords\":\"2014-2015,Fall\\\/Winter,Ready to Wear\",\"width\":480,\"height\":720,\"saved\":true,\"thumbnail\":{\"width\":220,\"height\":220},\"webview\":{\"0\":480,\"1\":720,\"2\":2,\"3\":\"width=\\\"480\\\" height=\\\"720\\\"\",\"bits\":8,\"channels\":3,\"mime\":\"image\\\/jpeg\"},\"views\":\"9\",\"likes\":\"0\"},\"title\":\"Ready to Wear Fall\\\/Winter 2014-2015\",\"description\":\"<p>Ready to Wear Fall\\\/Winter 2014-2015<\\\/p>\",\"link\":null,\"link_target\":\"\",\"download\":\"https:\\\/\\\/bobvarela.com\\\/wp-content\\\/flagallery\\\/desigual-080-barcelona-jan-14\\\/desigual_112.jpg\",\"ratio\":0.66666666666666662965923251249478198587894439697265625},{\"id\":\"14659\",\"image\":\"https:\\\/\\\/bobvarela.com\\\/wp-content\\\/flagallery\\\/desigual-080-barcelona-jan-14\\\/webview\\\/desigual_113.jpg\",\"thumb\":\"https:\\\/\\\/bobvarela.com\\\/wp-content\\\/flagallery\\\/desigual-080-barcelona-jan-14\\\/thumbs\\\/thumbs_desigual_113.jpg\",\"file\":\"desigual_113.jpg\",\"meta\":{\"aperture\":\"F 4\",\"credit\":false,\"camera\":\"Canon EOS-1D Mark IV\",\"caption\":\"Ready to Wear Fall\\\/Winter 2014-2015\",\"created_timestamp\":\"January 28, 2014 9:38 pm\",\"copyright\":\"PHOTOGRAPH FOR EDITORIAL USE ONLY\",\"focal_length\":\"217 mm\",\"iso\":1600,\"shutter_speed\":\"1\\\/320 sec\",\"flash\":false,\"title\":\"Ready to Wear Fall\\\/Winter 2014-2015\",\"keywords\":\"2014-2015,Fall\\\/Winter,Ready to Wear\",\"width\":480,\"height\":720,\"saved\":true,\"thumbnail\":{\"width\":220,\"height\":220},\"webview\":{\"0\":480,\"1\":720,\"2\":2,\"3\":\"width=\\\"480\\\" height=\\\"720\\\"\",\"bits\":8,\"channels\":3,\"mime\":\"image\\\/jpeg\"},\"views\":\"9\",\"likes\":\"0\"},\"title\":\"Ready to Wear Fall\\\/Winter 2014-2015\",\"description\":\"<p>Ready to Wear Fall\\\/Winter 2014-2015<\\\/p>\",\"link\":null,\"link_target\":\"\",\"download\":\"https:\\\/\\\/bobvarela.com\\\/wp-content\\\/flagallery\\\/desigual-080-barcelona-jan-14\\\/desigual_113.jpg\",\"ratio\":0.66666666666666662965923251249478198587894439697265625},{\"id\":\"14660\",\"image\":\"https:\\\/\\\/bobvarela.com\\\/wp-content\\\/flagallery\\\/desigual-080-barcelona-jan-14\\\/webview\\\/desigual_116.jpg\",\"thumb\":\"https:\\\/\\\/bobvarela.com\\\/wp-content\\\/flagallery\\\/desigual-080-barcelona-jan-14\\\/thumbs\\\/thumbs_desigual_116.jpg\",\"file\":\"desigual_116.jpg\",\"meta\":{\"aperture\":\"F 4\",\"credit\":false,\"camera\":\"Canon EOS-1D Mark IV\",\"caption\":\"Ready to Wear Fall\\\/Winter 2014-2015\",\"created_timestamp\":\"January 28, 2014 9:38 pm\",\"copyright\":\"PHOTOGRAPH FOR EDITORIAL USE ONLY\",\"focal_length\":\"147 mm\",\"iso\":1250,\"shutter_speed\":\"1\\\/400 sec\",\"flash\":false,\"title\":\"Ready to Wear Fall\\\/Winter 2014-2015\",\"keywords\":\"2014-2015,Fall\\\/Winter,Ready to Wear\",\"width\":480,\"height\":720,\"saved\":true,\"thumbnail\":{\"width\":220,\"height\":220},\"webview\":{\"0\":480,\"1\":720,\"2\":2,\"3\":\"width=\\\"480\\\" height=\\\"720\\\"\",\"bits\":8,\"channels\":3,\"mime\":\"image\\\/jpeg\"},\"views\":\"10\",\"likes\":\"0\"},\"title\":\"Ready to Wear Fall\\\/Winter 2014-2015\",\"description\":\"<p>Ready to Wear Fall\\\/Winter 2014-2015<\\\/p>\",\"link\":null,\"link_target\":\"\",\"download\":\"https:\\\/\\\/bobvarela.com\\\/wp-content\\\/flagallery\\\/desigual-080-barcelona-jan-14\\\/desigual_116.jpg\",\"ratio\":0.66666666666666662965923251249478198587894439697265625},{\"id\":\"14661\",\"image\":\"https:\\\/\\\/bobvarela.com\\\/wp-content\\\/flagallery\\\/desigual-080-barcelona-jan-14\\\/webview\\\/desigual_117.jpg\",\"thumb\":\"https:\\\/\\\/bobvarela.com\\\/wp-content\\\/flagallery\\\/desigual-080-barcelona-jan-14\\\/thumbs\\\/thumbs_desigual_117.jpg\",\"file\":\"desigual_117.jpg\",\"meta\":{\"aperture\":\"F 4\",\"credit\":false,\"camera\":\"Canon EOS-1D Mark IV\",\"caption\":\"Ready to Wear Fall\\\/Winter 2014-2015\",\"created_timestamp\":\"January 28, 2014 9:38 pm\",\"copyright\":\"PHOTOGRAPH FOR EDITORIAL USE ONLY\",\"focal_length\":\"190 mm\",\"iso\":1250,\"shutter_speed\":\"1\\\/400 sec\",\"flash\":false,\"title\":\"Ready to Wear Fall\\\/Winter 2014-2015\",\"keywords\":\"2014-2015,Fall\\\/Winter,Ready to Wear\",\"width\":480,\"height\":720,\"saved\":true,\"thumbnail\":{\"width\":220,\"height\":220},\"webview\":{\"0\":480,\"1\":720,\"2\":2,\"3\":\"width=\\\"480\\\" height=\\\"720\\\"\",\"bits\":8,\"channels\":3,\"mime\":\"image\\\/jpeg\"},\"views\":\"8\",\"likes\":\"0\"},\"title\":\"Ready to Wear Fall\\\/Winter 2014-2015\",\"description\":\"<p>Ready to Wear Fall\\\/Winter 2014-2015<\\\/p>\",\"link\":null,\"link_target\":\"\",\"download\":\"https:\\\/\\\/bobvarela.com\\\/wp-content\\\/flagallery\\\/desigual-080-barcelona-jan-14\\\/desigual_117.jpg\",\"ratio\":0.66666666666666662965923251249478198587894439697265625},{\"id\":\"14662\",\"image\":\"https:\\\/\\\/bobvarela.com\\\/wp-content\\\/flagallery\\\/desigual-080-barcelona-jan-14\\\/webview\\\/desigual_119.jpg\",\"thumb\":\"https:\\\/\\\/bobvarela.com\\\/wp-content\\\/flagallery\\\/desigual-080-barcelona-jan-14\\\/thumbs\\\/thumbs_desigual_119.jpg\",\"file\":\"desigual_119.jpg\",\"meta\":{\"aperture\":\"F 4\",\"credit\":false,\"camera\":\"Canon EOS-1D Mark IV\",\"caption\":\"Ready to Wear Fall\\\/Winter 2014-2015\",\"created_timestamp\":\"January 28, 2014 9:38 pm\",\"copyright\":\"PHOTOGRAPH FOR EDITORIAL USE ONLY\",\"focal_length\":\"190 mm\",\"iso\":1250,\"shutter_speed\":\"1\\\/400 sec\",\"flash\":false,\"title\":\"Ready to Wear Fall\\\/Winter 2014-2015\",\"keywords\":\"2014-2015,Fall\\\/Winter,Ready to Wear\",\"width\":480,\"height\":720,\"saved\":true,\"thumbnail\":{\"width\":220,\"height\":220},\"webview\":{\"0\":480,\"1\":720,\"2\":2,\"3\":\"width=\\\"480\\\" height=\\\"720\\\"\",\"bits\":8,\"channels\":3,\"mime\":\"image\\\/jpeg\"},\"views\":\"10\",\"likes\":\"0\"},\"title\":\"Ready to Wear Fall\\\/Winter 2014-2015\",\"description\":\"<p>Ready to Wear Fall\\\/Winter 2014-2015<\\\/p>\",\"link\":null,\"link_target\":\"\",\"download\":\"https:\\\/\\\/bobvarela.com\\\/wp-content\\\/flagallery\\\/desigual-080-barcelona-jan-14\\\/desigual_119.jpg\",\"ratio\":0.66666666666666662965923251249478198587894439697265625}]}; var container = $('#FlaGallery_sc1_183'); container.photomania(settings, content); window.FlaGallery_sc1_183 = container.data('photomania'); }); <\/script><\/div><noscript id=\"noscript_FlaGallery_sc1_183\"><img class=\"skip-lazy no-lazyload noLazy\" data-lazy-src=\"\" src =\"https:\/\/bobvarela.com\/wp-content\/flagallery\/desigual-080-barcelona-jan-14\/desigual_005.jpg\" alt=\"Ready to Wear Fall\/Winter 2014-2015\" \/><img class=\"skip-lazy no-lazyload noLazy\" data-lazy-src=\"\" src =\"https:\/\/bobvarela.com\/wp-content\/flagallery\/desigual-080-barcelona-jan-14\/desigual_007.jpg\" alt=\"Ready to Wear Fall\/Winter 2014-2015\" \/><img class=\"skip-lazy no-lazyload noLazy\" data-lazy-src=\"\" src =\"https:\/\/bobvarela.com\/wp-content\/flagallery\/desigual-080-barcelona-jan-14\/desigual_008.jpg\" alt=\"Ready to Wear Fall\/Winter 2014-2015\" \/><img class=\"skip-lazy no-lazyload noLazy\" data-lazy-src=\"\" src =\"https:\/\/bobvarela.com\/wp-content\/flagallery\/desigual-080-barcelona-jan-14\/desigual_010.jpg\" alt=\"Ready to Wear Fall\/Winter 2014-2015\" \/><img class=\"skip-lazy no-lazyload noLazy\" data-lazy-src=\"\" src =\"https:\/\/bobvarela.com\/wp-content\/flagallery\/desigual-080-barcelona-jan-14\/desigual_011.jpg\" alt=\"Ready to Wear Fall\/Winter 2014-2015\" \/><img class=\"skip-lazy no-lazyload noLazy\" data-lazy-src=\"\" src =\"https:\/\/bobvarela.com\/wp-content\/flagallery\/desigual-080-barcelona-jan-14\/desigual_012.jpg\" alt=\"Ready to Wear Fall\/Winter 2014-2015\" \/><img class=\"skip-lazy no-lazyload noLazy\" data-lazy-src=\"\" src =\"https:\/\/bobvarela.com\/wp-content\/flagallery\/desigual-080-barcelona-jan-14\/desigual_015.jpg\" alt=\"Ready to Wear Fall\/Winter 2014-2015\" \/><img class=\"skip-lazy no-lazyload noLazy\" data-lazy-src=\"\" src =\"https:\/\/bobvarela.com\/wp-content\/flagallery\/desigual-080-barcelona-jan-14\/desigual_017.jpg\" alt=\"Ready to Wear Fall\/Winter 2014-2015\" \/><img class=\"skip-lazy no-lazyload noLazy\" data-lazy-src=\"\" src =\"https:\/\/bobvarela.com\/wp-content\/flagallery\/desigual-080-barcelona-jan-14\/desigual_019.jpg\" alt=\"Ready to Wear Fall\/Winter 2014-2015\" \/><img class=\"skip-lazy no-lazyload noLazy\" data-lazy-src=\"\" src =\"https:\/\/bobvarela.com\/wp-content\/flagallery\/desigual-080-barcelona-jan-14\/desigual_020.jpg\" alt=\"Ready to Wear Fall\/Winter 2014-2015\" \/><img class=\"skip-lazy no-lazyload noLazy\" data-lazy-src=\"\" src =\"https:\/\/bobvarela.com\/wp-content\/flagallery\/desigual-080-barcelona-jan-14\/desigual_023.jpg\" alt=\"Ready to Wear Fall\/Winter 2014-2015\" \/><img class=\"skip-lazy no-lazyload noLazy\" data-lazy-src=\"\" src =\"https:\/\/bobvarela.com\/wp-content\/flagallery\/desigual-080-barcelona-jan-14\/desigual_024.jpg\" alt=\"Ready to Wear Fall\/Winter 2014-2015\" \/><img class=\"skip-lazy no-lazyload noLazy\" data-lazy-src=\"\" src =\"https:\/\/bobvarela.com\/wp-content\/flagallery\/desigual-080-barcelona-jan-14\/desigual_026.jpg\" alt=\"Ready to Wear Fall\/Winter 2014-2015\" \/><img class=\"skip-lazy no-lazyload noLazy\" data-lazy-src=\"\" src =\"https:\/\/bobvarela.com\/wp-content\/flagallery\/desigual-080-barcelona-jan-14\/desigual_028.jpg\" alt=\"Ready to Wear Fall\/Winter 2014-2015\" \/><img class=\"skip-lazy no-lazyload noLazy\" data-lazy-src=\"\" src =\"https:\/\/bobvarela.com\/wp-content\/flagallery\/desigual-080-barcelona-jan-14\/desigual_030.jpg\" alt=\"Ready to Wear Fall\/Winter 2014-2015\" \/><img class=\"skip-lazy no-lazyload noLazy\" data-lazy-src=\"\" src =\"https:\/\/bobvarela.com\/wp-content\/flagallery\/desigual-080-barcelona-jan-14\/desigual_031.jpg\" alt=\"Ready to Wear Fall\/Winter 2014-2015\" \/><img class=\"skip-lazy no-lazyload noLazy\" data-lazy-src=\"\" src =\"https:\/\/bobvarela.com\/wp-content\/flagallery\/desigual-080-barcelona-jan-14\/desigual_032.jpg\" alt=\"Ready to Wear Fall\/Winter 2014-2015\" \/><img class=\"skip-lazy no-lazyload noLazy\" data-lazy-src=\"\" src =\"https:\/\/bobvarela.com\/wp-content\/flagallery\/desigual-080-barcelona-jan-14\/desigual_035.jpg\" alt=\"Ready to Wear Fall\/Winter 2014-2015\" \/><img class=\"skip-lazy no-lazyload noLazy\" data-lazy-src=\"\" src =\"https:\/\/bobvarela.com\/wp-content\/flagallery\/desigual-080-barcelona-jan-14\/desigual_036.jpg\" alt=\"Ready to Wear Fall\/Winter 2014-2015\" \/><img class=\"skip-lazy no-lazyload noLazy\" data-lazy-src=\"\" src =\"https:\/\/bobvarela.com\/wp-content\/flagallery\/desigual-080-barcelona-jan-14\/desigual_040.jpg\" alt=\"Ready to Wear Fall\/Winter 2014-2015\" \/><img class=\"skip-lazy no-lazyload noLazy\" data-lazy-src=\"\" src =\"https:\/\/bobvarela.com\/wp-content\/flagallery\/desigual-080-barcelona-jan-14\/desigual_042.jpg\" alt=\"Ready to Wear Fall\/Winter 2014-2015\" \/><img class=\"skip-lazy no-lazyload noLazy\" data-lazy-src=\"\" src =\"https:\/\/bobvarela.com\/wp-content\/flagallery\/desigual-080-barcelona-jan-14\/desigual_044.jpg\" alt=\"Ready to Wear Fall\/Winter 2014-2015\" \/><img class=\"skip-lazy no-lazyload noLazy\" data-lazy-src=\"\" src =\"https:\/\/bobvarela.com\/wp-content\/flagallery\/desigual-080-barcelona-jan-14\/desigual_046.jpg\" alt=\"Ready to Wear Fall\/Winter 2014-2015\" \/><img class=\"skip-lazy no-lazyload noLazy\" data-lazy-src=\"\" src =\"https:\/\/bobvarela.com\/wp-content\/flagallery\/desigual-080-barcelona-jan-14\/desigual_049.jpg\" alt=\"Ready to Wear Fall\/Winter 2014-2015\" \/><img class=\"skip-lazy no-lazyload noLazy\" data-lazy-src=\"\" src =\"https:\/\/bobvarela.com\/wp-content\/flagallery\/desigual-080-barcelona-jan-14\/desigual_050.jpg\" alt=\"Ready to Wear Fall\/Winter 2014-2015\" \/><img class=\"skip-lazy no-lazyload noLazy\" data-lazy-src=\"\" src =\"https:\/\/bobvarela.com\/wp-content\/flagallery\/desigual-080-barcelona-jan-14\/desigual_052.jpg\" alt=\"Ready to Wear Fall\/Winter 2014-2015\" \/><img class=\"skip-lazy no-lazyload noLazy\" data-lazy-src=\"\" src =\"https:\/\/bobvarela.com\/wp-content\/flagallery\/desigual-080-barcelona-jan-14\/desigual_053.jpg\" alt=\"Ready to Wear Fall\/Winter 2014-2015\" \/><img class=\"skip-lazy no-lazyload noLazy\" data-lazy-src=\"\" src =\"https:\/\/bobvarela.com\/wp-content\/flagallery\/desigual-080-barcelona-jan-14\/desigual_056.jpg\" alt=\"Ready to Wear Fall\/Winter 2014-2015\" \/><img class=\"skip-lazy no-lazyload noLazy\" data-lazy-src=\"\" src =\"https:\/\/bobvarela.com\/wp-content\/flagallery\/desigual-080-barcelona-jan-14\/desigual_058.jpg\" alt=\"Ready to Wear Fall\/Winter 2014-2015\" \/><img class=\"skip-lazy no-lazyload noLazy\" data-lazy-src=\"\" src =\"https:\/\/bobvarela.com\/wp-content\/flagallery\/desigual-080-barcelona-jan-14\/desigual_060.jpg\" alt=\"Ready to Wear Fall\/Winter 2014-2015\" \/><img class=\"skip-lazy no-lazyload noLazy\" data-lazy-src=\"\" src =\"https:\/\/bobvarela.com\/wp-content\/flagallery\/desigual-080-barcelona-jan-14\/desigual_061.jpg\" alt=\"Ready to Wear Fall\/Winter 2014-2015\" \/><img class=\"skip-lazy no-lazyload noLazy\" data-lazy-src=\"\" src =\"https:\/\/bobvarela.com\/wp-content\/flagallery\/desigual-080-barcelona-jan-14\/desigual_064.jpg\" alt=\"Ready to Wear Fall\/Winter 2014-2015\" \/><img class=\"skip-lazy no-lazyload noLazy\" data-lazy-src=\"\" src =\"https:\/\/bobvarela.com\/wp-content\/flagallery\/desigual-080-barcelona-jan-14\/desigual_066.jpg\" alt=\"Ready to Wear Fall\/Winter 2014-2015\" \/><img class=\"skip-lazy no-lazyload noLazy\" data-lazy-src=\"\" src =\"https:\/\/bobvarela.com\/wp-content\/flagallery\/desigual-080-barcelona-jan-14\/desigual_069.jpg\" alt=\"Ready to Wear Fall\/Winter 2014-2015\" \/><img class=\"skip-lazy no-lazyload noLazy\" data-lazy-src=\"\" src =\"https:\/\/bobvarela.com\/wp-content\/flagallery\/desigual-080-barcelona-jan-14\/desigual_071.jpg\" alt=\"Ready to Wear Fall\/Winter 2014-2015\" \/><img class=\"skip-lazy no-lazyload noLazy\" data-lazy-src=\"\" src =\"https:\/\/bobvarela.com\/wp-content\/flagallery\/desigual-080-barcelona-jan-14\/desigual_072.jpg\" alt=\"Ready to Wear Fall\/Winter 2014-2015\" \/><img class=\"skip-lazy no-lazyload noLazy\" data-lazy-src=\"\" src =\"https:\/\/bobvarela.com\/wp-content\/flagallery\/desigual-080-barcelona-jan-14\/desigual_074.jpg\" alt=\"Ready to Wear Fall\/Winter 2014-2015\" \/><img class=\"skip-lazy no-lazyload noLazy\" data-lazy-src=\"\" src =\"https:\/\/bobvarela.com\/wp-content\/flagallery\/desigual-080-barcelona-jan-14\/desigual_076.jpg\" alt=\"Ready to Wear Fall\/Winter 2014-2015\" \/><img class=\"skip-lazy no-lazyload noLazy\" data-lazy-src=\"\" src =\"https:\/\/bobvarela.com\/wp-content\/flagallery\/desigual-080-barcelona-jan-14\/desigual_078.jpg\" alt=\"Ready to Wear Fall\/Winter 2014-2015\" \/><img class=\"skip-lazy no-lazyload noLazy\" data-lazy-src=\"\" src =\"https:\/\/bobvarela.com\/wp-content\/flagallery\/desigual-080-barcelona-jan-14\/desigual_080.jpg\" alt=\"Ready to Wear Fall\/Winter 2014-2015\" \/><img class=\"skip-lazy no-lazyload noLazy\" data-lazy-src=\"\" src =\"https:\/\/bobvarela.com\/wp-content\/flagallery\/desigual-080-barcelona-jan-14\/desigual_082.jpg\" alt=\"Ready to Wear Fall\/Winter 2014-2015\" \/><img class=\"skip-lazy no-lazyload noLazy\" data-lazy-src=\"\" src =\"https:\/\/bobvarela.com\/wp-content\/flagallery\/desigual-080-barcelona-jan-14\/desigual_083.jpg\" alt=\"Ready to Wear Fall\/Winter 2014-2015\" \/><img class=\"skip-lazy no-lazyload noLazy\" data-lazy-src=\"\" src =\"https:\/\/bobvarela.com\/wp-content\/flagallery\/desigual-080-barcelona-jan-14\/desigual_085.jpg\" alt=\"Ready to Wear Fall\/Winter 2014-2015\" \/><img class=\"skip-lazy no-lazyload noLazy\" data-lazy-src=\"\" src =\"https:\/\/bobvarela.com\/wp-content\/flagallery\/desigual-080-barcelona-jan-14\/desigual_087.jpg\" alt=\"Ready to Wear Fall\/Winter 2014-2015\" \/><img class=\"skip-lazy no-lazyload noLazy\" data-lazy-src=\"\" src =\"https:\/\/bobvarela.com\/wp-content\/flagallery\/desigual-080-barcelona-jan-14\/desigual_089.jpg\" alt=\"Ready to Wear Fall\/Winter 2014-2015\" \/><img class=\"skip-lazy no-lazyload noLazy\" data-lazy-src=\"\" src =\"https:\/\/bobvarela.com\/wp-content\/flagallery\/desigual-080-barcelona-jan-14\/desigual_091.jpg\" alt=\"Ready to Wear Fall\/Winter 2014-2015\" \/><img class=\"skip-lazy no-lazyload noLazy\" data-lazy-src=\"\" src =\"https:\/\/bobvarela.com\/wp-content\/flagallery\/desigual-080-barcelona-jan-14\/desigual_093.jpg\" alt=\"Ready to Wear Fall\/Winter 2014-2015\" \/><img class=\"skip-lazy no-lazyload noLazy\" data-lazy-src=\"\" src =\"https:\/\/bobvarela.com\/wp-content\/flagallery\/desigual-080-barcelona-jan-14\/desigual_095.jpg\" alt=\"Ready to Wear Fall\/Winter 2014-2015\" \/><img class=\"skip-lazy no-lazyload noLazy\" data-lazy-src=\"\" src =\"https:\/\/bobvarela.com\/wp-content\/flagallery\/desigual-080-barcelona-jan-14\/desigual_097.jpg\" alt=\"Ready to Wear Fall\/Winter 2014-2015\" \/><img class=\"skip-lazy no-lazyload noLazy\" data-lazy-src=\"\" src =\"https:\/\/bobvarela.com\/wp-content\/flagallery\/desigual-080-barcelona-jan-14\/desigual_100.jpg\" alt=\"Ready to Wear Fall\/Winter 2014-2015\" \/><img class=\"skip-lazy no-lazyload noLazy\" data-lazy-src=\"\" src =\"https:\/\/bobvarela.com\/wp-content\/flagallery\/desigual-080-barcelona-jan-14\/desigual_102.jpg\" alt=\"Ready to Wear Fall\/Winter 2014-2015\" \/><img class=\"skip-lazy no-lazyload noLazy\" data-lazy-src=\"\" src =\"https:\/\/bobvarela.com\/wp-content\/flagallery\/desigual-080-barcelona-jan-14\/desigual_104.jpg\" alt=\"Ready to Wear Fall\/Winter 2014-2015\" \/><img class=\"skip-lazy no-lazyload noLazy\" data-lazy-src=\"\" src =\"https:\/\/bobvarela.com\/wp-content\/flagallery\/desigual-080-barcelona-jan-14\/desigual_106.jpg\" alt=\"Ready to Wear Fall\/Winter 2014-2015\" \/><img class=\"skip-lazy no-lazyload noLazy\" data-lazy-src=\"\" src =\"https:\/\/bobvarela.com\/wp-content\/flagallery\/desigual-080-barcelona-jan-14\/desigual_107.jpg\" alt=\"Ready to Wear Fall\/Winter 2014-2015\" \/><img class=\"skip-lazy no-lazyload noLazy\" data-lazy-src=\"\" src =\"https:\/\/bobvarela.com\/wp-content\/flagallery\/desigual-080-barcelona-jan-14\/desigual_110.jpg\" alt=\"Ready to Wear Fall\/Winter 2014-2015\" \/><img class=\"skip-lazy no-lazyload noLazy\" data-lazy-src=\"\" src =\"https:\/\/bobvarela.com\/wp-content\/flagallery\/desigual-080-barcelona-jan-14\/desigual_112.jpg\" alt=\"Ready to Wear Fall\/Winter 2014-2015\" \/><img class=\"skip-lazy no-lazyload noLazy\" data-lazy-src=\"\" src =\"https:\/\/bobvarela.com\/wp-content\/flagallery\/desigual-080-barcelona-jan-14\/desigual_113.jpg\" alt=\"Ready to Wear Fall\/Winter 2014-2015\" \/><img class=\"skip-lazy no-lazyload noLazy\" data-lazy-src=\"\" src =\"https:\/\/bobvarela.com\/wp-content\/flagallery\/desigual-080-barcelona-jan-14\/desigual_116.jpg\" alt=\"Ready to Wear Fall\/Winter 2014-2015\" \/><img class=\"skip-lazy no-lazyload noLazy\" data-lazy-src=\"\" src =\"https:\/\/bobvarela.com\/wp-content\/flagallery\/desigual-080-barcelona-jan-14\/desigual_117.jpg\" alt=\"Ready to Wear Fall\/Winter 2014-2015\" \/><img class=\"skip-lazy no-lazyload noLazy\" data-lazy-src=\"\" src =\"https:\/\/bobvarela.com\/wp-content\/flagallery\/desigual-080-barcelona-jan-14\/desigual_119.jpg\" alt=\"Ready to Wear Fall\/Winter 2014-2015\" \/><\/noscript>\n","protected":false},"excerpt":{"rendered":"<p>Desigual cierro&#160; la segunda jornada de desfiles de la pasarela 080 Barcelona Fashion con su colecci\u00f3n &quot;Why?&quot;, oto\u00f1o-invierno 2014-2015. De la mano de la top model Irina Shayk, Desigual presento&#160; hasta ahora la &quot;m\u00e1s valiente y reflexiva &quot; colecci\u00f3n creada&hellip;<\/p>\n<p class=\"more-link-p\"><a class=\"more-link\" href=\"https:\/\/bobvarela.com\/?p=48627\">Read more &rarr;<\/a><\/p>\n","protected":false},"author":1,"featured_media":0,"comment_status":"open","ping_status":"open","sticky":false,"template":"","format":"standard","meta":{"ngg_post_thumbnail":0,"footnotes":""},"categories":[478,4],"tags":[],"class_list":["post-48627","post","type-post","status-publish","format-standard","hentry","category-080-barcelona","category-moda"],"_links":{"self":[{"href":"https:\/\/bobvarela.com\/index.php?rest_route=\/wp\/v2\/posts\/48627","targetHints":{"allow":["GET"]}}],"collection":[{"href":"https:\/\/bobvarela.com\/index.php?rest_route=\/wp\/v2\/posts"}],"about":[{"href":"https:\/\/bobvarela.com\/index.php?rest_route=\/wp\/v2\/types\/post"}],"author":[{"embeddable":true,"href":"https:\/\/bobvarela.com\/index.php?rest_route=\/wp\/v2\/users\/1"}],"replies":[{"embeddable":true,"href":"https:\/\/bobvarela.com\/index.php?rest_route=%2Fwp%2Fv2%2Fcomments&post=48627"}],"version-history":[{"count":1,"href":"https:\/\/bobvarela.com\/index.php?rest_route=\/wp\/v2\/posts\/48627\/revisions"}],"predecessor-version":[{"id":48628,"href":"https:\/\/bobvarela.com\/index.php?rest_route=\/wp\/v2\/posts\/48627\/revisions\/48628"}],"wp:attachment":[{"href":"https:\/\/bobvarela.com\/index.php?rest_route=%2Fwp%2Fv2%2Fmedia&parent=48627"}],"wp:term":[{"taxonomy":"category","embeddable":true,"href":"https:\/\/bobvarela.com\/index.php?rest_route=%2Fwp%2Fv2%2Fcategories&post=48627"},{"taxonomy":"post_tag","embeddable":true,"href":"https:\/\/bobvarela.com\/index.php?rest_route=%2Fwp%2Fv2%2Ftags&post=48627"}],"curies":[{"name":"wp","href":"https:\/\/api.w.org\/{rel}","templated":true}]}}