{"id":48830,"date":"2014-01-31T06:29:00","date_gmt":"2014-01-31T10:29:00","guid":{"rendered":"https:\/\/bobvarela.com\/?p=48830"},"modified":"2014-01-31T06:29:01","modified_gmt":"2014-01-31T10:29:01","slug":"san-juan-moda-silver-carpet-jan-2014","status":"publish","type":"post","link":"https:\/\/bobvarela.com\/?p=48830","title":{"rendered":"San Juan Moda Silver Carpet Jan 2014"},"content":{"rendered":"<p align=\"center\"><a href=\"https:\/\/bobvarela.com\/wp-content\/uploads\/2014\/01\/IMG_0351.jpg\"><img loading=\"lazy\" decoding=\"async\" title=\"\" style=\"border-top: 0px; border-right: 0px; background-image: none; border-bottom: 0px; padding-top: 0px; padding-left: 0px; border-left: 0px; display: inline; padding-right: 0px\" border=\"0\" alt=\"\" src=\"https:\/\/bobvarela.com\/wp-content\/uploads\/2014\/01\/IMG_0351_thumb.jpg\" width=\"262\" height=\"162\" \/><\/a><a href=\"https:\/\/bobvarela.com\/wp-content\/uploads\/2014\/01\/IMG_0062.jpg\"><img loading=\"lazy\" decoding=\"async\" title=\"\" style=\"border-top: 0px; border-right: 0px; background-image: none; border-bottom: 0px; padding-top: 0px; padding-left: 0px; border-left: 0px; display: inline; padding-right: 0px\" border=\"0\" alt=\"\" src=\"https:\/\/bobvarela.com\/wp-content\/uploads\/2014\/01\/IMG_0062_thumb.jpg\" width=\"262\" height=\"161\" \/><\/a><\/p>\n<p align=\"justify\"><font size=\"3\">El 30 de enero en el San Juan Lincoln de la Avenida Kennedy fue la actividad Silver Carpet A fabulous night with the fashion designers of San Juan Moda<\/font><\/p>\n<p align=\"justify\"><font size=\"3\">En esta actividad tipo kick off party se anuncio que San Juan Moda Fashion Week celebrar\u00e1 su pr\u00f3xima edici\u00f3n del 15 al 22 de marzo en <\/font><a href=\"https:\/\/www.facebook.com\/ElSanJuanResort\"><font size=\"3\">El San Juan Resort<\/font><\/a><font size=\"3\">, la casa de la moda en Puerto Rico. Adem\u00e1s de dos dise\u00f1adores internacionales que se anunciaran luego sus nombre, van presentar en este edici\u00f3n dise\u00f1adores de la talla de Jaer Caban, Juan Colon, Jose Raul, Lisa Thon, Sonia Rivera, Ruben Dario y Harry Robles.<\/font><\/p>\n<p align=\"justify\"><font size=\"3\">A continuaci\u00f3n presentamos parte de lo acontecido en esta actividad donde algunos dise\u00f1adores presentaron colecci\u00f3n de su pasada presentaci\u00f3n:<\/font> <\/p>\n<p align=\"justify\"><font size=\"3\" face=\"Verdana\">ngg_shortcode_0_placeholder<\/font><\/p>\n","protected":false},"excerpt":{"rendered":"<p>El 30 de enero en el San Juan Lincoln de la Avenida Kennedy fue la actividad Silver Carpet A fabulous night with the fashion designers of San Juan Moda En esta actividad tipo kick off party se anuncio que San&hellip;<\/p>\n<p class=\"more-link-p\"><a class=\"more-link\" href=\"https:\/\/bobvarela.com\/?p=48830\">Read more &rarr;<\/a><\/p>\n","protected":false},"author":1,"featured_media":0,"comment_status":"open","ping_status":"open","sticky":false,"template":"","format":"standard","meta":{"ngg_post_thumbnail":0,"footnotes":""},"categories":[4,295],"tags":[],"class_list":["post-48830","post","type-post","status-publish","format-standard","hentry","category-moda","category-puerto-rico"],"_links":{"self":[{"href":"https:\/\/bobvarela.com\/index.php?rest_route=\/wp\/v2\/posts\/48830","targetHints":{"allow":["GET"]}}],"collection":[{"href":"https:\/\/bobvarela.com\/index.php?rest_route=\/wp\/v2\/posts"}],"about":[{"href":"https:\/\/bobvarela.com\/index.php?rest_route=\/wp\/v2\/types\/post"}],"author":[{"embeddable":true,"href":"https:\/\/bobvarela.com\/index.php?rest_route=\/wp\/v2\/users\/1"}],"replies":[{"embeddable":true,"href":"https:\/\/bobvarela.com\/index.php?rest_route=%2Fwp%2Fv2%2Fcomments&post=48830"}],"version-history":[{"count":1,"href":"https:\/\/bobvarela.com\/index.php?rest_route=\/wp\/v2\/posts\/48830\/revisions"}],"predecessor-version":[{"id":48831,"href":"https:\/\/bobvarela.com\/index.php?rest_route=\/wp\/v2\/posts\/48830\/revisions\/48831"}],"wp:attachment":[{"href":"https:\/\/bobvarela.com\/index.php?rest_route=%2Fwp%2Fv2%2Fmedia&parent=48830"}],"wp:term":[{"taxonomy":"category","embeddable":true,"href":"https:\/\/bobvarela.com\/index.php?rest_route=%2Fwp%2Fv2%2Fcategories&post=48830"},{"taxonomy":"post_tag","embeddable":true,"href":"https:\/\/bobvarela.com\/index.php?rest_route=%2Fwp%2Fv2%2Ftags&post=48830"}],"curies":[{"name":"wp","href":"https:\/\/api.w.org\/{rel}","templated":true}]}}