{"id":48970,"date":"2014-02-03T07:32:49","date_gmt":"2014-02-03T11:32:49","guid":{"rendered":"https:\/\/bobvarela.com\/?p=48970"},"modified":"2014-02-03T07:32:49","modified_gmt":"2014-02-03T11:32:49","slug":"preliminar-miss-puerto-rico-teen-world-2014-traje-de-gala","status":"publish","type":"post","link":"https:\/\/bobvarela.com\/?p=48970","title":{"rendered":"Preliminar Miss Puerto Rico Teen World 2014  Traje de Gala"},"content":{"rendered":"<p align=\"justify\"><font size=\"3\">El 2 de febrero en el Centro de Bellas Artes Guaynabo se celebro la preliminar de Miss Puerto Rico Teen World 2014. En esta ocasi\u00f3n presentamos a las candidatas en traje de gala. Esta noche tendremos la informaci\u00f3n mas completa de lo acontecido y la presentaci\u00f3n en traje ba\u00f1o confeccionado por Alfredo Ra\u00fal Montalvo.<\/font><\/p>\n<p align=\"justify\"><font size=\"4\" face=\"Verdana\">ngg_shortcode_0_placeholder<\/font><\/p>\n","protected":false},"excerpt":{"rendered":"<p>El 2 de febrero en el Centro de Bellas Artes Guaynabo se celebro la preliminar de Miss Puerto Rico Teen World 2014. En esta ocasi\u00f3n presentamos a las candidatas en traje de gala. Esta noche tendremos la informaci\u00f3n mas completa&hellip;<\/p>\n<p class=\"more-link-p\"><a class=\"more-link\" href=\"https:\/\/bobvarela.com\/?p=48970\">Read more &rarr;<\/a><\/p>\n","protected":false},"author":1,"featured_media":0,"comment_status":"open","ping_status":"open","sticky":false,"template":"","format":"standard","meta":{"ngg_post_thumbnail":0,"footnotes":""},"categories":[5,410],"tags":[],"class_list":["post-48970","post","type-post","status-publish","format-standard","hentry","category-concursos","category-miss-teen-world-pr"],"_links":{"self":[{"href":"https:\/\/bobvarela.com\/index.php?rest_route=\/wp\/v2\/posts\/48970","targetHints":{"allow":["GET"]}}],"collection":[{"href":"https:\/\/bobvarela.com\/index.php?rest_route=\/wp\/v2\/posts"}],"about":[{"href":"https:\/\/bobvarela.com\/index.php?rest_route=\/wp\/v2\/types\/post"}],"author":[{"embeddable":true,"href":"https:\/\/bobvarela.com\/index.php?rest_route=\/wp\/v2\/users\/1"}],"replies":[{"embeddable":true,"href":"https:\/\/bobvarela.com\/index.php?rest_route=%2Fwp%2Fv2%2Fcomments&post=48970"}],"version-history":[{"count":1,"href":"https:\/\/bobvarela.com\/index.php?rest_route=\/wp\/v2\/posts\/48970\/revisions"}],"predecessor-version":[{"id":48971,"href":"https:\/\/bobvarela.com\/index.php?rest_route=\/wp\/v2\/posts\/48970\/revisions\/48971"}],"wp:attachment":[{"href":"https:\/\/bobvarela.com\/index.php?rest_route=%2Fwp%2Fv2%2Fmedia&parent=48970"}],"wp:term":[{"taxonomy":"category","embeddable":true,"href":"https:\/\/bobvarela.com\/index.php?rest_route=%2Fwp%2Fv2%2Fcategories&post=48970"},{"taxonomy":"post_tag","embeddable":true,"href":"https:\/\/bobvarela.com\/index.php?rest_route=%2Fwp%2Fv2%2Ftags&post=48970"}],"curies":[{"name":"wp","href":"https:\/\/api.w.org\/{rel}","templated":true}]}}