{"id":49050,"date":"2014-02-06T19:51:36","date_gmt":"2014-02-06T23:51:36","guid":{"rendered":"https:\/\/bobvarela.com\/?p=49050"},"modified":"2014-02-06T19:51:37","modified_gmt":"2014-02-06T23:51:37","slug":"el-cabello-y-maquillaje-tendrn-su-propia-pasarela-en-san-juan-moda","status":"publish","type":"post","link":"https:\/\/bobvarela.com\/?p=49050","title":{"rendered":"El cabello y maquillaje tendr&aacute;n su propia pasarela en San Juan Moda"},"content":{"rendered":"<p align=\"center\"><font size=\"4\"><b><a href=\"https:\/\/bobvarela.com\/wp-content\/uploads\/2014\/02\/cid_ii_144091ae7353e87ag.jpg\"><img loading=\"lazy\" decoding=\"async\" title=\"OF Atelier 2014 Spring-Summer Collection\" style=\"border-top: 0px; border-right: 0px; background-image: none; border-bottom: 0px; padding-top: 0px; padding-left: 0px; border-left: 0px; display: inline; padding-right: 0px\" border=\"0\" alt=\"OF Atelier 2014 Spring-Summer Collection\" src=\"https:\/\/bobvarela.com\/wp-content\/uploads\/2014\/02\/cid_ii_144091ae7353e87ag_thumb.jpg\" width=\"394\" height=\"227\" \/><\/a><\/b><\/font><\/p>\n<p align=\"justify\"><font size=\"4\"><b>San Juan Moda<\/b>&#160; lleg\u00f3 para quedarse y luego del \u00e9xito de su primera edici\u00f3n, el colectivo de moda se propone romper sus propias expectativas y convertir el evento en una plataforma de exposici\u00f3n para todas las \u00e1reas en la industria de la moda y la belleza. En la edici\u00f3n Oto\u00f1o Invierno 2014, que se llevar\u00e1 a cabo del 15 al 22 de marzo del corriente a\u00f1o en El San Juan Resort &amp; Casino, le lleg\u00f3 el turno a los estilistas y salones de belleza de presentar sus propuestas para la pr\u00f3xima temporada.<\/font><\/p>\n<p align=\"justify\"><font size=\"4\">Siete de los salones m\u00e1s reconocidos del pa\u00eds presentar\u00e1n su visi\u00f3n de corte y color de cabello. Bloom, Mike &amp; Alis, Miranda Beauty, MG Salon de Manolo Gonz\u00e1lez y Stylo son cinco de los siete salones que impactar\u00e1n en el lobby del Hotel San Juan con sus tendencias de temporada.<\/font><\/p>\n<p align=\"justify\"><font size=\"4\"><i>\u201cEllos ser\u00e1n la estrella de su propio espect\u00e1culo durante la semana de la moda del pa\u00eds. Queremos que nuestro evento sirva de plataforma para que el mundo entero conozca cuan talentosos somos los boricuas. Tenemos que recordar que nuestros estilistas del patio han sido premiados en un sinn\u00famero de competencias y han recibido reconocimientos a nivel internacional\u201d<\/i>, explic\u00f3 Carlos Berm\u00fadez, Presidente de <b>San Juan Moda<\/b>.<\/font><\/p>\n<p align=\"justify\"><font size=\"4\"><i>\u201cSabemos que la fusi\u00f3n de la moda con el estilismo en un evento como San Juan Moda, fortalecer\u00e1 la industria y abrir\u00e1 una ventana para seguir exponiendo el talento de nuestro pa\u00eds\u201d<\/i>, a\u00f1adi\u00f3.<\/font><\/p>\n<p align=\"justify\"><font size=\"4\">El vest\u00edbulo del Hotel San Juan se transformar\u00e1 en la vitrina perfecta para que los estilistas puedan presentar sus propuestas y que el p\u00fablico pueda disfrutar de un espect\u00e1culo en el que conocer\u00e1n las tendencias que se avecinan. Previo a las presentaciones de los salones de belleza se presentar\u00e1n las colecciones de dise\u00f1adores de accesorios, igual que se hizo en la primera edici\u00f3n.<\/font><\/p>\n<p align=\"justify\"><font size=\"4\"><i>\u201cDesde un principio hemos tenido la visi\u00f3n de una semana de la moda completa y esto incluye el estilismo. Quer\u00edamos que los artistas detr\u00e1s de los looks de los desfiles tuvieran su propio show y tambi\u00e9n fueran protagonistas\u201d<\/i>, asegur\u00f3 Lemil Collazo, Director Creativo del evento.<\/font><\/p>\n","protected":false},"excerpt":{"rendered":"<p>San Juan Moda&#160; lleg\u00f3 para quedarse y luego del \u00e9xito de su primera edici\u00f3n, el colectivo de moda se propone romper sus propias expectativas y convertir el evento en una plataforma de exposici\u00f3n para todas las \u00e1reas en la industria&hellip;<\/p>\n<p class=\"more-link-p\"><a class=\"more-link\" href=\"https:\/\/bobvarela.com\/?p=49050\">Read more &rarr;<\/a><\/p>\n","protected":false},"author":1,"featured_media":0,"comment_status":"open","ping_status":"open","sticky":false,"template":"","format":"standard","meta":{"ngg_post_thumbnail":0,"footnotes":""},"categories":[4,295],"tags":[],"class_list":["post-49050","post","type-post","status-publish","format-standard","hentry","category-moda","category-puerto-rico"],"_links":{"self":[{"href":"https:\/\/bobvarela.com\/index.php?rest_route=\/wp\/v2\/posts\/49050","targetHints":{"allow":["GET"]}}],"collection":[{"href":"https:\/\/bobvarela.com\/index.php?rest_route=\/wp\/v2\/posts"}],"about":[{"href":"https:\/\/bobvarela.com\/index.php?rest_route=\/wp\/v2\/types\/post"}],"author":[{"embeddable":true,"href":"https:\/\/bobvarela.com\/index.php?rest_route=\/wp\/v2\/users\/1"}],"replies":[{"embeddable":true,"href":"https:\/\/bobvarela.com\/index.php?rest_route=%2Fwp%2Fv2%2Fcomments&post=49050"}],"version-history":[{"count":1,"href":"https:\/\/bobvarela.com\/index.php?rest_route=\/wp\/v2\/posts\/49050\/revisions"}],"predecessor-version":[{"id":49051,"href":"https:\/\/bobvarela.com\/index.php?rest_route=\/wp\/v2\/posts\/49050\/revisions\/49051"}],"wp:attachment":[{"href":"https:\/\/bobvarela.com\/index.php?rest_route=%2Fwp%2Fv2%2Fmedia&parent=49050"}],"wp:term":[{"taxonomy":"category","embeddable":true,"href":"https:\/\/bobvarela.com\/index.php?rest_route=%2Fwp%2Fv2%2Fcategories&post=49050"},{"taxonomy":"post_tag","embeddable":true,"href":"https:\/\/bobvarela.com\/index.php?rest_route=%2Fwp%2Fv2%2Ftags&post=49050"}],"curies":[{"name":"wp","href":"https:\/\/api.w.org\/{rel}","templated":true}]}}