{"id":49241,"date":"2014-02-09T15:27:09","date_gmt":"2014-02-09T19:27:09","guid":{"rendered":"https:\/\/bobvarela.com\/?p=49241"},"modified":"2014-02-09T15:45:59","modified_gmt":"2014-02-09T19:45:59","slug":"final-miss-puerto-rico-teen-world-2014-segunda-parte","status":"publish","type":"post","link":"https:\/\/bobvarela.com\/?p=49241","title":{"rendered":"Final Miss Puerto Rico Teen World 2014 Segunda Parte"},"content":{"rendered":"<p align=\"justify\"><font size=\"3\">Liana Morales Sizemore se convirti\u00f3 anoche en la nueva Miss Teen World Puerto Rico en la gala final del certamen, celebrada en el Centro de Bellas Artes de Guaynabo.<\/font><\/p>\n<p align=\"justify\"><font size=\"3\">Tras varios meses de competencia, las&#160; candidatas que fueron tras el t\u00edtulo se enfrentaron por \u00faltima vez al jurado, quien luego de haber evaluado a las j\u00f3venes provientes de toda la Isla, seleccion\u00f3 como vencedora a Liana Morales Sizemore, Miss Aguadilla, como la nueva portadora de la corona y los valiosos premios.<\/font><\/p>\n<p align=\"justify\"><a href=\"https:\/\/bobvarela.com\/wp-content\/uploads\/2014\/02\/IMG_3082.jpg\"><img loading=\"lazy\" decoding=\"async\" title=\"\" style=\"border-top: 0px; border-right: 0px; background-image: none; border-bottom: 0px; padding-top: 0px; padding-left: 0px; border-left: 0px; display: inline; padding-right: 0px\" border=\"0\" alt=\"\" src=\"https:\/\/bobvarela.com\/wp-content\/uploads\/2014\/02\/IMG_3082_thumb.jpg\" width=\"198\" height=\"134\" \/><\/a><a href=\"https:\/\/bobvarela.com\/wp-content\/uploads\/2014\/02\/IMG_3131.jpg\"><img loading=\"lazy\" decoding=\"async\" title=\"\" style=\"border-top: 0px; border-right: 0px; background-image: none; border-bottom: 0px; padding-top: 0px; padding-left: 0px; border-left: 0px; display: inline; padding-right: 0px\" border=\"0\" alt=\"\" src=\"https:\/\/bobvarela.com\/wp-content\/uploads\/2014\/02\/IMG_3131_thumb.jpg\" width=\"198\" height=\"134\" \/><\/a><a href=\"https:\/\/bobvarela.com\/wp-content\/uploads\/2014\/02\/IMG_3091.jpg\"><img loading=\"lazy\" decoding=\"async\" title=\"\" style=\"border-top: 0px; border-right: 0px; background-image: none; border-bottom: 0px; padding-top: 0px; padding-left: 0px; border-left: 0px; display: inline; padding-right: 0px\" border=\"0\" alt=\"\" src=\"https:\/\/bobvarela.com\/wp-content\/uploads\/2014\/02\/IMG_3091_thumb.jpg\" width=\"198\" height=\"134\" \/><\/a><\/p>\n<p align=\"justify\"><font size=\"3\">La gala de coronaci\u00f3n inici\u00f3 con un desfile de alfombra roja por donde pasaron las candiddatas y pasadas reinas de la organizaci\u00f3n, junto a personalidades del mundo de la moda y belleza.&#160; Seguido&#160; dio inicio el magno evento que cont\u00f3 con la animaci\u00f3n de Nicole Chac\u00f3n, Nelson del Valle y el experto en belleza Luis Daniel Rosario.&#160; El p\u00fablico y el jurado tuvo la oportunidad de apreciar a todas las concursantes en vestidos de ba\u00f1o y de gala, mientras intercatuaban con los invitados musicales de la noche, Stereo 4, en un inmeso y vistoso escenario.&#160; Seleccionadas las 16 semifinalistas, evaludas previamente en la competencia preliminar, \u00e9stas desfilaron una vez m\u00e1s ante los jueces quienes redujeron el grupo a 8 finalistas. Ee grupo final&#160; contest\u00f3 una \u00faltima pregunta y modelaron para el jurado, definiendo as\u00ed los resultados de la competencia.&#160; Los responsabilidad de evaluar estuvo en manos de un jurado de expertos compuesto por: el Dr. Jos\u00e9 C. Vicens, Gisela Asencio, Emanuel Cap\u00f3, Sara Pastor, Lcda. Sheila Benab\u00e9, Calvin Sepulveda, Gabriela Berrios (Miss Universe PR), Yara La Santa, Eric Negr\u00f3n Matos, Desmond Santiago, Sonia Valent\u00edn, Marcos Billy Guzm\u00e1n, y la hacedora de reinas Grace Fontecha. <\/font><\/p>\n<p align=\"justify\"><a href=\"https:\/\/bobvarela.com\/wp-content\/uploads\/2014\/02\/IMG_2019.jpg\"><img loading=\"lazy\" decoding=\"async\" title=\"\" style=\"border-top: 0px; border-right: 0px; background-image: none; border-bottom: 0px; padding-top: 0px; padding-left: 0px; border-left: 0px; display: inline; padding-right: 0px\" border=\"0\" alt=\"\" src=\"https:\/\/bobvarela.com\/wp-content\/uploads\/2014\/02\/IMG_2019_thumb.jpg\" width=\"198\" height=\"134\" \/><\/a><a href=\"https:\/\/bobvarela.com\/wp-content\/uploads\/2014\/02\/IMG_2653.jpg\"><img loading=\"lazy\" decoding=\"async\" title=\"\" style=\"border-top: 0px; border-right: 0px; background-image: none; border-bottom: 0px; padding-top: 0px; padding-left: 0px; border-left: 0px; display: inline; padding-right: 0px\" border=\"0\" alt=\"\" src=\"https:\/\/bobvarela.com\/wp-content\/uploads\/2014\/02\/IMG_2653_thumb.jpg\" width=\"198\" height=\"134\" \/><\/a><a href=\"https:\/\/bobvarela.com\/wp-content\/uploads\/2014\/02\/IMG_3128.jpg\"><img loading=\"lazy\" decoding=\"async\" title=\"\" style=\"border-top: 0px; border-right: 0px; background-image: none; border-bottom: 0px; padding-top: 0px; padding-left: 0px; border-left: 0px; display: inline; padding-right: 0px\" border=\"0\" alt=\"\" src=\"https:\/\/bobvarela.com\/wp-content\/uploads\/2014\/02\/IMG_3128_thumb.jpg\" width=\"198\" height=\"134\" \/><\/a><font size=\"3\"><\/font><\/p>\n<p align=\"justify\"><font size=\"3\">Al darse a conocer los resultados fueron mencionadas las tres reinas adicionales, que al igual que Liana, obtuvieron coronas y representar\u00e1n a Puerto Rico internacionalmente. Krystal De Jes\u00fas, Miss Dorado; Paola Ramirez, Miss Juana D\u00edaz y Danyeshka Hern\u00e1ndez, MIss Cayey,&#160; se conviertieron respectivamente en Miss Teenager World Puerto Rico,&#160; Miss Teen International Puerto Rico y Miss Teen Beauty UNiverse..&#160; \u00c9stas representar\u00e1n a la isla en Guatemala, Brasil y Costa Rica.<\/font><\/p>\n<p align=\"justify\"><a href=\"https:\/\/bobvarela.com\/wp-content\/uploads\/2014\/02\/IMG_3122.jpg\"><img loading=\"lazy\" decoding=\"async\" title=\"\" style=\"border-top: 0px; border-right: 0px; background-image: none; border-bottom: 0px; padding-top: 0px; padding-left: 0px; border-left: 0px; display: inline; padding-right: 0px\" border=\"0\" alt=\"\" src=\"https:\/\/bobvarela.com\/wp-content\/uploads\/2014\/02\/IMG_3122_thumb.jpg\" width=\"198\" height=\"134\" \/><\/a><a href=\"https:\/\/bobvarela.com\/wp-content\/uploads\/2014\/02\/IMG_3069.jpg\"><img loading=\"lazy\" decoding=\"async\" title=\"\" style=\"border-top: 0px; border-right: 0px; background-image: none; border-bottom: 0px; padding-top: 0px; padding-left: 0px; border-left: 0px; display: inline; padding-right: 0px\" border=\"0\" alt=\"\" src=\"https:\/\/bobvarela.com\/wp-content\/uploads\/2014\/02\/IMG_3069_thumb.jpg\" width=\"198\" height=\"134\" \/><\/a><a href=\"https:\/\/bobvarela.com\/wp-content\/uploads\/2014\/02\/IMG_2671.jpg\"><img loading=\"lazy\" decoding=\"async\" title=\"\" style=\"border-top: 0px; border-right: 0px; background-image: none; border-bottom: 0px; padding-top: 0px; padding-left: 0px; border-left: 0px; display: inline; padding-right: 0px\" border=\"0\" alt=\"\" src=\"https:\/\/bobvarela.com\/wp-content\/uploads\/2014\/02\/IMG_2671_thumb.jpg\" width=\"198\" height=\"134\" \/><\/a><font size=\"3\"><\/font><\/p>\n<p align=\"justify\"><font size=\"3\">La ganadora principal, que cuenta con 17 a\u00f1os, representar\u00e1 a Puerto Rico en Miss Tenneager International en Guatemala. Obtuvo, entre otros premios, la lujosa corona de dise\u00f1o exclusivo valorada en $5,000.00, una casa Mi Estilo, un viaje en crucero,&#160; viaje ida y vuelta a la competencia internacional con todos los gastos inclu\u00eddos, representaci\u00f3n por un a\u00f1o, portfolio fotogr\u00e1fico, arreglo personal, vestidos y calzado.<\/font><\/p>\n<p align=\"justify\"><font size=\"3\">La novel reina dijo sentirse emocionada y muy agradecida de Dios&#160; por este logro.&#160; \u201cMe siento feliz y emocionada. Demostr\u00e9 que con dedicaci\u00f3n y&#160; esfuerzo se pueden alcanzar nuestros sue\u00f1os. Doy gracias a todos los que me ayudaron, pero sobre todo a Dios por permitirme tener esta experiencia\u201d, enfatiz\u00f3 la joven quien tambi\u00e9n exhort\u00f3 a las dem\u00e1s candidatas a no rendirse y a seguir luchando por sus sue\u00f1os.<\/font><\/p>\n<p align=\"justify\"><font size=\"3\"> Carlos Figueroa Figueroa, presidente de Teen World of Puerto Rico, Inc. dijo sentirse satisfecho y feliz con todo el evento, en el que tambien se celebr\u00f3 el d\u00e9cimo aniversario.&#160; Agreg\u00f3 adem\u00e1s que sabe que las cuatro reinas \u201char\u00e1n un excelente trabajo y desempe\u00f1o en su representaci\u00f3n internacional\u201d.<\/font><\/p>\n<p align=\"justify\"><font size=\"3\">Durante la semana pondremos fotos de alfombra rosa y backstage&#160; exclusivamente en nuetro Fan Page <\/font><\/p>\n<p align=\"justify\"><font size=\"3\">La gala final sera transmitida el pr\u00f3ximo s\u00e1bado 8 de marzo, a las 9:00pm por Telemundo Punto2.<\/font>&#160;<\/p>\n<p><font size=\"4\" face=\"Verdana\">ngg_shortcode_0_placeholder<\/font><\/p>\n","protected":false},"excerpt":{"rendered":"<p>Liana Morales Sizemore se convirti\u00f3 anoche en la nueva Miss Teen World Puerto Rico en la gala final del certamen, celebrada en el Centro de Bellas Artes de Guaynabo. Tras varios meses de competencia, las&#160; candidatas que fueron tras el&hellip;<\/p>\n<p class=\"more-link-p\"><a class=\"more-link\" href=\"https:\/\/bobvarela.com\/?p=49241\">Read more &rarr;<\/a><\/p>\n","protected":false},"author":1,"featured_media":0,"comment_status":"open","ping_status":"open","sticky":false,"template":"","format":"standard","meta":{"ngg_post_thumbnail":0,"footnotes":""},"categories":[5,410],"tags":[],"class_list":["post-49241","post","type-post","status-publish","format-standard","hentry","category-concursos","category-miss-teen-world-pr"],"_links":{"self":[{"href":"https:\/\/bobvarela.com\/index.php?rest_route=\/wp\/v2\/posts\/49241","targetHints":{"allow":["GET"]}}],"collection":[{"href":"https:\/\/bobvarela.com\/index.php?rest_route=\/wp\/v2\/posts"}],"about":[{"href":"https:\/\/bobvarela.com\/index.php?rest_route=\/wp\/v2\/types\/post"}],"author":[{"embeddable":true,"href":"https:\/\/bobvarela.com\/index.php?rest_route=\/wp\/v2\/users\/1"}],"replies":[{"embeddable":true,"href":"https:\/\/bobvarela.com\/index.php?rest_route=%2Fwp%2Fv2%2Fcomments&post=49241"}],"version-history":[{"count":3,"href":"https:\/\/bobvarela.com\/index.php?rest_route=\/wp\/v2\/posts\/49241\/revisions"}],"predecessor-version":[{"id":49244,"href":"https:\/\/bobvarela.com\/index.php?rest_route=\/wp\/v2\/posts\/49241\/revisions\/49244"}],"wp:attachment":[{"href":"https:\/\/bobvarela.com\/index.php?rest_route=%2Fwp%2Fv2%2Fmedia&parent=49241"}],"wp:term":[{"taxonomy":"category","embeddable":true,"href":"https:\/\/bobvarela.com\/index.php?rest_route=%2Fwp%2Fv2%2Fcategories&post=49241"},{"taxonomy":"post_tag","embeddable":true,"href":"https:\/\/bobvarela.com\/index.php?rest_route=%2Fwp%2Fv2%2Ftags&post=49241"}],"curies":[{"name":"wp","href":"https:\/\/api.w.org\/{rel}","templated":true}]}}