{"id":49257,"date":"2014-02-09T23:05:08","date_gmt":"2014-02-10T03:05:08","guid":{"rendered":"https:\/\/bobvarela.com\/?p=49257"},"modified":"2014-02-09T23:05:08","modified_gmt":"2014-02-10T03:05:08","slug":"diseadores-puertorriqueos-se-unen-para-presentar-sus-nuevas-colecciones","status":"publish","type":"post","link":"https:\/\/bobvarela.com\/?p=49257","title":{"rendered":"Dise&ntilde;adores puertorrique&ntilde;os se unen para presentar sus nuevas colecciones"},"content":{"rendered":"<p align=\"justify\"><font size=\"3\">M\u00e1s de ocho dise\u00f1adores de Puerto Rico se unir\u00e1n en una misma pasarela para presentar sus nuevas colecciones Oto\u00f1o-Invierno 2014, en el evento \u00d3ptima Runway, una tarde de moda y en la que tambi\u00e9n se premiar\u00e1 a las estudiantes y modelos de la prestigiosa Agencia \u00d3ptima. Dicho evento se celebrar\u00e1 el domingo, 30 de marzo, a las 3:00 p.m., en el Embassy Suites Hotel &amp; Casino de Dorado.<\/font><\/p>\n<p align=\"center\"><a href=\"https:\/\/bobvarela.com\/wp-content\/uploads\/2014\/02\/optima-Runway-2013-215.jpg\"><img loading=\"lazy\" decoding=\"async\" title=\"optima Runway 2013 215\" style=\"border-top: 0px; border-right: 0px; background-image: none; border-bottom: 0px; padding-top: 0px; padding-left: 0px; border-left: 0px; display: inline; padding-right: 0px\" border=\"0\" alt=\"optima Runway 2013 215\" src=\"https:\/\/bobvarela.com\/wp-content\/uploads\/2014\/02\/optima-Runway-2013-215_thumb.jpg\" width=\"131\" height=\"194\" \/><\/a><a href=\"https:\/\/bobvarela.com\/wp-content\/uploads\/2014\/02\/optima-Runway-2013-239.jpg\"><img loading=\"lazy\" decoding=\"async\" title=\"optima Runway 2013 239\" style=\"border-top: 0px; border-right: 0px; background-image: none; border-bottom: 0px; padding-top: 0px; padding-left: 0px; border-left: 0px; display: inline; padding-right: 0px\" border=\"0\" alt=\"optima Runway 2013 239\" src=\"https:\/\/bobvarela.com\/wp-content\/uploads\/2014\/02\/optima-Runway-2013-239_thumb.jpg\" width=\"131\" height=\"194\" \/><\/a><\/p>\n<p align=\"justify\"><font size=\"3\">Normariliz Soto, Idalia Su\u00e1rez, Kelvin Giovannie, Elaine Moreira, Punky Collection, Patricia Rivera, Jos\u00e9 Braulio, Isaac Johan y Lisa Nieves conforman el grupo de dise\u00f1adores que presentar\u00e1n sus nuevas colecciones. El evento, adem\u00e1s, contar\u00e1 con desfiles de Unik Boutique y Galer\u00eda de Novios Boutique. Figuras de la industria del modelaje, fashion stylists y destacados editores de revistas se unen a este evento, que se celebra hace 10 a\u00f1os. <\/font><\/p>\n<p align=\"center\"><a href=\"https:\/\/bobvarela.com\/wp-content\/uploads\/2014\/02\/optima-Runway-2013-267.jpg\"><img loading=\"lazy\" decoding=\"async\" title=\"optima Runway 2013 267\" style=\"border-top: 0px; border-right: 0px; background-image: none; border-bottom: 0px; padding-top: 0px; padding-left: 0px; border-left: 0px; display: inline; padding-right: 0px\" border=\"0\" alt=\"optima Runway 2013 267\" src=\"https:\/\/bobvarela.com\/wp-content\/uploads\/2014\/02\/optima-Runway-2013-267_thumb.jpg\" width=\"131\" height=\"194\" \/><\/a><a href=\"https:\/\/bobvarela.com\/wp-content\/uploads\/2014\/02\/optima-Runway-2013-242.jpg\"><img loading=\"lazy\" decoding=\"async\" title=\"optima Runway 2013 242\" style=\"border-top: 0px; border-right: 0px; background-image: none; border-bottom: 0px; padding-top: 0px; padding-left: 0px; border-left: 0px; display: inline; padding-right: 0px\" border=\"0\" alt=\"optima Runway 2013 242\" src=\"https:\/\/bobvarela.com\/wp-content\/uploads\/2014\/02\/optima-Runway-2013-242_thumb.jpg\" width=\"131\" height=\"194\" \/><\/a><font size=\"3\"><\/font><\/p>\n<p align=\"justify\"><font size=\"3\">\u201cEsta es la d\u00e9cima edici\u00f3n del \u00d3ptima Runway, que se ha convertido en un foro de moda para los dise\u00f1adores, quienes tienen la oportunidad de exponer sus nuevas colecciones para que el p\u00fablico pueda conocer las tendencias que se aproximan para la pr\u00f3xima temporada. El pasado a\u00f1o algunos dise\u00f1adores que participaron en nuestro evento lograron llevar sus colecciones a pasarelas internacionales y me llena de mucho orgullo y entusiasmo que hayan tenido este evento como una plataforma m\u00e1s para exponer su talento\u201d, sostuvo Yarimar Marrero, propietaria de \u00d3ptima. <\/font><\/p>\n<p align=\"center\"><a href=\"https:\/\/bobvarela.com\/wp-content\/uploads\/2014\/02\/optima-Runway-2013-275.jpg\"><img loading=\"lazy\" decoding=\"async\" title=\"optima Runway 2013 275\" style=\"border-top: 0px; border-right: 0px; background-image: none; border-bottom: 0px; padding-top: 0px; padding-left: 0px; border-left: 0px; display: inline; padding-right: 0px\" border=\"0\" alt=\"optima Runway 2013 275\" src=\"https:\/\/bobvarela.com\/wp-content\/uploads\/2014\/02\/optima-Runway-2013-275_thumb.jpg\" width=\"131\" height=\"194\" \/><\/a><a href=\"https:\/\/bobvarela.com\/wp-content\/uploads\/2014\/02\/optima-Runway-2013-227.jpg\"><img loading=\"lazy\" decoding=\"async\" title=\"optima Runway 2013 227\" style=\"border-top: 0px; border-right: 0px; background-image: none; border-bottom: 0px; padding-top: 0px; padding-left: 0px; border-left: 0px; display: inline; padding-right: 0px\" border=\"0\" alt=\"optima Runway 2013 227\" src=\"https:\/\/bobvarela.com\/wp-content\/uploads\/2014\/02\/optima-Runway-2013-227_thumb.jpg\" width=\"131\" height=\"194\" \/><\/a><font size=\"3\"><\/font><\/p>\n<p align=\"justify\"><font size=\"3\">Como parte la actividad un grupo de personalidades de la industria de la moda seleccionar\u00e1 varios premios especiales como editoriales en revistas destacadas del pa\u00eds y campa\u00f1as publicitarias. Adem\u00e1s se escoger\u00e1n los nuevos rostros que ser\u00e1n parte de la agencia durante un a\u00f1o.<\/font><\/p>\n<p align=\"justify\"><font size=\"3\">Durante la actividad las personas disfrutar\u00e1n de un Fashion Bazaar y exhibidores. Las modelos ser\u00e1n arregladas y maquilladas por destacados peluqueros y maquillistas locales. La l\u00ednea de cosm\u00e9ticos oficial del evento ser\u00e1 Bobbi Brown. Para m\u00e1s informaci\u00f3n sobre la actividad y c\u00f3mo adquirir su invitaci\u00f3n favor de comunicarse al 787.869.1572.<\/font><\/p>\n","protected":false},"excerpt":{"rendered":"<p>M\u00e1s de ocho dise\u00f1adores de Puerto Rico se unir\u00e1n en una misma pasarela para presentar sus nuevas colecciones Oto\u00f1o-Invierno 2014, en el evento \u00d3ptima Runway, una tarde de moda y en la que tambi\u00e9n se premiar\u00e1 a las estudiantes y&hellip;<\/p>\n<p class=\"more-link-p\"><a class=\"more-link\" href=\"https:\/\/bobvarela.com\/?p=49257\">Read more &rarr;<\/a><\/p>\n","protected":false},"author":1,"featured_media":0,"comment_status":"open","ping_status":"open","sticky":false,"template":"","format":"standard","meta":{"ngg_post_thumbnail":0,"footnotes":""},"categories":[4,295],"tags":[],"class_list":["post-49257","post","type-post","status-publish","format-standard","hentry","category-moda","category-puerto-rico"],"_links":{"self":[{"href":"https:\/\/bobvarela.com\/index.php?rest_route=\/wp\/v2\/posts\/49257","targetHints":{"allow":["GET"]}}],"collection":[{"href":"https:\/\/bobvarela.com\/index.php?rest_route=\/wp\/v2\/posts"}],"about":[{"href":"https:\/\/bobvarela.com\/index.php?rest_route=\/wp\/v2\/types\/post"}],"author":[{"embeddable":true,"href":"https:\/\/bobvarela.com\/index.php?rest_route=\/wp\/v2\/users\/1"}],"replies":[{"embeddable":true,"href":"https:\/\/bobvarela.com\/index.php?rest_route=%2Fwp%2Fv2%2Fcomments&post=49257"}],"version-history":[{"count":1,"href":"https:\/\/bobvarela.com\/index.php?rest_route=\/wp\/v2\/posts\/49257\/revisions"}],"predecessor-version":[{"id":49258,"href":"https:\/\/bobvarela.com\/index.php?rest_route=\/wp\/v2\/posts\/49257\/revisions\/49258"}],"wp:attachment":[{"href":"https:\/\/bobvarela.com\/index.php?rest_route=%2Fwp%2Fv2%2Fmedia&parent=49257"}],"wp:term":[{"taxonomy":"category","embeddable":true,"href":"https:\/\/bobvarela.com\/index.php?rest_route=%2Fwp%2Fv2%2Fcategories&post=49257"},{"taxonomy":"post_tag","embeddable":true,"href":"https:\/\/bobvarela.com\/index.php?rest_route=%2Fwp%2Fv2%2Ftags&post=49257"}],"curies":[{"name":"wp","href":"https:\/\/api.w.org\/{rel}","templated":true}]}}