{"id":49271,"date":"2014-02-11T19:58:02","date_gmt":"2014-02-11T23:58:02","guid":{"rendered":"https:\/\/bobvarela.com\/?p=49271"},"modified":"2014-02-11T19:58:46","modified_gmt":"2014-02-11T23:58:46","slug":"el-coliseo-de-puerto-rico-anuncia-su-10mo-aniversario-inauguran-galera-fotogrfica-aqu-lo-contamos-todo-10-aos-de-emociones","status":"publish","type":"post","link":"https:\/\/bobvarela.com\/?p=49271","title":{"rendered":"El Coliseo de Puerto Rico:  Anuncia su 10mo Aniversario   Inauguran Galer&iacute;a Fotogr&aacute;fica &ldquo;Aqu&iacute; lo Contamos Todo: 10 A&ntilde;os de Emociones&rdquo;"},"content":{"rendered":"<p align=\"center\"><a href=\"https:\/\/bobvarela.com\/wp-content\/uploads\/2014\/02\/image.png\"><img loading=\"lazy\" decoding=\"async\" title=\"image\" style=\"border-top: 0px; border-right: 0px; background-image: none; border-bottom: 0px; padding-top: 0px; padding-left: 0px; border-left: 0px; display: inline; padding-right: 0px\" border=\"0\" alt=\"image\" src=\"https:\/\/bobvarela.com\/wp-content\/uploads\/2014\/02\/image_thumb.png\" width=\"374\" height=\"231\" \/><\/a><\/p>\n<p align=\"justify\"><font size=\"3\">La gerencia del Coliseo de Puerto Rico Jos\u00e9 Miguel Agrelot anunci\u00f3 hoy en conferencia de prensa su 10mo Aniversario junto a la familia de Jos\u00e9 Miguel Agrelot, el Colegio de Productores de Puerto Rico, y los empleados del Coliseo.<\/font><\/p>\n<p align=\"justify\"><font size=\"3\">\u201cDesde su inauguraci\u00f3n el 4 de septiembre de 2004, el Coliseo de Puerto Rico ha recibido la visita de sobre 5 millones de personas locales y de todas partes del mundo, que ahora ven en Puerto Rico y en este Coliseo una alternativa real, accesible, moderna y c\u00f3moda para disfrutar de su espect\u00e1culo y artista favorito,\u201d dijo el Lcdo. Victor Su\u00e1rez, Director de la Autoridad del Distrito de Convenciones y de la Autoridad de los Puertos. <\/font><\/p>\n<p align=\"center\"><a href=\"https:\/\/bobvarela.com\/wp-content\/uploads\/2014\/02\/photo-21.jpg\"><img loading=\"lazy\" decoding=\"async\" title=\"photo-2\" style=\"border-top: 0px; border-right: 0px; background-image: none; border-bottom: 0px; padding-top: 0px; padding-left: 0px; border-left: 0px; display: inline; padding-right: 0px\" border=\"0\" alt=\"photo-2\" src=\"https:\/\/bobvarela.com\/wp-content\/uploads\/2014\/02\/photo-2_thumb1.jpg\" width=\"254\" height=\"338\" \/><\/a><\/p>\n<p align=\"justify\"><font size=\"3\">Por su parte, Wesley Cullen, Gerente General del Coliseo de Puerto Rico, dijo que la inauguraci\u00f3n del Coliseo cambi\u00f3 para siempre la cara del entretenimiento en la Isla y la forma de montar espect\u00e1culos art\u00edsticos.<\/font><\/p>\n<p align=\"justify\"><font size=\"3\">\u201cCon humildad, pero con mucho orgullo, afirmo que las posibilidades que nuestro espacio ofrece ahora en Puerto Rico eran inimaginables hace 10 a\u00f1os,\u201d sostuvo Cullen. \u201cHicimos y seguimos haciendo historia, trabajando con disciplina y visi\u00f3n para tener en el patio las mejores y m\u00e1s modernas facilidades para nuestros artistas y de la misma manera atraer artistas y espect\u00e1culos de afuera que antes no hubieran podido presentarse en la Isla.\u201d<\/font><\/p>\n<p align=\"justify\"><font size=\"3\">Hasta hoy 11 de febrero de 2014 y desde sus comienzos se han celebrado 758 funciones en el Coliseo de Puerto Rico que incluyen desde conciertos musicales, religiosos e infantiles hasta producciones deportivas como boxeo, baloncesto y tennis; y eventos comunitarios como Race for the Cure. En su versi\u00f3n m\u00e1s completa el Coliseo sienta a 18,000 personas. <\/font><\/p>\n<p align=\"justify\"><font size=\"3\">Para marcar el comienzo del Calendario del 10mo Aniversario, el Coliseo de Puerto Rico en alianza con el peri\u00f3dico El Nuevo D\u00eda y GFR Media Group inaugur\u00f3 la Galer\u00eda de Fotos: \u201cAqu\u00ed lo Contamos Todo: Coliseo de Puerto Rico &#8211; 10 A\u00f1os de Emociones.\u201d <\/font><\/p>\n<p align=\"center\"><a href=\"https:\/\/bobvarela.com\/wp-content\/uploads\/2014\/02\/photo.jpg\"><img loading=\"lazy\" decoding=\"async\" title=\"photo\" style=\"border-top: 0px; border-right: 0px; background-image: none; border-bottom: 0px; padding-top: 0px; padding-left: 0px; border-left: 0px; display: inline; padding-right: 0px\" border=\"0\" alt=\"photo\" src=\"https:\/\/bobvarela.com\/wp-content\/uploads\/2014\/02\/photo_thumb.jpg\" width=\"394\" height=\"284\" \/><\/a><\/p>\n<p align=\"center\">Don Jose Carlos Agrelot, hijo de Don Cholito.&#160; Iris Eden. Arleene Perez. Y Carlo Agrelot, nieto de don Cholito<\/p>\n<p align=\"center\">&#160;<\/p>\n<p align=\"justify\"><font size=\"3\">La misma, abierta al p\u00fablico sin costo alguno, permanecer\u00e1 en el South End del segundo nivel del Coliseo hasta finales del mes de septiembre del corriente. La Galer\u00eda abre una hora antes de cada funci\u00f3n, y est\u00e1 disponible en otros horarios para visitas guiadas de grupos escolares y universitarios que as\u00ed lo soliciten.<\/font><\/p>\n<p align=\"justify\"><font size=\"3\">La Galer\u00eda comprende sobre 100 fotos hist\u00f3ricas propiedad de GFR Media Group que incluyen el proceso de construcci\u00f3n del Coliseo visto desde diferentes \u00e1ngulos, eventos celebrados en el Coliseo del 2004 al 2014, tiros cercanos de artistas nacionales e internacionales y ampliaciones gigantes de espect\u00e1culos y cantantes que rompieron y mantienen su r\u00e9cord en el Coliseo. <\/font><\/p>\n<p align=\"justify\"><font size=\"3\">Esta es una Galer\u00eda interactiva que adem\u00e1s integra cuatro plasmas donde el visitante podr\u00e1 ver fotos adicionales que no est\u00e1n en la Galer\u00eda as\u00ed como el video musical de la historia del Coliseo y un video especial donde artistas y productores env\u00edan mensajes de felicitaciones al Coliseo por el 10mo Aniversario. <\/font><\/p>\n<p align=\"justify\"><font size=\"3\">\u201cHemos sido aliados del Coliseo de Puerto Rico desde sus inicios,\u201d dijo Ailsa Valledor Vicepresidente de Mercadeo de GFR Media. \u201cHemos sido tambi\u00e9n testigos de sus \u00e9xitos y sus logros. Para nosotros es un placer ser parte de este Aniversario y proveerle las im\u00e1genes que forman la exhibici\u00f3n de fotos. Somos parte de esta historia.\u201d<\/font><\/p>\n","protected":false},"excerpt":{"rendered":"<p>La gerencia del Coliseo de Puerto Rico Jos\u00e9 Miguel Agrelot anunci\u00f3 hoy en conferencia de prensa su 10mo Aniversario junto a la familia de Jos\u00e9 Miguel Agrelot, el Colegio de Productores de Puerto Rico, y los empleados del Coliseo. \u201cDesde&hellip;<\/p>\n<p class=\"more-link-p\"><a class=\"more-link\" href=\"https:\/\/bobvarela.com\/?p=49271\">Read more &rarr;<\/a><\/p>\n","protected":false},"author":1,"featured_media":0,"comment_status":"open","ping_status":"open","sticky":false,"template":"","format":"standard","meta":{"ngg_post_thumbnail":0,"footnotes":""},"categories":[3],"tags":[],"class_list":["post-49271","post","type-post","status-publish","format-standard","hentry","category-actividades"],"_links":{"self":[{"href":"https:\/\/bobvarela.com\/index.php?rest_route=\/wp\/v2\/posts\/49271","targetHints":{"allow":["GET"]}}],"collection":[{"href":"https:\/\/bobvarela.com\/index.php?rest_route=\/wp\/v2\/posts"}],"about":[{"href":"https:\/\/bobvarela.com\/index.php?rest_route=\/wp\/v2\/types\/post"}],"author":[{"embeddable":true,"href":"https:\/\/bobvarela.com\/index.php?rest_route=\/wp\/v2\/users\/1"}],"replies":[{"embeddable":true,"href":"https:\/\/bobvarela.com\/index.php?rest_route=%2Fwp%2Fv2%2Fcomments&post=49271"}],"version-history":[{"count":2,"href":"https:\/\/bobvarela.com\/index.php?rest_route=\/wp\/v2\/posts\/49271\/revisions"}],"predecessor-version":[{"id":49275,"href":"https:\/\/bobvarela.com\/index.php?rest_route=\/wp\/v2\/posts\/49271\/revisions\/49275"}],"wp:attachment":[{"href":"https:\/\/bobvarela.com\/index.php?rest_route=%2Fwp%2Fv2%2Fmedia&parent=49271"}],"wp:term":[{"taxonomy":"category","embeddable":true,"href":"https:\/\/bobvarela.com\/index.php?rest_route=%2Fwp%2Fv2%2Fcategories&post=49271"},{"taxonomy":"post_tag","embeddable":true,"href":"https:\/\/bobvarela.com\/index.php?rest_route=%2Fwp%2Fv2%2Ftags&post=49271"}],"curies":[{"name":"wp","href":"https:\/\/api.w.org\/{rel}","templated":true}]}}