{"id":49352,"date":"2014-02-18T03:52:56","date_gmt":"2014-02-18T07:52:56","guid":{"rendered":"https:\/\/bobvarela.com\/?p=49352"},"modified":"2014-02-18T19:13:59","modified_gmt":"2014-02-18T23:13:59","slug":"casting-segunda-edicin-tiny-worlds-de-juan-colon","status":"publish","type":"post","link":"https:\/\/bobvarela.com\/?p=49352","title":{"rendered":"Casting segunda edici&oacute;n Tiny Worlds de Juan Colon"},"content":{"rendered":"<p align=\"justify\"><font size=\"3\"><a href=\"https:\/\/bobvarela.com\/wp-content\/uploads\/2014\/02\/1927066_10152235820314819_557323654_n.jpg\"><img loading=\"lazy\" decoding=\"async\" title=\"1927066_10152235820314819_557323654_n\" style=\"border-left-width: 0px; border-right-width: 0px; background-image: none; border-bottom-width: 0px; float: left; padding-top: 0px; padding-left: 0px; display: inline; padding-right: 0px; border-top-width: 0px\" border=\"0\" alt=\"1927066_10152235820314819_557323654_n\" align=\"left\" src=\"https:\/\/bobvarela.com\/wp-content\/uploads\/2014\/02\/1927066_10152235820314819_557323654_n_thumb.jpg\" width=\"168\" height=\"259\" \/><\/a>El dise\u00f1ador puertorrique\u00f1o Juan Colon har\u00e1n un casting para la segunda edici\u00f3n de su colecci\u00f3n \u201cTiny Worlds\u201d , casting unico.para modelos de estatura promedio, los cuales ser\u00e1n seleccionados para participar en la semana de la moda m\u00e1s importante el San Juan Moda! Este casting se llevara a cabo en @ Vibra Lounge en la placita de Santurce el 27 de febrero de 5:00 a 9:00 p.m<\/font><\/p>\n<p align=\"justify\"><font size=\"3\"><\/font><\/p>\n<p><font size=\"4\">Requisitos: <\/font><\/p>\n<p><font size=\"3\">Desde las edades de 15yrs siempre y cuando se vean adultos y con consentimiento de los padres.<\/font>    <\/p>\n<p><font size=\"4\">Mujeres 5\u20192&quot; \u2013 5\u20197&quot; \/ Hombres 5\u20195&quot; \u2013 5\u20198&quot;<\/font><\/p>\n<p><font size=\"4\">&#160;&#160;&#160;&#160;&#160;&#160;&#160;&#160;&#160;&#160;&#160;&#160;&#160;&#160;&#160;&#160;&#160;&#160;&#160;&#160;&#160;&#160;&#160;&#160;&#160;&#160;&#160;&#160; Dress Code: Black or White<\/font><\/p>\n<p>&#160;<\/p>\n<p align=\"center\"><a href=\"https:\/\/bobvarela.com\/wp-content\/uploads\/2014\/02\/1964423_10152235824004819_444272525_n.jpg\"><img loading=\"lazy\" decoding=\"async\" title=\"1964423_10152235824004819_444272525_n\" style=\"border-left-width: 0px; border-right-width: 0px; background-image: none; border-bottom-width: 0px; padding-top: 0px; padding-left: 0px; display: inline; padding-right: 0px; border-top-width: 0px\" border=\"0\" alt=\"1964423_10152235824004819_444272525_n\" src=\"https:\/\/bobvarela.com\/wp-content\/uploads\/2014\/02\/1964423_10152235824004819_444272525_n_thumb.jpg\" width=\"174\" height=\"252\" \/><\/a><a href=\"https:\/\/bobvarela.com\/wp-content\/uploads\/2014\/02\/1964180_10152235823864819_1984623457_n.jpg\"><img loading=\"lazy\" decoding=\"async\" title=\"1964180_10152235823864819_1984623457_n\" style=\"border-left-width: 0px; border-right-width: 0px; background-image: none; border-bottom-width: 0px; padding-top: 0px; padding-left: 0px; display: inline; padding-right: 0px; border-top-width: 0px\" border=\"0\" alt=\"1964180_10152235823864819_1984623457_n\" src=\"https:\/\/bobvarela.com\/wp-content\/uploads\/2014\/02\/1964180_10152235823864819_1984623457_n_thumb.jpg\" width=\"186\" height=\"252\" \/><\/a><\/p>\n","protected":false},"excerpt":{"rendered":"<p>El dise\u00f1ador puertorrique\u00f1o Juan Colon har\u00e1n un casting para la segunda edici\u00f3n de su colecci\u00f3n \u201cTiny Worlds\u201d , casting unico.para modelos de estatura promedio, los cuales ser\u00e1n seleccionados para participar en la semana de la moda m\u00e1s importante el San&hellip;<\/p>\n<p class=\"more-link-p\"><a class=\"more-link\" href=\"https:\/\/bobvarela.com\/?p=49352\">Read more &rarr;<\/a><\/p>\n","protected":false},"author":1,"featured_media":0,"comment_status":"open","ping_status":"open","sticky":false,"template":"","format":"standard","meta":{"ngg_post_thumbnail":0,"footnotes":""},"categories":[4,295],"tags":[],"class_list":["post-49352","post","type-post","status-publish","format-standard","hentry","category-moda","category-puerto-rico"],"_links":{"self":[{"href":"https:\/\/bobvarela.com\/index.php?rest_route=\/wp\/v2\/posts\/49352","targetHints":{"allow":["GET"]}}],"collection":[{"href":"https:\/\/bobvarela.com\/index.php?rest_route=\/wp\/v2\/posts"}],"about":[{"href":"https:\/\/bobvarela.com\/index.php?rest_route=\/wp\/v2\/types\/post"}],"author":[{"embeddable":true,"href":"https:\/\/bobvarela.com\/index.php?rest_route=\/wp\/v2\/users\/1"}],"replies":[{"embeddable":true,"href":"https:\/\/bobvarela.com\/index.php?rest_route=%2Fwp%2Fv2%2Fcomments&post=49352"}],"version-history":[{"count":2,"href":"https:\/\/bobvarela.com\/index.php?rest_route=\/wp\/v2\/posts\/49352\/revisions"}],"predecessor-version":[{"id":49419,"href":"https:\/\/bobvarela.com\/index.php?rest_route=\/wp\/v2\/posts\/49352\/revisions\/49419"}],"wp:attachment":[{"href":"https:\/\/bobvarela.com\/index.php?rest_route=%2Fwp%2Fv2%2Fmedia&parent=49352"}],"wp:term":[{"taxonomy":"category","embeddable":true,"href":"https:\/\/bobvarela.com\/index.php?rest_route=%2Fwp%2Fv2%2Fcategories&post=49352"},{"taxonomy":"post_tag","embeddable":true,"href":"https:\/\/bobvarela.com\/index.php?rest_route=%2Fwp%2Fv2%2Ftags&post=49352"}],"curies":[{"name":"wp","href":"https:\/\/api.w.org\/{rel}","templated":true}]}}