{"id":49415,"date":"2014-02-18T17:59:59","date_gmt":"2014-02-18T21:59:59","guid":{"rendered":"https:\/\/bobvarela.com\/?p=49415"},"modified":"2014-02-18T17:59:59","modified_gmt":"2014-02-18T21:59:59","slug":"san-juan-moda-regresa-con-22-diseadores-y-ocho-das-de-presentaciones","status":"publish","type":"post","link":"https:\/\/bobvarela.com\/?p=49415","title":{"rendered":"San Juan Moda regresa con 22 dise&ntilde;adores y ocho d&iacute;as de presentaciones"},"content":{"rendered":"<p align=\"justify\"><font size=\"3\"><b><a href=\"https:\/\/bobvarela.com\/wp-content\/uploads\/2014\/02\/whiteVerticalFW.jpg\"><img loading=\"lazy\" decoding=\"async\" title=\"whiteVerticalFW\" style=\"border-top: 0px; border-right: 0px; background-image: none; border-bottom: 0px; float: none; padding-top: 0px; padding-left: 0px; margin-left: auto; border-left: 0px; display: block; padding-right: 0px; margin-right: auto\" border=\"0\" alt=\"whiteVerticalFW\" src=\"https:\/\/bobvarela.com\/wp-content\/uploads\/2014\/02\/whiteVerticalFW_thumb.jpg\" width=\"179\" height=\"207\" \/><\/a><\/b><\/font><\/p>\n<p align=\"justify\"><font size=\"3\"><b>El Hotel San Juan<\/b> recibir\u00e1 nuevamente a dise\u00f1adores, modelos, prensa y a los miles de seguidores que apoyan la industria de la moda local para dar vida a la segunda edici\u00f3n de <b>San Juan Moda.<\/b> En esta ocasi\u00f3n, 22 dise\u00f1adores de alta costura, \u201c<i>ready-to-wear\u201d<\/i> y accesorios presentar\u00e1n sus colecciones de <b>Oto\u00f1o-Invierno 2014<\/b>. Adem\u00e1s, a los desfiles de moda se integrar\u00e1n, por primera vez, presentaciones de&#160; tendencias de cabello y maquillaje.<\/font><\/p>\n<p align=\"center\"><a href=\"https:\/\/bobvarela.com\/wp-content\/uploads\/2014\/02\/IMG_9808.jpg\"><img loading=\"lazy\" decoding=\"async\" title=\"IMG_9808\" style=\"border-top: 0px; border-right: 0px; background-image: none; border-bottom: 0px; padding-top: 0px; padding-left: 0px; border-left: 0px; display: inline; padding-right: 0px\" border=\"0\" alt=\"IMG_9808\" src=\"https:\/\/bobvarela.com\/wp-content\/uploads\/2014\/02\/IMG_9808_thumb.jpg\" width=\"398\" height=\"223\" \/><\/a><\/p>\n<p align=\"justify\"><font size=\"3\">Los organizadores del evento anunciaron que esta edici\u00f3n ser\u00e1 dedicada al veterano actor y modelo Juli\u00e1n Gil, por sus logros, trayectoria como modelo y servir de embajador de nuestra Isla en el mundo. Antes de conquistar las telenovelas y convertirse en una importante figura de la televisi\u00f3n latina, Gil comenz\u00f3 su exitosa carrera como modelo en Puerto Rico y protagoniz\u00f3 una gran cantidad de campa\u00f1as publicitarias y pasarelas a nivel local. El argentino de coraz\u00f3n boricua estar\u00e1 presente en la Isla para recibir la dedicatoria y participar de un evento junto a sus amigos modelos y actores, previo a los desfiles de la semana de la moda.<\/font><\/p>\n<p align=\"justify\"><font size=\"3\"><b>San Juan Moda<\/b>, que se llevar\u00e1 a cabo del s\u00e1bado 15 de marzo al s\u00e1bado 22 de marzo,&#160; es el primer y \u00fanico colectivo de dise\u00f1adores que se celebra durante ocho d\u00edas corridos en Puerto Rico. El evento cuenta con una vibrante escena nocturna que incluye <i>\u201cafter parties\u201d<\/i> en el lobby y diferentes lugares del Hotel, luego de los desfiles.<\/font><\/p>\n<p align=\"justify\"><font size=\"3\"><i> \u201cLo prometido es deuda, nos comprometimos en darle a Puerto Rico una semana de la moda completa y en octubre se la dimos con mucho \u00e9xito. En esta ocasi\u00f3n venimos con un d\u00eda m\u00e1s\u201d<\/i>, expres\u00f3 Carlos Berm\u00fadez, presidente de <b>San Juan Moda<\/b>, que se propone a presentar dos ediciones al a\u00f1o<i>. <\/i><\/font><\/p>\n<p align=\"center\"><a href=\"https:\/\/bobvarela.com\/wp-content\/uploads\/2014\/02\/IMG_9666.jpg\"><img loading=\"lazy\" decoding=\"async\" title=\"IMG_9666\" style=\"border-top: 0px; border-right: 0px; background-image: none; border-bottom: 0px; padding-top: 0px; padding-left: 0px; border-left: 0px; display: inline; padding-right: 0px\" border=\"0\" alt=\"IMG_9666\" src=\"https:\/\/bobvarela.com\/wp-content\/uploads\/2014\/02\/IMG_9666_thumb.jpg\" width=\"344\" height=\"182\" \/><\/a><\/p>\n<p align=\"justify\"><font size=\"3\">Al destacar que ha creado una plataforma para la industria de la moda, Berm\u00fadez inform\u00f3 que reconocidos dise\u00f1adores de diferentes partes del mundo se han mostrado interesados en presentarse en el evento. <i>\u201cSeguimos construyendo la gran semana de moda que San Juan se merece y demostrando que en Puerto Rico existe igual o m\u00e1s talento que otras partes del mundo. Nos proponemos a poner los ojos del mundo en nuestra Isla y lo estamos logrando\u201d, <\/i>a\u00f1adi\u00f3 <\/font><\/p>\n<p align=\"justify\"><font size=\"3\">Carlos Alberto, Juan Col\u00f3n, Lisa Capalli, Harry Robles, Sonia Rivera, Heriberto V\u00e1zquez, Miriam Budet, Marcos Carrazana, Lisa Thon, OF Atelier, Jos\u00e9 Ra\u00fal, Rub\u00e9n Dar\u00edo, Pipo Pere, Jaer Caban y Eddie Guerrero son los dise\u00f1adores de moda que dar\u00e1n vida a la pasarela de San Juan Moda, junto a las presentaciones de las colecciones de accesorios de Punky Collection, Frolain, MEG Accesories, Heel Condoms y Reyes Play.&#160; En adici\u00f3n al talentoso grupo de dise\u00f1adores boricuas que se presentar\u00e1n en las tres pasarelas del evento, en esta edici\u00f3n, se integran los dise\u00f1adores internacionales Miguel Genao de Rep\u00fablica Dominicana y el argentino radicado en Nueva York Gustavo Cadile.<\/font><\/p>\n<p align=\"center\"><a href=\"https:\/\/bobvarela.com\/wp-content\/uploads\/2014\/02\/IMG_9355.jpg\"><img loading=\"lazy\" decoding=\"async\" title=\"IMG_9355\" style=\"border-top: 0px; border-right: 0px; background-image: none; border-bottom: 0px; padding-top: 0px; padding-left: 0px; border-left: 0px; display: inline; padding-right: 0px\" border=\"0\" alt=\"IMG_9355\" src=\"https:\/\/bobvarela.com\/wp-content\/uploads\/2014\/02\/IMG_9355_thumb.jpg\" width=\"346\" height=\"212\" \/><\/a><\/p>\n<p align=\"justify\"><font size=\"3\">Una de las innovaciones de la edici\u00f3n <b>Oto\u00f1o-Invierno 2014<\/b> de <b>San Juan Moda<\/b> ser\u00e1n las presentaciones de las tendencias de cabello y maquillaje por los estilistas de algunos de los salones de belleza m\u00e1s reconocidos del Pa\u00eds. \u00c1ngel Rosario Salon, Bloom, MG Salon de Manolo Gonz\u00e1lez, Miranda Beauty, Mike &amp; Alis, Stylo Salon y Wanda Montes son los salones que tendr\u00e1n su propia pasarela durante la gran semana de la moda boricua.<\/font><\/p>\n<p align=\"center\"><a href=\"https:\/\/bobvarela.com\/wp-content\/uploads\/2014\/02\/IMG_9317.jpg\"><img loading=\"lazy\" decoding=\"async\" title=\"IMG_9317\" style=\"border-top: 0px; border-right: 0px; background-image: none; border-bottom: 0px; padding-top: 0px; padding-left: 0px; border-left: 0px; display: inline; padding-right: 0px\" border=\"0\" alt=\"IMG_9317\" src=\"https:\/\/bobvarela.com\/wp-content\/uploads\/2014\/02\/IMG_9317_thumb.jpg\" width=\"354\" height=\"213\" \/><\/a><\/p>\n<p align=\"justify\"><font size=\"3\">Se explic\u00f3 que, en esta edici\u00f3n, el evento tendr\u00e1 tres escenarios, el Ballroom, el Lobby y el Tropicoro.&#160; Las presentaciones en el Ballroom y Tropicoro son por estricta invitaci\u00f3n y las personas invitadas tendr\u00e1n la oportunidad de registrarse una hora antes de cada desfile para evitar filas. Mientras, los eventos y desfiles en el Lobby son abiertos al p\u00fablico en general. Una vez terminados los desfiles del Ballroom y Tropicoro se presentar\u00e1n en pantallas ubicadas c\u00e9ntricamente en el vest\u00edbulo del Hotel para el disfrute de todos<\/font><\/p>\n","protected":false},"excerpt":{"rendered":"<p>El Hotel San Juan recibir\u00e1 nuevamente a dise\u00f1adores, modelos, prensa y a los miles de seguidores que apoyan la industria de la moda local para dar vida a la segunda edici\u00f3n de San Juan Moda. En esta ocasi\u00f3n, 22 dise\u00f1adores&hellip;<\/p>\n<p class=\"more-link-p\"><a class=\"more-link\" href=\"https:\/\/bobvarela.com\/?p=49415\">Read more &rarr;<\/a><\/p>\n","protected":false},"author":1,"featured_media":0,"comment_status":"open","ping_status":"open","sticky":false,"template":"","format":"standard","meta":{"ngg_post_thumbnail":0,"footnotes":""},"categories":[4,295],"tags":[],"class_list":["post-49415","post","type-post","status-publish","format-standard","hentry","category-moda","category-puerto-rico"],"_links":{"self":[{"href":"https:\/\/bobvarela.com\/index.php?rest_route=\/wp\/v2\/posts\/49415","targetHints":{"allow":["GET"]}}],"collection":[{"href":"https:\/\/bobvarela.com\/index.php?rest_route=\/wp\/v2\/posts"}],"about":[{"href":"https:\/\/bobvarela.com\/index.php?rest_route=\/wp\/v2\/types\/post"}],"author":[{"embeddable":true,"href":"https:\/\/bobvarela.com\/index.php?rest_route=\/wp\/v2\/users\/1"}],"replies":[{"embeddable":true,"href":"https:\/\/bobvarela.com\/index.php?rest_route=%2Fwp%2Fv2%2Fcomments&post=49415"}],"version-history":[{"count":1,"href":"https:\/\/bobvarela.com\/index.php?rest_route=\/wp\/v2\/posts\/49415\/revisions"}],"predecessor-version":[{"id":49416,"href":"https:\/\/bobvarela.com\/index.php?rest_route=\/wp\/v2\/posts\/49415\/revisions\/49416"}],"wp:attachment":[{"href":"https:\/\/bobvarela.com\/index.php?rest_route=%2Fwp%2Fv2%2Fmedia&parent=49415"}],"wp:term":[{"taxonomy":"category","embeddable":true,"href":"https:\/\/bobvarela.com\/index.php?rest_route=%2Fwp%2Fv2%2Fcategories&post=49415"},{"taxonomy":"post_tag","embeddable":true,"href":"https:\/\/bobvarela.com\/index.php?rest_route=%2Fwp%2Fv2%2Ftags&post=49415"}],"curies":[{"name":"wp","href":"https:\/\/api.w.org\/{rel}","templated":true}]}}