{"id":49628,"date":"2014-02-27T07:43:05","date_gmt":"2014-02-27T11:43:05","guid":{"rendered":"https:\/\/bobvarela.com\/?p=49628"},"modified":"2014-02-27T07:43:06","modified_gmt":"2014-02-27T11:43:06","slug":"diseadores-locales-se-inspiran-en-obra-que-da-titulo-a-gala-anual-del-museo-de-arte-de-puerto-rico","status":"publish","type":"post","link":"https:\/\/bobvarela.com\/?p=49628","title":{"rendered":"DISE&Ntilde;ADORES LOCALES SE INSPIRAN EN OBRA QUE DA TITULO A GALA ANUAL DEL MUSEO DE ARTE DE PUERTO RICO"},"content":{"rendered":"<p align=\"justify\"><font size=\"3\"><a href=\"https:\/\/bobvarela.com\/wp-content\/uploads\/2014\/02\/ECLIPTICA-PARA-BOB-VARELA-NEWS.jpg\"><img loading=\"lazy\" decoding=\"async\" title=\"ECLIPTICA PARA BOB VARELA NEWS\" style=\"border-top: 0px; border-right: 0px; background-image: none; border-bottom: 0px; float: left; padding-top: 0px; padding-left: 0px; border-left: 0px; display: inline; padding-right: 0px\" border=\"0\" alt=\"ECLIPTICA PARA BOB VARELA NEWS\" align=\"left\" src=\"https:\/\/bobvarela.com\/wp-content\/uploads\/2014\/02\/ECLIPTICA-PARA-BOB-VARELA-NEWS_thumb.jpg\" width=\"173\" height=\"236\" \/><\/a>Inspirados en el magistral mural <b>Beautiful Otherness<\/b> del artista puertorrique\u00f1o, Dzine (Carlos Rol\u00f3n), siete dise\u00f1adores locales crearon dise\u00f1os de gran vestir para la Gala Anual del Museo de Arte de Puerto Rico (MAPR).<\/font><\/p>\n<p align=\"justify\"><font size=\"3\">Los dise\u00f1adores escogidos fueron Harry Robles, Stella Nolasco, Ecliptica, Lisa Thon, Jaer Caban, Veronika Pagan y Richard Cotto. <\/font><\/p>\n<p align=\"justify\"><font size=\"3\">El mural Beautiful Otherness, adquirido por el MAPR en el 2004, consta de 25 piezas de seis pies de estatura por 52 pies de ancho y es la obra del puertorrique\u00f1o radicado en Chicago Carlos Rolon\/Dzine.<\/font><\/p>\n<p align=\"justify\"><font size=\"3\">En la obra se disfrutan combinaciones y contrastes de colores as\u00ed como estampados en forma de l\u00edneas multicolor, gotas de lluvia y formas redondeadas <\/font><a name=\"_GoBack\"><\/a><font size=\"3\">como sacadas de una l\u00e1mpara de lava.<\/font><\/p>\n<p align=\"justify\"><a href=\"https:\/\/bobvarela.com\/wp-content\/uploads\/2014\/02\/HARRY-ROBLES-PARA-BOB-VARELA-NEWS.-ACCESOTIOS-DE-OLIVIA-BOUTIQUE.jpg\"><img loading=\"lazy\" decoding=\"async\" title=\"HARRY ROBLES  PARA BOB VARELA NEWS. ACCESOTIOS DE OLIVIA BOUTIQUE\" style=\"border-top: 0px; border-right: 0px; background-image: none; border-bottom: 0px; float: none; padding-top: 0px; padding-left: 0px; margin-left: auto; border-left: 0px; display: block; padding-right: 0px; margin-right: auto\" border=\"0\" alt=\"HARRY ROBLES  PARA BOB VARELA NEWS. ACCESOTIOS DE OLIVIA BOUTIQUE\" src=\"https:\/\/bobvarela.com\/wp-content\/uploads\/2014\/02\/HARRY-ROBLES-PARA-BOB-VARELA-NEWS.-ACCESOTIOS-DE-OLIVIA-BOUTIQUE_thumb.jpg\" width=\"264\" height=\"179\" \/><\/a><\/p>\n<p align=\"justify\"><font size=\"3\">Para los vestidos, los dise\u00f1adores utilizaron la paleta de colores que propone el artista que va desde diferentes tonos de azules, hasta anaranjados y pinceladas de negro, coral, verde y marr\u00f3n. Igualmente se inspiraron en los estampados y prominentes conjuntos de listas. <\/font><\/p>\n<p align=\"justify\"><font size=\"3\">Este a\u00f1o la Gala Annual del MAPR se celebrar\u00e1 el s\u00e1bado, 29 de marzo de 2014, a partir de las 8:00 p.m., en el Sheraton Puerto Rico Hotel &amp; Casino.<\/font><\/p>\n<p align=\"justify\"><font size=\"3\">El MAPR, a tan solo catorce a\u00f1os de su apertura, ha logrado posicionarse como el centro de la reingenier\u00eda art\u00edstica y cultural del Pa\u00eds a trav\u00e9s de proyectos, alianzas y colaboraciones que le han permitido trascender su espacio f\u00edsico. El MAPR ya no es un lugar espec\u00edfico, est\u00e1 en todas partes, abrazando con arte estudiantes, maestros, familias, comunidades, ciudades.<\/font><\/p>\n<p align=\"center\"><a href=\"https:\/\/bobvarela.com\/wp-content\/uploads\/2014\/02\/COLUMNA-DEL-DISEADOR-RICHARD-COTTO-PARA-BOBVARELA-NEWS.-GALA-MUSEO-DE-ARTE-DE-PUERTO-RICO.jpg\"><img loading=\"lazy\" decoding=\"async\" title=\"COLUMNA DEL DISE\u00d1ADOR RICHARD COTTO PARA BOBVARELA NEWS. GALA MUSEO DE ARTE DE PUERTO RICO\" style=\"border-top: 0px; border-right: 0px; background-image: none; border-bottom: 0px; padding-top: 0px; padding-left: 0px; border-left: 0px; display: inline; padding-right: 0px\" border=\"0\" alt=\"COLUMNA DEL DISE\u00d1ADOR RICHARD COTTO PARA BOBVARELA NEWS. GALA MUSEO DE ARTE DE PUERTO RICO\" src=\"https:\/\/bobvarela.com\/wp-content\/uploads\/2014\/02\/COLUMNA-DEL-DISEADOR-RICHARD-COTTO-PARA-BOBVARELA-NEWS.-GALA-MUSEO-DE-ARTE-DE-PUERTO-RICO_thumb.jpg\" width=\"286\" height=\"200\" \/><\/a><font size=\"3\"><\/font><\/p>\n<p align=\"justify\"><font size=\"3\">La ambientaci\u00f3n de <b>Beautiful Otherness<\/b> estar\u00e1 a cargo de Akua, quienes tomar\u00e1n como punto de partida los colores y cristales de la obra.&#160; Por su parte la Chef Ejecutiva del Hotel sede, Jeannette Berr\u00edos, capitanear\u00e1 a su equipo para crear un distintivo y delicioso men\u00fa para los asistentes.<\/font><\/p>\n<p align=\"justify\"><a href=\"https:\/\/bobvarela.com\/wp-content\/uploads\/2014\/02\/LISA-THON-PARA-BOB-VARELA-NEWS.-GALA-MUSEO-DE-ARTE-DE-PUERTO-RICO.jpg\"><img loading=\"lazy\" decoding=\"async\" title=\"LISA THON PARA BOB VARELA NEWS. GALA MUSEO DE ARTE DE PUERTO RICO\" style=\"border-top: 0px; border-right: 0px; background-image: none; border-bottom: 0px; float: left; padding-top: 0px; padding-left: 0px; border-left: 0px; display: inline; padding-right: 0px\" border=\"0\" alt=\"LISA THON PARA BOB VARELA NEWS. GALA MUSEO DE ARTE DE PUERTO RICO\" align=\"left\" src=\"https:\/\/bobvarela.com\/wp-content\/uploads\/2014\/02\/LISA-THON-PARA-BOB-VARELA-NEWS.-GALA-MUSEO-DE-ARTE-DE-PUERTO-RICO_thumb.jpg\" width=\"149\" height=\"226\" \/><\/a><font size=\"3\">El Comit\u00e9 est\u00e1 compuesto por: Ana &amp; V\u00edctor J. Salgado, Jr., Claudia &amp; Federico S\u00e1nchez-Ortiz, Damaris Cort\u00e9s &amp; Felipe Flores, Mar\u00eda Esteve &amp; Carlos A. L\u00f3pez-Lay, Rosy &amp; Aurelio Alem\u00e1n, como Presidentes;&#160; y Denise Gonz\u00e1lez &amp; Mario Garc\u00eda, Melvin Mel\u00e9ndez R\u00edos, Nell &amp; Eduardo Emanuelli, Wesley Elizabeth Cullen y Zulma &amp; Ren\u00e9 de la Cruz Vila, como Benefactores.<\/font><\/p>\n<p align=\"justify\"><font size=\"3\">Para informaci\u00f3n de auspicios y venta de boletos para <b>Beautiful Otherness<\/b>, la Gran Gala del Museo de Arte de Puerto Rico pueden comunicarse con la Sra. Myrna Z. P\u00e9rez,&#160; Directora del Departamento de Desarrollo del MAPR al (787) 977-4449 \u00f3 (787) 977-4403.<\/font><\/p>\n<p align=\"justify\"><font size=\"3\">El Museo de Arte de Puerto Rico (MAPR), acreditado por la Alianza Americana de Museos (AAM), tiene como misi\u00f3n preservar, difundir y educar acerca del arte puertorrique\u00f1o. Hoy por hoy, es el centro art\u00edstico multidisciplinario m\u00e1s importante del Pa\u00eds, punta de lanza para el desarrollo cultural en Puerto Rico. El MAPR est\u00e1 localizado en el 299 de la Avenida De Diego en Santurce. Para informaci\u00f3n puede llamar al 787-977-6277 o visitar www.mapr.org.<\/font><\/p>\n","protected":false},"excerpt":{"rendered":"<p>Inspirados en el magistral mural Beautiful Otherness del artista puertorrique\u00f1o, Dzine (Carlos Rol\u00f3n), siete dise\u00f1adores locales crearon dise\u00f1os de gran vestir para la Gala Anual del Museo de Arte de Puerto Rico (MAPR). Los dise\u00f1adores escogidos fueron Harry Robles, Stella&hellip;<\/p>\n<p class=\"more-link-p\"><a class=\"more-link\" href=\"https:\/\/bobvarela.com\/?p=49628\">Read more &rarr;<\/a><\/p>\n","protected":false},"author":1,"featured_media":0,"comment_status":"open","ping_status":"open","sticky":false,"template":"","format":"standard","meta":{"ngg_post_thumbnail":0,"footnotes":""},"categories":[3,6,4],"tags":[],"class_list":["post-49628","post","type-post","status-publish","format-standard","hentry","category-actividades","category-arte","category-moda"],"_links":{"self":[{"href":"https:\/\/bobvarela.com\/index.php?rest_route=\/wp\/v2\/posts\/49628","targetHints":{"allow":["GET"]}}],"collection":[{"href":"https:\/\/bobvarela.com\/index.php?rest_route=\/wp\/v2\/posts"}],"about":[{"href":"https:\/\/bobvarela.com\/index.php?rest_route=\/wp\/v2\/types\/post"}],"author":[{"embeddable":true,"href":"https:\/\/bobvarela.com\/index.php?rest_route=\/wp\/v2\/users\/1"}],"replies":[{"embeddable":true,"href":"https:\/\/bobvarela.com\/index.php?rest_route=%2Fwp%2Fv2%2Fcomments&post=49628"}],"version-history":[{"count":1,"href":"https:\/\/bobvarela.com\/index.php?rest_route=\/wp\/v2\/posts\/49628\/revisions"}],"predecessor-version":[{"id":49629,"href":"https:\/\/bobvarela.com\/index.php?rest_route=\/wp\/v2\/posts\/49628\/revisions\/49629"}],"wp:attachment":[{"href":"https:\/\/bobvarela.com\/index.php?rest_route=%2Fwp%2Fv2%2Fmedia&parent=49628"}],"wp:term":[{"taxonomy":"category","embeddable":true,"href":"https:\/\/bobvarela.com\/index.php?rest_route=%2Fwp%2Fv2%2Fcategories&post=49628"},{"taxonomy":"post_tag","embeddable":true,"href":"https:\/\/bobvarela.com\/index.php?rest_route=%2Fwp%2Fv2%2Ftags&post=49628"}],"curies":[{"name":"wp","href":"https:\/\/api.w.org\/{rel}","templated":true}]}}