{"id":49693,"date":"2014-03-03T19:41:39","date_gmt":"2014-03-03T23:41:39","guid":{"rendered":"https:\/\/bobvarela.com\/?p=49693"},"modified":"2014-03-03T19:41:39","modified_gmt":"2014-03-03T23:41:39","slug":"el-diseador-de-figuras-como-catherine-zeta-jones-kim-kardashian-eva-longoria-demi-lovato-jessica-simpson-sofa-vergara-y-daisy-fuentes-se-unir-a-la-semana-de-la-moda-en-pue","status":"publish","type":"post","link":"https:\/\/bobvarela.com\/?p=49693","title":{"rendered":"El dise&ntilde;ador de figuras como Catherine Zeta-Jones, Kim Kardashian, Eva Longoria, Demi Lovato, Jessica Simpson, Sof&iacute;a Vergara y Daisy Fuentes se unir&aacute; a la semana de la moda en Puerto Rico"},"content":{"rendered":"<p align=\"justify\"><font size=\"3\"><i>San Juan, Puerto Rico (3 de marzo de 2014<\/i>) &#8211; La semana de la moda en Puerto Rico incluye en su calendario las colecciones de dos dise\u00f1adores internacionales en San Juan Moda. El dise\u00f1ador dominicano Miguel Genao se presentar\u00e1 el lunes 17 de marzo mientras que el argentino Gustavo Cadile cerrar\u00e1 la noche del martes, 18 de marzo.<\/font><\/p>\n<p align=\"justify\"><font size=\"3\">Genao presentar\u00e1 su colecci\u00f3n \u201cPar\u00e9ntesis\u201d en San Juan Moda el lunes, 17 de marzo, a las 9:30PM luego de la presentaci\u00f3n de Punky Collection, quienes se presentan por segunda ocasi\u00f3n luego de un gran \u00e9xito en la primera edici\u00f3n del evento. En la colecci\u00f3n de Genao el blanco resultar\u00e1 ser el protagonista, prometiendo hermosas piezas de formas intelectuales y fluidas, en un concepto que combina lo ligero con lo pesado. <\/font><\/p>\n<p align=\"justify\"><a href=\"https:\/\/bobvarela.com\/wp-content\/uploads\/2014\/03\/EvaLongoria_en_GustavoCadile2.jpg\"><img loading=\"lazy\" decoding=\"async\" title=\"EvaLongoria_en_GustavoCadile2\" style=\"border-top: 0px; border-right: 0px; background-image: none; border-bottom: 0px; float: left; padding-top: 0px; padding-left: 0px; border-left: 0px; display: inline; padding-right: 0px\" border=\"0\" alt=\"EvaLongoria_en_GustavoCadile2\" align=\"left\" src=\"https:\/\/bobvarela.com\/wp-content\/uploads\/2014\/03\/EvaLongoria_en_GustavoCadile2_thumb.jpg\" width=\"138\" height=\"243\" \/><\/a><font size=\"3\">Por su parte, el dise\u00f1ador argentino Gustavo Cadile, mostrar\u00e1 en San Juan Moda su nueva colecci\u00f3n para el Oto\u00f1o\/Invierno 2014 el martes, 18 de marzo, a las 9:30PM. Previo a Cadile, la reconocida dise\u00f1adora puertorrique\u00f1a Lisa Cappalli se presentar\u00e1 por primera vez en San Juan Moda con su colecci\u00f3n para el pr\u00f3ximo oto\u00f1o. <\/font><\/p>\n<p align=\"justify\"><font size=\"3\">La elegancia de Cadile se ha comprobado en celebridades que visten sus cl\u00e1sicas y hermosas creaciones. Figuras como Catherine Zeta-Jones, Taylor Swift, Kim Kardashian, Eva Longoria, Demi Lovato, Jessica Simpson, Sof\u00eda Vergara, Daisy Fuentes, Emily Deschanel, Garcelle Beauvais, Diane Lane, Deborah Ann Woll y Giuliana Rancic, son algunas que han seleccionado al dise\u00f1ador, que se presentar\u00e1 en Puerto Rico, como uno de sus favoritos.<\/font><\/p>\n<p align=\"justify\"><a href=\"https:\/\/bobvarela.com\/wp-content\/uploads\/2014\/03\/GloriaEstefan_en_GustavoCadile.jpg\"><img loading=\"lazy\" decoding=\"async\" title=\"GloriaEstefan_en_GustavoCadile\" style=\"border-top: 0px; border-right: 0px; background-image: none; border-bottom: 0px; float: right; padding-top: 0px; padding-left: 0px; border-left: 0px; display: inline; padding-right: 0px\" border=\"0\" alt=\"GloriaEstefan_en_GustavoCadile\" align=\"right\" src=\"https:\/\/bobvarela.com\/wp-content\/uploads\/2014\/03\/GloriaEstefan_en_GustavoCadile_thumb.jpg\" width=\"167\" height=\"239\" \/><\/a><font size=\"3\">Durante la \u00faltima edici\u00f3n de los Golden Globes sobre una docena de artistas pisaron la alfombra roja con vestidos de Cadile. Mientras que en los premios Grammy, Gloria Estefan tambi\u00e9n lo seleccion\u00f3 para que la vistiera.<\/font><\/p>\n<p align=\"justify\"><font size=\"3\">San Juan Moda celebra su segunda edici\u00f3n del 15 al 22 de marzo de 2014, en el Hotel San Juan de Isla Verde. Las entradas a la mayor\u00eda de los shows son por invitaci\u00f3n mientras que los desfiles de accesorios y salones de belleza que tendr\u00e1n sus presentaciones en el lobby son abiertos al p\u00fablico. Para solicitar informaci\u00f3n y tener la oportunidad de disfrutar los desfiles pueden entrar la secci\u00f3n de dise\u00f1adores en <\/font><a href=\"https:\/\/sanjuanmoda.com\"><font size=\"3\">sanjuanmoda.com<\/font><\/a><\/p>\n<p align=\"justify\"><font size=\"3\">San Juan Moda es la primera y \u00fanica semana de la moda en Puerto Rico. Al igual que las dem\u00e1s semanas de la moda a nivel internacional, en San Juan Moda se presentan las colecciones de Oto\u00f1o-Invierno en Marzo y las de Primavera-Verano en octubre.<\/font><\/p>\n","protected":false},"excerpt":{"rendered":"<p>San Juan, Puerto Rico (3 de marzo de 2014) &#8211; La semana de la moda en Puerto Rico incluye en su calendario las colecciones de dos dise\u00f1adores internacionales en San Juan Moda. El dise\u00f1ador dominicano Miguel Genao se presentar\u00e1 el&hellip;<\/p>\n<p class=\"more-link-p\"><a class=\"more-link\" href=\"https:\/\/bobvarela.com\/?p=49693\">Read more &rarr;<\/a><\/p>\n","protected":false},"author":1,"featured_media":0,"comment_status":"open","ping_status":"open","sticky":false,"template":"","format":"standard","meta":{"ngg_post_thumbnail":0,"footnotes":""},"categories":[4,295],"tags":[],"class_list":["post-49693","post","type-post","status-publish","format-standard","hentry","category-moda","category-puerto-rico"],"_links":{"self":[{"href":"https:\/\/bobvarela.com\/index.php?rest_route=\/wp\/v2\/posts\/49693","targetHints":{"allow":["GET"]}}],"collection":[{"href":"https:\/\/bobvarela.com\/index.php?rest_route=\/wp\/v2\/posts"}],"about":[{"href":"https:\/\/bobvarela.com\/index.php?rest_route=\/wp\/v2\/types\/post"}],"author":[{"embeddable":true,"href":"https:\/\/bobvarela.com\/index.php?rest_route=\/wp\/v2\/users\/1"}],"replies":[{"embeddable":true,"href":"https:\/\/bobvarela.com\/index.php?rest_route=%2Fwp%2Fv2%2Fcomments&post=49693"}],"version-history":[{"count":1,"href":"https:\/\/bobvarela.com\/index.php?rest_route=\/wp\/v2\/posts\/49693\/revisions"}],"predecessor-version":[{"id":49694,"href":"https:\/\/bobvarela.com\/index.php?rest_route=\/wp\/v2\/posts\/49693\/revisions\/49694"}],"wp:attachment":[{"href":"https:\/\/bobvarela.com\/index.php?rest_route=%2Fwp%2Fv2%2Fmedia&parent=49693"}],"wp:term":[{"taxonomy":"category","embeddable":true,"href":"https:\/\/bobvarela.com\/index.php?rest_route=%2Fwp%2Fv2%2Fcategories&post=49693"},{"taxonomy":"post_tag","embeddable":true,"href":"https:\/\/bobvarela.com\/index.php?rest_route=%2Fwp%2Fv2%2Ftags&post=49693"}],"curies":[{"name":"wp","href":"https:\/\/api.w.org\/{rel}","templated":true}]}}