{"id":49787,"date":"2014-03-11T19:21:08","date_gmt":"2014-03-11T23:21:08","guid":{"rendered":"https:\/\/bobvarela.com\/?p=49787"},"modified":"2014-03-11T19:21:08","modified_gmt":"2014-03-11T23:21:08","slug":"diseadora-ivelisse-nieves-presenta-detalles-de-su-nueva-coleccin-de-joyera-sara-kal","status":"publish","type":"post","link":"https:\/\/bobvarela.com\/?p=49787","title":{"rendered":"Dise&ntilde;adora Ivelisse Nieves presenta detalles de su nueva colecci&oacute;n de joyer&iacute;a &ldquo;SARA KAL&Iacute;&rdquo;"},"content":{"rendered":"<p align=\"justify\"><font size=\"3\"><a href=\"https:\/\/bobvarela.com\/wp-content\/uploads\/2014\/03\/cid_10.jpg\"><img loading=\"lazy\" decoding=\"async\" title=\"cid_10\" style=\"border-top: 0px; border-right: 0px; background-image: none; border-bottom: 0px; float: left; padding-top: 0px; padding-left: 0px; border-left: 0px; display: inline; padding-right: 0px\" border=\"0\" alt=\"cid_10\" align=\"left\" src=\"https:\/\/bobvarela.com\/wp-content\/uploads\/2014\/03\/cid_10_thumb.jpg\" width=\"171\" height=\"240\" \/><\/a>La dise\u00f1adora de joyer\u00eda Ivelisse Nieves presenta los detalles del lanzamiento de su nueva colecci\u00f3n de joyer\u00eda \u00fanica y exclusiva que lleva por nombre <b>\u201cSARA KAL\u00cd\u201d<\/b> en el desfile de la colecci\u00f3n \u201cNEMESIS\u201d \u2013 \u201cTiny World 2014\u201d del dise\u00f1ador de moda Juan Col\u00f3n .<\/font><\/p>\n<p align=\"justify\"><font size=\"3\">Inspiraci\u00f3n en la santa de los gitanos. Su historia y milagros la hicieron patrona universal de los gitanos. \u201cSeg\u00fan la m\u00edstica de esta santa adem\u00e1s de traer salud y prosperidad rinden culto a ella las gitanas por ayudarlas a la dificultad de embarazarse. Para las mujeres gitanas el milagro m\u00e1s importante de la vida es el de la fertilidad y mientras m\u00e1s hijos tenga esta, m\u00e1s dotada de suerte es considerada por su pueblo\u201d. <\/font><\/p>\n<p align=\"justify\"><font size=\"3\">Es una propuesta de joyer\u00eda muy variada, original, glamorosa y vanguardista ya que se presentan collares \u201cmaxi\u201d de m\u00faltiples l\u00edneas, piezas colgantes en la parte central de los mismos, cadenas, pantallas \u201cmaxi\u201d y brazaletes de m\u00faltiples l\u00edneas y se pueden combinar con todos los estilos. Dentro de esta propuesta veremos piezas femeninas y masculinas que se pueden utilizar de d\u00eda y de noche.<\/font><\/p>\n<p align=\"justify\"><font size=\"3\"><a href=\"https:\/\/bobvarela.com\/wp-content\/uploads\/2014\/03\/JA19885-Edit.jpg\"><img loading=\"lazy\" decoding=\"async\" title=\"_JA19885-Edit\" style=\"border-top: 0px; border-right: 0px; background-image: none; border-bottom: 0px; float: right; padding-top: 0px; padding-left: 0px; border-left: 0px; display: inline; padding-right: 0px\" border=\"0\" alt=\"_JA19885-Edit\" align=\"right\" src=\"https:\/\/bobvarela.com\/wp-content\/uploads\/2014\/03\/JA19885-Edit_thumb.jpg\" width=\"175\" height=\"276\" \/><\/a>Los materiales que se utilizaron en el dise\u00f1o y la confecci\u00f3n de la colecci\u00f3n son metales tales como: el \u201cpewter\u201d, \u201csilver plated\u201d, \u201cgold plated\u201d, bronce, cobre entre otros, acr\u00edlicos, y cristales.<\/font><\/p>\n<p align=\"justify\">&#160;<\/p>\n<p align=\"justify\"><a name=\"_GoBack\"><\/a><font size=\"3\">Los colores que predominan en esta propuesta son los met\u00e1licos (oro, plata, cobre, \u201cpewter\u201d y el bronce), el negro; adem\u00e1s de colores fr\u00edos como azul, verde, violeta y en los colores c\u00e1lidos el rojo y anaranjado.<\/font><\/p>\n<p align=\"justify\"><font size=\"3\">La misma se estar\u00e1 presentando y complementando la nueva colecci\u00f3n de ropa del reconocido dise\u00f1ador Juan Col\u00f3n en el San Juan Moda el domingo 16 de marzo de 2014 a las 8:00pm en el sal\u00f3n Tropicoro del Hotel San Juan en Isla Verde.<\/font><\/p>\n","protected":false},"excerpt":{"rendered":"<p>La dise\u00f1adora de joyer\u00eda Ivelisse Nieves presenta los detalles del lanzamiento de su nueva colecci\u00f3n de joyer\u00eda \u00fanica y exclusiva que lleva por nombre \u201cSARA KAL\u00cd\u201d en el desfile de la colecci\u00f3n \u201cNEMESIS\u201d \u2013 \u201cTiny World 2014\u201d del dise\u00f1ador de&hellip;<\/p>\n<p class=\"more-link-p\"><a class=\"more-link\" href=\"https:\/\/bobvarela.com\/?p=49787\">Read more &rarr;<\/a><\/p>\n","protected":false},"author":1,"featured_media":0,"comment_status":"open","ping_status":"open","sticky":false,"template":"","format":"standard","meta":{"ngg_post_thumbnail":0,"footnotes":""},"categories":[4,295],"tags":[],"class_list":["post-49787","post","type-post","status-publish","format-standard","hentry","category-moda","category-puerto-rico"],"_links":{"self":[{"href":"https:\/\/bobvarela.com\/index.php?rest_route=\/wp\/v2\/posts\/49787","targetHints":{"allow":["GET"]}}],"collection":[{"href":"https:\/\/bobvarela.com\/index.php?rest_route=\/wp\/v2\/posts"}],"about":[{"href":"https:\/\/bobvarela.com\/index.php?rest_route=\/wp\/v2\/types\/post"}],"author":[{"embeddable":true,"href":"https:\/\/bobvarela.com\/index.php?rest_route=\/wp\/v2\/users\/1"}],"replies":[{"embeddable":true,"href":"https:\/\/bobvarela.com\/index.php?rest_route=%2Fwp%2Fv2%2Fcomments&post=49787"}],"version-history":[{"count":1,"href":"https:\/\/bobvarela.com\/index.php?rest_route=\/wp\/v2\/posts\/49787\/revisions"}],"predecessor-version":[{"id":49788,"href":"https:\/\/bobvarela.com\/index.php?rest_route=\/wp\/v2\/posts\/49787\/revisions\/49788"}],"wp:attachment":[{"href":"https:\/\/bobvarela.com\/index.php?rest_route=%2Fwp%2Fv2%2Fmedia&parent=49787"}],"wp:term":[{"taxonomy":"category","embeddable":true,"href":"https:\/\/bobvarela.com\/index.php?rest_route=%2Fwp%2Fv2%2Fcategories&post=49787"},{"taxonomy":"post_tag","embeddable":true,"href":"https:\/\/bobvarela.com\/index.php?rest_route=%2Fwp%2Fv2%2Ftags&post=49787"}],"curies":[{"name":"wp","href":"https:\/\/api.w.org\/{rel}","templated":true}]}}