{"id":49872,"date":"2014-03-16T09:29:27","date_gmt":"2014-03-16T13:29:27","guid":{"rendered":"https:\/\/bobvarela.com\/?p=49872"},"modified":"2014-03-16T09:29:28","modified_gmt":"2014-03-16T13:29:28","slug":"jualian-gil-y-sus-amigos-san-juan-moda-2014","status":"publish","type":"post","link":"https:\/\/bobvarela.com\/?p=49872","title":{"rendered":"Jualian Gil  y sus amigos   San Juan Moda 2014"},"content":{"rendered":"<p align=\"center\"><font size=\"3\"><a href=\"https:\/\/bobvarela.com\/wp-content\/uploads\/2014\/03\/julian-y-sus-amigos-2014-174.jpg\"><img loading=\"lazy\" decoding=\"async\" title=\"\" style=\"border-top: 0px; border-right: 0px; background-image: none; border-bottom: 0px; padding-top: 0px; padding-left: 0px; border-left: 0px; display: inline; padding-right: 0px\" border=\"0\" alt=\"\" src=\"https:\/\/bobvarela.com\/wp-content\/uploads\/2014\/03\/julian-y-sus-amigos-2014-174_thumb.jpg\" width=\"302\" height=\"201\" \/><\/a><a href=\"https:\/\/bobvarela.com\/wp-content\/uploads\/2014\/03\/julian-y-sus-amigos-2014-173.jpg\"><img loading=\"lazy\" decoding=\"async\" title=\"\" style=\"border-top: 0px; border-right: 0px; background-image: none; border-bottom: 0px; padding-top: 0px; padding-left: 0px; border-left: 0px; display: inline; padding-right: 0px\" border=\"0\" alt=\"\" src=\"https:\/\/bobvarela.com\/wp-content\/uploads\/2014\/03\/julian-y-sus-amigos-2014-173_thumb.jpg\" width=\"318\" height=\"198\" \/><\/a><\/font><\/p>\n<p align=\"justify\"><font size=\"3\">El 15 de marzo empez\u00f3 exitosamente la primera noche edici\u00f3n de San Juan Moda oto\u00f1o\/ primavera 2014. En esa noche se celebro una actividad con Juli\u00e1n Gil y un grupo de amigos que empezaron junto con \u00e9l en el mundo de las pasarelas cuando exist\u00eda la agencia AMNEZZI, la casa cuna de los modelos.<\/font><\/p>\n<p align=\"justify\"><font size=\"3\">Las damas modelaron en pizas de la marca desigual y los cabelleros de Hugo Boss. A continuaci\u00f3n las fotos:<\/font><\/p>\n<p><font size=\"4\" face=\"Verdana\">ngg_shortcode_0_placeholder<\/font><\/p>\n<p align=\"justify\"><font size=\"3\"><\/font><\/p>\n<p align=\"justify\"><font size=\"3\">&#160;<\/font><\/p>\n","protected":false},"excerpt":{"rendered":"<p>El 15 de marzo empez\u00f3 exitosamente la primera noche edici\u00f3n de San Juan Moda oto\u00f1o\/ primavera 2014. En esa noche se celebro una actividad con Juli\u00e1n Gil y un grupo de amigos que empezaron junto con \u00e9l en el mundo&hellip;<\/p>\n<p class=\"more-link-p\"><a class=\"more-link\" href=\"https:\/\/bobvarela.com\/?p=49872\">Read more &rarr;<\/a><\/p>\n","protected":false},"author":1,"featured_media":0,"comment_status":"open","ping_status":"open","sticky":false,"template":"","format":"standard","meta":{"ngg_post_thumbnail":0,"footnotes":""},"categories":[4,295],"tags":[],"class_list":["post-49872","post","type-post","status-publish","format-standard","hentry","category-moda","category-puerto-rico"],"_links":{"self":[{"href":"https:\/\/bobvarela.com\/index.php?rest_route=\/wp\/v2\/posts\/49872","targetHints":{"allow":["GET"]}}],"collection":[{"href":"https:\/\/bobvarela.com\/index.php?rest_route=\/wp\/v2\/posts"}],"about":[{"href":"https:\/\/bobvarela.com\/index.php?rest_route=\/wp\/v2\/types\/post"}],"author":[{"embeddable":true,"href":"https:\/\/bobvarela.com\/index.php?rest_route=\/wp\/v2\/users\/1"}],"replies":[{"embeddable":true,"href":"https:\/\/bobvarela.com\/index.php?rest_route=%2Fwp%2Fv2%2Fcomments&post=49872"}],"version-history":[{"count":1,"href":"https:\/\/bobvarela.com\/index.php?rest_route=\/wp\/v2\/posts\/49872\/revisions"}],"predecessor-version":[{"id":49873,"href":"https:\/\/bobvarela.com\/index.php?rest_route=\/wp\/v2\/posts\/49872\/revisions\/49873"}],"wp:attachment":[{"href":"https:\/\/bobvarela.com\/index.php?rest_route=%2Fwp%2Fv2%2Fmedia&parent=49872"}],"wp:term":[{"taxonomy":"category","embeddable":true,"href":"https:\/\/bobvarela.com\/index.php?rest_route=%2Fwp%2Fv2%2Fcategories&post=49872"},{"taxonomy":"post_tag","embeddable":true,"href":"https:\/\/bobvarela.com\/index.php?rest_route=%2Fwp%2Fv2%2Ftags&post=49872"}],"curies":[{"name":"wp","href":"https:\/\/api.w.org\/{rel}","templated":true}]}}