{"id":49981,"date":"2014-03-17T06:17:58","date_gmt":"2014-03-17T10:17:58","guid":{"rendered":"https:\/\/bobvarela.com\/?p=49981"},"modified":"2014-03-17T06:17:58","modified_gmt":"2014-03-17T10:17:58","slug":"juan-colon-cierra-la-primera-noche-de-san-juan-moda-otooinvierno-2014-con-coleccin-nemesis","status":"publish","type":"post","link":"https:\/\/bobvarela.com\/?p=49981","title":{"rendered":"Juan Colon Cierra la primera noche de San Juan Moda Oto&ntilde;o\/Invierno 2014 con colecci&oacute;n NEMESIS"},"content":{"rendered":"<p align=\"justify\"><font size=\"3\">Por segundo a\u00f1o el dise\u00f1ador Juan Col\u00f3n, egresado de la segunda temporada del reality Project Runway Latin America, presento su propuesta conocida como TINY WORLD como cierre de primer noche de&#160; los desfiles de San Juan Moda celebrado el 16 de marzo en el Hotel San Juan Y Casino en Isla Verde.&#160;&#160; Este concepto es una nueva propuesta comercial de modas que presenta piezas exclusivas de dise\u00f1ador a precios accesibles enfoc\u00e1ndose en la persona real y de estatura promedio. La peculiaridad de esta pasarela es que los modelos son entre 5\u20192\u201d y 5\u20198\u201d de estatura natural, diferente a lo que estamos acostumbrados a ver en pasarelas tradicionales.<\/font><\/p>\n<p align=\"justify\"><font size=\"3\">En esta ocasi\u00f3n el dise\u00f1ador Juan Col\u00f3n nombra su colecci\u00f3n NEMESIS, influenciado por el significado de esta deidad en diferentes culturas, pero con un denominador com\u00fan: equilibrio entre justicia y venganza. Estos conceptos ser\u00e1n plasmados en cada pieza, mostrando fuerza, pero delicadeza en cada una. <\/font><\/p>\n<p align=\"justify\"><font size=\"3\">Las tendencias presentado para damas y caballeros tuvieron&#160; el fin de ser multifuncionales e intercambiables para que tengan una utilidad m\u00e1s efectiva en el guardarropa. Predominaran los encajes, plumas y textiles con gr\u00e1ficas en chifones, charmouse y spandex. Una gama de colores que incluye el azul marino, blanco, negro y dorados dio vida a estas piezas. La colecci\u00f3n fue complementada por accesorios de la dise\u00f1adora Ivelisse Nieves y su colecci\u00f3n Sara Kal\u00ed.<\/font><\/p>\n<p align=\"justify\"><font size=\"4\" face=\"Verdana\">ngg_shortcode_0_placeholder<\/font><\/p>\n","protected":false},"excerpt":{"rendered":"<p>Por segundo a\u00f1o el dise\u00f1ador Juan Col\u00f3n, egresado de la segunda temporada del reality Project Runway Latin America, presento su propuesta conocida como TINY WORLD como cierre de primer noche de&#160; los desfiles de San Juan Moda celebrado el 16&hellip;<\/p>\n<p class=\"more-link-p\"><a class=\"more-link\" href=\"https:\/\/bobvarela.com\/?p=49981\">Read more &rarr;<\/a><\/p>\n","protected":false},"author":1,"featured_media":0,"comment_status":"open","ping_status":"open","sticky":false,"template":"","format":"standard","meta":{"ngg_post_thumbnail":0,"footnotes":""},"categories":[4,295],"tags":[],"class_list":["post-49981","post","type-post","status-publish","format-standard","hentry","category-moda","category-puerto-rico"],"_links":{"self":[{"href":"https:\/\/bobvarela.com\/index.php?rest_route=\/wp\/v2\/posts\/49981","targetHints":{"allow":["GET"]}}],"collection":[{"href":"https:\/\/bobvarela.com\/index.php?rest_route=\/wp\/v2\/posts"}],"about":[{"href":"https:\/\/bobvarela.com\/index.php?rest_route=\/wp\/v2\/types\/post"}],"author":[{"embeddable":true,"href":"https:\/\/bobvarela.com\/index.php?rest_route=\/wp\/v2\/users\/1"}],"replies":[{"embeddable":true,"href":"https:\/\/bobvarela.com\/index.php?rest_route=%2Fwp%2Fv2%2Fcomments&post=49981"}],"version-history":[{"count":1,"href":"https:\/\/bobvarela.com\/index.php?rest_route=\/wp\/v2\/posts\/49981\/revisions"}],"predecessor-version":[{"id":49982,"href":"https:\/\/bobvarela.com\/index.php?rest_route=\/wp\/v2\/posts\/49981\/revisions\/49982"}],"wp:attachment":[{"href":"https:\/\/bobvarela.com\/index.php?rest_route=%2Fwp%2Fv2%2Fmedia&parent=49981"}],"wp:term":[{"taxonomy":"category","embeddable":true,"href":"https:\/\/bobvarela.com\/index.php?rest_route=%2Fwp%2Fv2%2Fcategories&post=49981"},{"taxonomy":"post_tag","embeddable":true,"href":"https:\/\/bobvarela.com\/index.php?rest_route=%2Fwp%2Fv2%2Ftags&post=49981"}],"curies":[{"name":"wp","href":"https:\/\/api.w.org\/{rel}","templated":true}]}}