{"id":5025,"date":"2010-12-11T09:38:00","date_gmt":"2010-12-11T13:38:00","guid":{"rendered":"https:\/\/bobvarela.com\/?p=5025"},"modified":"2010-12-11T09:39:55","modified_gmt":"2010-12-11T13:39:55","slug":"la-marca-este-lauder-nombra-a-la-modelo-joan-smalls-como-su-nueva-cara-promocional-a-nivel-mundial","status":"publish","type":"post","link":"https:\/\/bobvarela.com\/?p=5025","title":{"rendered":"La marca Est&eacute;e Lauder nombra a la modelo Joan Smalls como su nueva cara promocional a nivel mundial"},"content":{"rendered":"<table border=\"0\" cellspacing=\"0\" cellpadding=\"2\" width=\"649\">\n<tbody>\n<tr>\n<td valign=\"top\" width=\"206\"><img loading=\"lazy\" decoding=\"async\" src=\"https:\/\/mms.businesswire.com\/bwapps\/mediaserver\/ViewMedia?mgid=254915&amp;vid=4&amp;download=1\" width=\"249\" height=\"333\" \/><\/td>\n<td valign=\"top\" width=\"441\">\n<p align=\"justify\"><img loading=\"lazy\" decoding=\"async\" src=\"https:\/\/mms.businesswire.com\/bwapps\/mediaserver\/ViewMedia?mgid=235900&amp;vid=4&amp;download=1\" width=\"329\" height=\"35\" \/>              <\/p>\n<p>NUEVA YORK&#8211;(<a href=\"https:\/\/www.businesswire.com\/\">BUSINESS WIRE<\/a>)&#8211;La marca <a href=\"https:\/\/cts.businesswire.com\/ct\/CT?id=smartlink&amp;url=http%3A%2F%2Fwww.facebook.com%2FEsteeLauder&amp;esheet=6540620&amp;lan=es-AR&amp;anchor=Est%C3%A9e+Lauder&amp;index=1&amp;md5=c4a92e37906f62094814039798c6884e\">Est\u00e9e Lauder<\/a> anunci\u00f3 hoy que ha firmado con una de las nuevas promesas de las editoriales y pasarelas del mundo de la moda como la nueva cara de Est\u00e9e Lauder para cosm\u00e9ticos y productos para el cuidado de la piel. La modelo Joan Smalls, oriunda de Puerto Rico, integrar\u00e1 la lista de bellezas internacionales de Est\u00e9e Lauder junto con Hilary Rhoda, Carolyn Murphy, Elizabeth Hurley, Constance Jablonski y Liu Wen, y debutar\u00e1 en sus campa\u00f1as promocionales mundiales que comienzan en mayo de 2011.               <\/p>\n<p align=\"justify\">\u201cEs el verdadero reflejo de la visi\u00f3n moderna de Est\u00e9e Lauder sobre la belleza global\u201d<\/p>\n<\/td>\n<\/tr>\n<\/tbody>\n<\/table>\n<p align=\"justify\">Joan es la tercera modelo nueva que firma con Est\u00e9e Lauder este a\u00f1o, luego de la firma de Constance Jablonski y Liu Wen en abril. Joan es la primera modelo de Est\u00e9e Lauder proveniente de Puerto Rico. Las modelos que han firmado con Est\u00e9e Lauder a lo largo del tiempo han sido procedentes de Estados Unidos (Karen Graham, Willow Bay, Carolyn Murphy, Gwyneth Paltrow, Hilary Rhoda), Reino Unido (Elizabeth Hurley), Rep\u00fablica Checa (Paulina Porizkova), Polonia (Anja Rubik), Etiop\u00eda (Liya Kebede), Francia (Constance Jablonski) y China (Liu Wen). <\/p>\n<p align=\"justify\">\u201cLa sonrisa, calidez y energ\u00eda positiva de Joan son perfectas para la marca Est\u00e9e Lauder\u201d, dijo Aerin Lauder, Vicepresidenta Senior y Directora Creativa de Est\u00e9e Lauder. \u201cEs una gran adici\u00f3n a nuestras caras internacionales\u201d. <\/p>\n<p align=\"justify\">\u201cEstamos encantados de presentar a Joan a las mujeres de todo el mundo\u201d, se\u00f1al\u00f3 Jane Hertzmark Hudis, Presidenta de Marca Global de Est\u00e9e Lauder. \u201cEs el verdadero reflejo de la visi\u00f3n moderna de Est\u00e9e Lauder sobre la belleza global\u201d. <\/p>\n<p align=\"justify\">Joan hizo su debut en el mundo de la alta costura en enero de 2010 cuando fue presentada como la modelo exclusiva del show Givenchy F\/W 2010 Couture Show de Ricardo Tisci en Par\u00eds. Desde entonces, logr\u00f3 ubicarse r\u00e1pidamente entre las modelos m\u00e1s importantes al aparecer en las pasarelas de Nueva York, Par\u00eds y Mil\u00e1n para dise\u00f1adores como Marc Jacobs, Prada, Gucci, Jil Sander, Derek Lam, Givenchy y Louis Vuitton. <\/p>\n<p align=\"justify\">Joan tambi\u00e9n se ha convertido en una de las favoritas de los principales fot\u00f3grafos de la moda como Mario Testino, Steven Meisel, Patrick Demarchelier, Mikael Jansson, David Sims y Craig McDean. Ha aparecido en editoriales de las ediciones estadounidense, francesa, alemana e italiana de <i>Vogue <\/i>, as\u00ed como en <i>Interview <\/i>y la Revista <i>I.D.<\/i><\/p>\n<p align=\"justify\">La marca Est\u00e9e Lauder es la marca mundialmente conocida de The Est\u00e9e Lauder Companies Inc., uno de los fabricantes y comercializadores l\u00edderes mundiales de productos para el cuidado de la piel, maquillaje, perfumes y productos para el cuidado del cabello. Los productos de la compa\u00f1\u00eda se venden en m\u00e1s de 150 pa\u00edses y territorios bajo las siguientes marcas: Est\u00e9e Lauder, Aramis, Clinique, Prescriptives, Lab Series, Origins, M-A-C, Bobbi Brown, Tommy Hilfiger, Kiton, La Mer, Donna Karan, Aveda, Jo Malone, Bumble and bumble<i>, <\/i>Darphin, Michael Kors, American Beauty, Flirt!, GoodSkin Labs, Grassroots Research Labs, Sean John, Missoni, Daisy Fuentes, Tom Ford, Coach, Ojon y Smashbox. <\/p>\n","protected":false},"excerpt":{"rendered":"<p>NUEVA YORK&#8211;(BUSINESS WIRE)&#8211;La marca Est\u00e9e Lauder anunci\u00f3 hoy que ha firmado con una de las nuevas promesas de las editoriales y pasarelas del mundo de la moda como la nueva cara de Est\u00e9e Lauder para cosm\u00e9ticos y productos para el&hellip;<\/p>\n<p class=\"more-link-p\"><a class=\"more-link\" href=\"https:\/\/bobvarela.com\/?p=5025\">Read more &rarr;<\/a><\/p>\n","protected":false},"author":1,"featured_media":0,"comment_status":"open","ping_status":"open","sticky":false,"template":"","format":"standard","meta":{"ngg_post_thumbnail":0,"footnotes":""},"categories":[3,4],"tags":[251,252],"class_list":["post-5025","post","type-post","status-publish","format-standard","hentry","category-actividades","category-moda","tag-estee-lauder","tag-joan-smalls"],"_links":{"self":[{"href":"https:\/\/bobvarela.com\/index.php?rest_route=\/wp\/v2\/posts\/5025","targetHints":{"allow":["GET"]}}],"collection":[{"href":"https:\/\/bobvarela.com\/index.php?rest_route=\/wp\/v2\/posts"}],"about":[{"href":"https:\/\/bobvarela.com\/index.php?rest_route=\/wp\/v2\/types\/post"}],"author":[{"embeddable":true,"href":"https:\/\/bobvarela.com\/index.php?rest_route=\/wp\/v2\/users\/1"}],"replies":[{"embeddable":true,"href":"https:\/\/bobvarela.com\/index.php?rest_route=%2Fwp%2Fv2%2Fcomments&post=5025"}],"version-history":[{"count":1,"href":"https:\/\/bobvarela.com\/index.php?rest_route=\/wp\/v2\/posts\/5025\/revisions"}],"predecessor-version":[{"id":5026,"href":"https:\/\/bobvarela.com\/index.php?rest_route=\/wp\/v2\/posts\/5025\/revisions\/5026"}],"wp:attachment":[{"href":"https:\/\/bobvarela.com\/index.php?rest_route=%2Fwp%2Fv2%2Fmedia&parent=5025"}],"wp:term":[{"taxonomy":"category","embeddable":true,"href":"https:\/\/bobvarela.com\/index.php?rest_route=%2Fwp%2Fv2%2Fcategories&post=5025"},{"taxonomy":"post_tag","embeddable":true,"href":"https:\/\/bobvarela.com\/index.php?rest_route=%2Fwp%2Fv2%2Ftags&post=5025"}],"curies":[{"name":"wp","href":"https:\/\/api.w.org\/{rel}","templated":true}]}}