{"id":50284,"date":"2014-03-19T06:30:50","date_gmt":"2014-03-19T10:30:50","guid":{"rendered":"https:\/\/bobvarela.com\/?p=50284"},"modified":"2014-03-19T06:30:51","modified_gmt":"2014-03-19T10:30:51","slug":"lisa-cappalli-presenta-vive-la-fete-holiday-2014","status":"publish","type":"post","link":"https:\/\/bobvarela.com\/?p=50284","title":{"rendered":"Lisa Cappalli Presenta &ldquo;VIVE LA FETE&rdquo; Holiday 2014"},"content":{"rendered":"<p align=\"justify\"><font size=\"3\">El 18 de marzo en el San Juan Resort &amp; Casino junto a la gran plataforma de San Juan Moda presento la&#160; dise\u00f1adora Lisa Cappalli su nueva colecci\u00f3n \u201cVIVE LA FETE\u201d Holiday 2014.<\/font><\/p>\n<p align=\"justify\"><font size=\"3\">\u201cPara esta colecci\u00f3n quiero celebrar a la mujer. Celebrar nuestra sensualidad y nuestra coqueter\u00eda. Esta temporada se trata todo sobre la seducci\u00f3n.\u201d comenta Cappalli. La dise\u00f1adora deleitar\u00e1 al p\u00fablico lanzando a la pasarela una nueva propuesta. Su est\u00e9tica siempre femenina y sensual tomar\u00e1 un giro divertido y coqueto. Siempre inspirada en el cuerpo de la mujer pero en esta ocasi\u00f3n nos transportar\u00e1 a los grandes cabarets de burlesque a la Cappalli.<\/font><\/p>\n<p align=\"justify\"><font size=\"3\">El pelo y maquillaje estar\u00e1 a cargo del distinguido sal\u00f3n de belleza Mike n\u2019 Alis quienes complementar\u00e1n con su gran talento la colecci\u00f3n de Cappalli.<\/font> <\/p>\n<p align=\"justify\"><font size=\"4\" face=\"Verdana\">ngg_shortcode_0_placeholder<\/font><\/p>\n","protected":false},"excerpt":{"rendered":"<p>El 18 de marzo en el San Juan Resort &amp; Casino junto a la gran plataforma de San Juan Moda presento la&#160; dise\u00f1adora Lisa Cappalli su nueva colecci\u00f3n \u201cVIVE LA FETE\u201d Holiday 2014. \u201cPara esta colecci\u00f3n quiero celebrar a la&hellip;<\/p>\n<p class=\"more-link-p\"><a class=\"more-link\" href=\"https:\/\/bobvarela.com\/?p=50284\">Read more &rarr;<\/a><\/p>\n","protected":false},"author":1,"featured_media":0,"comment_status":"open","ping_status":"open","sticky":false,"template":"","format":"standard","meta":{"ngg_post_thumbnail":0,"footnotes":""},"categories":[4,295],"tags":[],"class_list":["post-50284","post","type-post","status-publish","format-standard","hentry","category-moda","category-puerto-rico"],"_links":{"self":[{"href":"https:\/\/bobvarela.com\/index.php?rest_route=\/wp\/v2\/posts\/50284","targetHints":{"allow":["GET"]}}],"collection":[{"href":"https:\/\/bobvarela.com\/index.php?rest_route=\/wp\/v2\/posts"}],"about":[{"href":"https:\/\/bobvarela.com\/index.php?rest_route=\/wp\/v2\/types\/post"}],"author":[{"embeddable":true,"href":"https:\/\/bobvarela.com\/index.php?rest_route=\/wp\/v2\/users\/1"}],"replies":[{"embeddable":true,"href":"https:\/\/bobvarela.com\/index.php?rest_route=%2Fwp%2Fv2%2Fcomments&post=50284"}],"version-history":[{"count":1,"href":"https:\/\/bobvarela.com\/index.php?rest_route=\/wp\/v2\/posts\/50284\/revisions"}],"predecessor-version":[{"id":50285,"href":"https:\/\/bobvarela.com\/index.php?rest_route=\/wp\/v2\/posts\/50284\/revisions\/50285"}],"wp:attachment":[{"href":"https:\/\/bobvarela.com\/index.php?rest_route=%2Fwp%2Fv2%2Fmedia&parent=50284"}],"wp:term":[{"taxonomy":"category","embeddable":true,"href":"https:\/\/bobvarela.com\/index.php?rest_route=%2Fwp%2Fv2%2Fcategories&post=50284"},{"taxonomy":"post_tag","embeddable":true,"href":"https:\/\/bobvarela.com\/index.php?rest_route=%2Fwp%2Fv2%2Ftags&post=50284"}],"curies":[{"name":"wp","href":"https:\/\/api.w.org\/{rel}","templated":true}]}}