{"id":50587,"date":"2014-03-20T07:43:56","date_gmt":"2014-03-20T11:43:56","guid":{"rendered":"https:\/\/bobvarela.com\/?p=50587"},"modified":"2014-03-20T07:43:57","modified_gmt":"2014-03-20T11:43:57","slug":"miriam-budet-otooinvierno-2014-en-el-san-juan-moda","status":"publish","type":"post","link":"https:\/\/bobvarela.com\/?p=50587","title":{"rendered":"Miriam Budet oto&ntilde;o\/invierno 2014 en el San Juan Moda"},"content":{"rendered":"<p align=\"justify\"><font size=\"3\">La mujer como fuerza del hogar en tiempos de guerra fue la inspiraci\u00f3n de la dise\u00f1adora Miriam Budet para su colecci\u00f3n de oto\u00f1o-invierno, \u2018Salvation\u2019, presentado el&#160; 19 de marzo en San Juan Moda,&#160; Pero m\u00e1s all\u00e1 de piezas de ropa, aprovecha para transmitir sus creencias.<\/font><\/p>\n<p align=\"justify\"><font size=\"3\">Como elemento clave para comunicar su mensaje, dise\u00f1\u00f3 junto a su esposo David Mercado su versi\u00f3n de la Cruz de Malta de ocho puntas.<\/font><\/p>\n<p align=\"justify\"><font size=\"3\">\u201cSignifica vivir con fe, misericordia, creer la verdad, ser humilde y justo. La moda es mi foro para presentar lo que creo, tengo mucha fe. La cruz representa buenos valores, ser una mujer segura, luchadora y entender aun cuando ahora est\u00e1n pasando cosas dif\u00edciles como en Siria y la econ\u00f3mica, que todav\u00eda hay que tener fe para luchar. Los a\u00f1os 40 y su guerra tienen algo parecido a lo que estamos viviendo ahora\u201d, manifest\u00f3 Budet.<\/font><\/p>\n<p align=\"justify\"><font size=\"3\">Es precisamente en la mujer que vivi\u00f3 en la d\u00e9cada del 40 y tom\u00f3 las riendas del hogar y el trabajo porque el hombre se fue combatir, en que se inspira para hacer de esta colecci\u00f3n dirigida a la f\u00e9mina segura de si misma.<\/font><\/p>\n<p align=\"justify\"><font size=\"3\">\u201cEs una mujer muy arriesgada en la creencia de la fe, en que el mundo puede cambiar, en que hay soluciones. La colecci\u00f3n tiene influencias de estructura militar, pero no con estrellas, sino en colores como el verde oscuro. Es ropa con fuerza porque son piezas estructuradas porque en los a\u00f1os 40 los hombros eran bien importantes, as\u00ed que ver\u00e1n los cortes en la parte de arriba, entalle siempre en la cintura y con fluidez abajo. Hay muchas piezas con la figura del reloj de arena, todo sin quitarle perspectiva del trabajo ready to wear que siempre hago, es ropa f\u00e1cil de llevar\u201d, explic\u00f3.<\/font><\/p>\n<p align=\"justify\"><font size=\"3\">Esta nueva propuesta es para todo tipo de mujer, es arriesgada en t\u00e9rminos de colores, muchos cortes y detalles, pero asegur\u00f3 no deja de ser minimalista. Entre esos detalles resaltan sus trabajos de piel en colores, tanto en correas y brazaletes, como en partes relevantes de la ropa, enti\u00e9ndase el cuello.<\/font><\/p>\n<p align=\"justify\"><font size=\"3\">\u201cHay mucha combinaci\u00f3n en cuanto a textiles, con seda y piel, y ah\u00ed es que me refiero a la fuerza. Es una combinaci\u00f3n de algo sutil con algo industrial, pueden ver un pantal\u00f3n de seda con el costado de z\u00edper gruesos y ah\u00ed entra lo militar, que se ve en los detalles industriales\u201d, a\u00f1adi\u00f3.<\/font><\/p>\n<p align=\"justify\"><font size=\"3\">La mayoria de los&#160; cambios, consistia mayormente de pantal\u00f3n y piezas para coctel, as\u00ed como trajes maxi. Predomino el verde oscuro, azul marino bien oscuro, rojo sangre y bond white en la piel, en lugar del tradicional negro. Todos los accesorios de piel, enti\u00e9ndase carteras, brazaletes y correas son trabajadas por ella con detalles de metal vintage, mientras los collares y pantallas fueron de Bellamoda, en Guaynabo, donde vende su moda. Tambi\u00e9n en la pasarela e inspirados en su colecci\u00f3n, Marilyn Garc\u00eda, de Cuccio Colors, presento tendencia en u\u00f1as; Sephora se encargo del maquillaje y Miranda Beauty del cabello de las modelos. El calzado fue de Novus.<\/font><\/p>\n<p align=\"justify\"><font size=\"3\" face=\"Verdana\">ngg_shortcode_0_placeholder<\/font><\/p>\n","protected":false},"excerpt":{"rendered":"<p>La mujer como fuerza del hogar en tiempos de guerra fue la inspiraci\u00f3n de la dise\u00f1adora Miriam Budet para su colecci\u00f3n de oto\u00f1o-invierno, \u2018Salvation\u2019, presentado el&#160; 19 de marzo en San Juan Moda,&#160; Pero m\u00e1s all\u00e1 de piezas de ropa,&hellip;<\/p>\n<p class=\"more-link-p\"><a class=\"more-link\" href=\"https:\/\/bobvarela.com\/?p=50587\">Read more &rarr;<\/a><\/p>\n","protected":false},"author":1,"featured_media":0,"comment_status":"open","ping_status":"open","sticky":false,"template":"","format":"standard","meta":{"ngg_post_thumbnail":0,"footnotes":""},"categories":[4,295],"tags":[],"class_list":["post-50587","post","type-post","status-publish","format-standard","hentry","category-moda","category-puerto-rico"],"_links":{"self":[{"href":"https:\/\/bobvarela.com\/index.php?rest_route=\/wp\/v2\/posts\/50587","targetHints":{"allow":["GET"]}}],"collection":[{"href":"https:\/\/bobvarela.com\/index.php?rest_route=\/wp\/v2\/posts"}],"about":[{"href":"https:\/\/bobvarela.com\/index.php?rest_route=\/wp\/v2\/types\/post"}],"author":[{"embeddable":true,"href":"https:\/\/bobvarela.com\/index.php?rest_route=\/wp\/v2\/users\/1"}],"replies":[{"embeddable":true,"href":"https:\/\/bobvarela.com\/index.php?rest_route=%2Fwp%2Fv2%2Fcomments&post=50587"}],"version-history":[{"count":1,"href":"https:\/\/bobvarela.com\/index.php?rest_route=\/wp\/v2\/posts\/50587\/revisions"}],"predecessor-version":[{"id":50588,"href":"https:\/\/bobvarela.com\/index.php?rest_route=\/wp\/v2\/posts\/50587\/revisions\/50588"}],"wp:attachment":[{"href":"https:\/\/bobvarela.com\/index.php?rest_route=%2Fwp%2Fv2%2Fmedia&parent=50587"}],"wp:term":[{"taxonomy":"category","embeddable":true,"href":"https:\/\/bobvarela.com\/index.php?rest_route=%2Fwp%2Fv2%2Fcategories&post=50587"},{"taxonomy":"post_tag","embeddable":true,"href":"https:\/\/bobvarela.com\/index.php?rest_route=%2Fwp%2Fv2%2Ftags&post=50587"}],"curies":[{"name":"wp","href":"https:\/\/api.w.org\/{rel}","templated":true}]}}